{"id":290,"date":"2021-12-09T15:18:44","date_gmt":"2021-12-09T14:18:44","guid":{"rendered":"https:\/\/instalaciondetarimas.com\/tarima-maciza-barnizada\/?p=290"},"modified":"2024-01-14T22:08:21","modified_gmt":"2024-01-14T21:08:21","slug":"suelo-de-madera-oscuro-barnizado-con-8-capas-de-barniz-para-uso-en-interior","status":"publish","type":"post","link":"https:\/\/instalaciondetarimas.com\/tarima-maciza-barnizada\/2021\/12\/09\/suelo-de-madera-oscuro-barnizado-con-8-capas-de-barniz-para-uso-en-interior\/","title":{"rendered":"Suelo de madera oscuro barnizado con 8 capas de barniz para uso en interior"},"content":{"rendered":"<h1>Suelo de madera oscuro barnizado con 8 capas de barniz para uso en interior.<\/h1>\n<p><span style=\"font-size: medium; font-family: arial,helvetica,sans-serif;\">Un suelo oscuro proporciona nobleza y elegancia. Pero adem\u00e1s permite m\u00e1s concentraci\u00f3n. Si buscamos luminosidad la clave no es el suelo, si no que son las paredes con colores claros que reflejen la luz que entra de modo horizontal por las ventanas (mejor si son grandes, ya no digamos poner <a href=\"https:\/\/nextarquitectura.com\/la-importancia-de-la-luz-cenital-en-arquitectura\/\" target=\"_blank\" rel=\"nofollow noopener sponsored\">ventanas cenitales<\/a>. Poner espejos estrat\u00e9gicamente y poner muebles bajos que no cubran las paredes. Pero un suelo oscuro no oscurece una estancia, le da elegancia.<\/span><\/p>\n<div id=\"attachment_324\" style=\"width: 306px\" class=\"wp-caption aligncenter\"><a href=\"https:\/\/instalaciondetarimas.com\/tarima-maciza-barnizada\/wp-content\/uploads\/sites\/12\/2021\/12\/ipe-interior-1.jpg\"><img loading=\"lazy\" decoding=\"async\" aria-describedby=\"caption-attachment-324\" class=\"size-full wp-image-324\" src=\"https:\/\/instalaciondetarimas.com\/tarima-maciza-barnizada\/wp-content\/uploads\/sites\/12\/2021\/12\/ipe-interior-1.jpg\" alt=\"Suelo de madera oscuro barnizado de madera de ip\u00e9\" width=\"296\" height=\"296\" srcset=\"https:\/\/instalaciondetarimas.com\/tarima-maciza-barnizada\/wp-content\/uploads\/sites\/12\/2021\/12\/ipe-interior-1.jpg 296w, https:\/\/instalaciondetarimas.com\/tarima-maciza-barnizada\/wp-content\/uploads\/sites\/12\/2021\/12\/ipe-interior-1-150x150.jpg 150w, https:\/\/instalaciondetarimas.com\/tarima-maciza-barnizada\/wp-content\/uploads\/sites\/12\/2021\/12\/ipe-interior-1-80x80.jpg 80w, https:\/\/instalaciondetarimas.com\/tarima-maciza-barnizada\/wp-content\/uploads\/sites\/12\/2021\/12\/ipe-interior-1-266x266.jpg 266w, https:\/\/instalaciondetarimas.com\/tarima-maciza-barnizada\/wp-content\/uploads\/sites\/12\/2021\/12\/ipe-interior-1-184x184.jpg 184w\" sizes=\"auto, (max-width: 296px) 100vw, 296px\" \/><\/a><p id=\"caption-attachment-324\" class=\"wp-caption-text\">Suelo de madera oscuro barnizado de madera de ip\u00e9<\/p><\/div>\n<p><span style=\"font-size: medium; font-family: arial,helvetica,sans-serif;\">As\u00ed que un suelo de madera oscuro barnizado es una gran opci\u00f3n en viviendas modernas. La<span style=\"color: #000080;\"> <a style=\"color: #000080;\" href=\"https:\/\/instalaciondetarimas.com\/categoria-producto\/tarima-maciza-de-interior\/ipe-del-brasil\/\" target=\"_blank\" rel=\"noopener sponsored\">madera de ip\u00e9<\/a> <\/span>puede ser una buena opci\u00f3n, esta tarima tropical est\u00e1 dentro de las <span style=\"color: #000080;\"><a style=\"color: #000080;\" href=\"https:\/\/instalaciondetarimas.com\/blog\/2021\/12\/08\/clasificacion-de-tarimas-resistentes-al-ataque-de-las-termitas-capitulo-1-a\/\" target=\"_blank\" rel=\"noopener sponsored\">tarimas resistentes a las termitas<\/a><\/span>, resistente a la <span style=\"color: #000080;\"><a style=\"color: #000080;\" href=\"https:\/\/instalaciondetarimas.com\/blog\/2015\/10\/03\/tarima-de-exterior-resistente-a-los-lictidos-o-la-polilla-de-la-madera\/\" target=\"_blank\" rel=\"noopener sponsored\">polilla<\/a> <\/span>(l\u00edtidos), tambi\u00e9n a la <a href=\"https:\/\/instalaciondetarimas.com\/blog\/2014\/08\/13\/instalacion-de-tarimas-resistentes-a-la-carcoma\/\" target=\"_blank\" rel=\"noopener sponsored\">carcoma<\/a>. En definitiva perfecta para un uso en<span style=\"color: #000080;\"> <a style=\"color: #000080;\" href=\"https:\/\/instalaciondetarimas.com\/madera-maciza-interior\/2015\/11\/25\/la-mejor-tarima-maciza-para-casas-de-campo\/\" target=\"_blank\" rel=\"noopener sponsored\">casas de campo<\/a><\/span>. En este rango de resistencia tambi\u00e9n tienes el <span style=\"color: #000080;\"><a style=\"color: #000080;\" href=\"https:\/\/instalaciondetarimas.com\/madera-maciza-interior\/2015\/12\/04\/oferta-de-cumaru-rojo\/\" target=\"_blank\" rel=\"noopener sponsored\">cumar\u00fa<\/a><\/span>, la<span style=\"color: #000080;\"><a style=\"color: #000080;\" href=\"https:\/\/instalaciondetarimas.com\/blog\/2015\/06\/18\/oferta-de-instalacion-de-tarima-de-jatoba-para-interior-para-encolar\/\" target=\"_blank\" rel=\"noopener sponsored\"> jatoba<\/a><\/span>, el <span style=\"color: #000080;\"><a style=\"color: #000080;\" href=\"https:\/\/instalaciondetarimas.com\/producto\/tarima-maciza-de-elondo-multicolor-resto-de-stock\/\" target=\"_blank\" rel=\"noopener sponsored\">elondo<\/a><\/span> y otras m\u00e1s.<\/span><\/p>\n<p><span style=\"font-size: medium; font-family: arial,helvetica,sans-serif;\">Si no buscas un\u00a0suelo de madera oscuro barnizado otra opci\u00f3n igual de resistente puede ser la <span style=\"color: #000080;\"><a style=\"color: #000080;\" href=\"https:\/\/instalaciondetarimas.com\/madera-maciza-interior\/2015\/12\/06\/oferta-de-tarima-maciza-de-grapia-o-teca-dorada\/\" target=\"_blank\" rel=\"noopener sponsored\">grapia<\/a><\/span>, una madera de color claro <span style=\"color: #000080;\"><a style=\"color: #000080;\" href=\"http:\/\/maximoribas.es\/psicologiadelcolor\/2014\/12\/03\/historia-y-connotaciones-del-color-naranja\/\" target=\"_blank\" rel=\"noopener sponsored\">anaranjado<\/a><\/span>. Adem\u00e1s\u00a0 como madera de color claro y tarima resistente tendr\u00edas el <span style=\"color: #000080;\"><a style=\"color: #000080;\" href=\"https:\/\/instalaciondetarimas.com\/madera-maciza-interior\/2015\/10\/29\/oferta-de-tarima-de-doussie-de-madera-maciza-de-interior\/\" target=\"_blank\" rel=\"noopener sponsored\">doussie<\/a><\/span>, el <span style=\"color: #000080;\"><a style=\"color: #000080;\" href=\"https:\/\/instalaciondetarimas.com\/madera-maciza-interior\/2017\/03\/09\/el-color-del-roble-y-el-iroko\/\" target=\"_blank\" rel=\"noopener sponsored\">iroko<\/a><\/span> y alguna m\u00e1s.<\/span><\/p>\n<h2>Que ventajas tiene un suelo de madera oscuro barnizado con 8 capas de barniz.<\/h2>\n<p><span style=\"font-size: medium; font-family: arial,helvetica,sans-serif;\">Que sea oscuro es una cuesti\u00f3n de est\u00e9tica, naturalmente, pero que tenga 8 capas de barniz es una ventaja indudable. Primero, que el barnizado de f\u00e1brica es absolutamente perfecto, puesto que se realiza en un ambiente cerrado, si polvo, sin insectos, si nada que definitivamente lo estropee. Pero adem\u00e1s la dosificaci\u00f3n del barniz lo hace una m\u00e1quina de un modo dosificado para lograr un efecto de resistencia superior. Para colmo 8 capas es mejor que las 2 \u00f3 3 capas que se aplican de modo manual. Puedes seaber muchas m\u00e1s ventajas de la tarima barnizada en este enlace:<a href=\"https:\/\/instalaciondetarimas.com\/tarima-maciza-barnizada\/2017\/06\/21\/las-ventajas-del-barnizado-de-fabrica-en-la-tarima-maciza\/\" target=\"_blank\" rel=\"noopener sponsored\"> ventajas del barnizado de f\u00e1brica en la tarima maciza<\/a>.<\/span><\/p>\n<div id=\"attachment_293\" style=\"width: 410px\" class=\"wp-caption aligncenter\"><a href=\"https:\/\/instalaciondetarimas.com\/tarima-maciza-barnizada\/wp-content\/uploads\/sites\/12\/2021\/12\/cumaro-web2-copy-400x220.jpg\"><img loading=\"lazy\" decoding=\"async\" aria-describedby=\"caption-attachment-293\" class=\"size-full wp-image-293\" src=\"https:\/\/instalaciondetarimas.com\/tarima-maciza-barnizada\/wp-content\/uploads\/sites\/12\/2021\/12\/cumaro-web2-copy-400x220.jpg\" alt=\"suelo de madera oscuro barnizado de madera de cumaru\" width=\"400\" height=\"220\" srcset=\"https:\/\/instalaciondetarimas.com\/tarima-maciza-barnizada\/wp-content\/uploads\/sites\/12\/2021\/12\/cumaro-web2-copy-400x220.jpg 400w, https:\/\/instalaciondetarimas.com\/tarima-maciza-barnizada\/wp-content\/uploads\/sites\/12\/2021\/12\/cumaro-web2-copy-400x220-300x165.jpg 300w\" sizes=\"auto, (max-width: 400px) 100vw, 400px\" \/><\/a><p id=\"caption-attachment-293\" class=\"wp-caption-text\">Suelo de madera oscuro barnizado de madera de cumaru<\/p><\/div>\n<h3><span style=\"font-size: medium; font-family: arial,helvetica,sans-serif;\">M\u00e1s consejos sobre el mantenimiento y la instalaci\u00f3n de la tarima<br \/>\n<\/span><\/h3>\n<ul>\n<li><span style=\"font-size: medium; font-family: arial,helvetica,sans-serif; color: #333399;\"><a style=\"color: #333399;\" href=\"https:\/\/instalaciondetarimas.com\/blog\/2015\/10\/23\/comparativa-entre-elondo-e-ipe-tarima-de-africa-versus-tarima-de-brasil\/\" target=\"_blank\" rel=\"noopener noreferrer\">Comparativa ip\u00e9 vs elondo<\/a>.<\/span><\/li>\n<li><span style=\"font-size: medium; font-family: arial,helvetica,sans-serif; color: #333399;\"><a style=\"color: #333399;\" href=\"https:\/\/instalaciondetarimas.com\/blog\/2017\/04\/21\/la-clasificacion-de-la-madera-por-su-densidad\/\" target=\"_blank\" rel=\"noopener noreferrer\">No ponga una madera con mucha densidad sobre otra con poca<\/a><br \/>\n<\/span><\/li>\n<li><span style=\"font-size: medium; color: #333399;\"><a style=\"color: #333399;\" href=\"https:\/\/instalaciondetarimas.com\/blog\/2015\/11\/12\/consejos-de-aplicacion-de-lasur-o-aceite-para-tarima-de-exterior\/\" target=\"_blank\" rel=\"noopener noreferrer\"><span style=\"font-family: arial,helvetica,sans-serif;\">El mantenimiento de la tarima exterior <\/span><\/a><\/span><\/li>\n<li><span style=\"font-size: medium; color: #333399;\"><a style=\"color: #333399;\" href=\"https:\/\/instalaciondetarimas.com\/tarima-exterior\/2017\/05\/18\/lijar-la-tarima-exterior\/\" target=\"_blank\" rel=\"noopener noreferrer\"><span style=\"font-family: arial,helvetica,sans-serif;\">Si ha cometido el error de aplicar un lasur y tiene que lijar la tarima \u00bfc\u00f3mo hacerlo bien?<\/span><\/a><\/span><\/li>\n<li><span style=\"font-size: medium; font-family: arial,helvetica,sans-serif; color: #333399;\"><a style=\"color: #333399;\" href=\"https:\/\/instalaciondetarimas.com\/blog\/2014\/08\/02\/clasificacion-por-dureza-de-tarima-de-exterior\/\" target=\"_blank\" rel=\"noopener noreferrer\">Maderas duras para el exterior.<\/a><\/span><\/li>\n<li><span style=\"font-size: medium; font-family: arial,helvetica,sans-serif; color: #333399;\"><a style=\"color: #333399;\" href=\"https:\/\/instalaciondetarimas.com\/blog\/2015\/10\/16\/historia-de-la-tarima-de-ipe-del-brasil\/\" target=\"_blank\" rel=\"noopener noreferrer\">La histor\u00eda del ip\u00e9 del Brasil.<\/a><br \/>\n<\/span><\/li>\n<li><span style=\"font-size: medium; font-family: arial,helvetica,sans-serif; color: #333399;\"><a style=\"color: #333399;\" href=\"https:\/\/instalaciondetarimas.com\/blog\/2015\/09\/13\/la-instalacion-de-tarima-exterior\/\" target=\"_blank\" rel=\"noopener noreferrer\">Las claves de la instalaci\u00f3n en el exterior.<\/a><br \/>\n<\/span><\/li>\n<li><span style=\"font-size: medium; font-family: arial,helvetica,sans-serif; color: #333399;\"><a style=\"color: #333399;\" href=\"https:\/\/instalaciondetarimas.com\/madera-maciza-interior\/2016\/01\/11\/como-instalar-la-tarima-maciza-encolandola-sobre-el-suelo\/\" target=\"_blank\" rel=\"noopener noreferrer\">Instalaci\u00f3n de la tarima interior pegada sobre la solera<\/a>.<\/span><\/li>\n<li><span style=\"font-size: medium; font-family: arial,helvetica,sans-serif; color: #333399;\"><a style=\"color: #333399;\" href=\"https:\/\/instalaciondetarimas.com\/madera-maciza-interior\/2015\/10\/19\/la-madera-de-pino-es-adecuada-como-tarima-interior-pero-no-para-emplear-en-el-exterior-aunque-este-cuperizada\/\" target=\"_blank\" rel=\"noopener noreferrer\">El pino es s\u00f3lo para el interior<\/a>.<\/span><\/li>\n<li><span style=\"font-size: medium; font-family: arial,helvetica,sans-serif; color: #333399;\"><a style=\"color: #333399;\" href=\"https:\/\/instalaciondetarimas.com\/tarima-exterior\/2017\/03\/28\/medidas-la-tarima-exterior-grapia-ipe-del-brasil\/\" target=\"_blank\" rel=\"noopener noreferrer\">\u00bfQu\u00e9 separaci\u00f3n queda entre las tarimas en la tarima exterior?<\/a><\/span><\/li>\n<\/ul>\n<p><a href=\"https:\/\/instalaciondetarimas.com\/categoria-producto\/tarima-de-madera-de-roble\/\" target=\"_blank\" rel=\"noopener sponsored\"><img loading=\"lazy\" decoding=\"async\" class=\"aligncenter size-full wp-image-325\" src=\"https:\/\/instalaciondetarimas.com\/enciclopedia-de-la-madera\/wp-content\/uploads\/sites\/13\/2021\/12\/ROBLE-70.gif\" alt=\"\" width=\"300\" height=\"300\" \/><\/a><a href=\"https:\/\/instalaciondetarimas.com\/categoria-producto\/madera-de-ipe-interior\/\" target=\"_blank\" rel=\"noopener sponsored\"><img loading=\"lazy\" decoding=\"async\" class=\"aligncenter size-full wp-image-326\" src=\"https:\/\/instalaciondetarimas.com\/enciclopedia-de-la-madera\/wp-content\/uploads\/sites\/13\/2021\/12\/ipe-52.jpg\" alt=\"\" width=\"300\" height=\"300\" \/><\/a><a href=\"https:\/\/instalaciondetarimas.com\/categoria-producto\/madera-de-grapia-o-garapa\/\" target=\"_blank\" rel=\"noopener sponsored\"><img loading=\"lazy\" decoding=\"async\" class=\"aligncenter size-full wp-image-329\" src=\"https:\/\/instalaciondetarimas.com\/enciclopedia-de-la-madera\/wp-content\/uploads\/sites\/13\/2021\/12\/grapia-64-1.gif\" alt=\"\" width=\"300\" height=\"300\" \/><\/a><a href=\"https:\/\/instalaciondetarimas.com\/categoria-producto\/tarima-de-jatoba\/\" target=\"_blank\" rel=\"noopener sponsored\"><img loading=\"lazy\" decoding=\"async\" class=\"aligncenter size-full wp-image-330\" src=\"https:\/\/instalaciondetarimas.com\/enciclopedia-de-la-madera\/wp-content\/uploads\/sites\/13\/2021\/12\/jatoba-55.gif\" alt=\"\" width=\"300\" height=\"300\" \/><\/a><a href=\"https:\/\/instalaciondetarimas.com\/categoria-producto\/madera-de-doussie\/\" target=\"_blank\" rel=\"noopener sponsored\"><img loading=\"lazy\" decoding=\"async\" class=\"aligncenter size-full wp-image-332\" src=\"https:\/\/instalaciondetarimas.com\/enciclopedia-de-la-madera\/wp-content\/uploads\/sites\/13\/2021\/12\/doussie-70.gif\" alt=\"\" width=\"300\" height=\"300\" \/><\/a><a href=\"https:\/\/instalaciondetarimas.com\/categoria-producto\/madera-de-elondo-interior\/\" target=\"_blank\" rel=\"noopener sponsored\"><img loading=\"lazy\" decoding=\"async\" class=\"aligncenter size-full wp-image-333\" src=\"https:\/\/instalaciondetarimas.com\/enciclopedia-de-la-madera\/wp-content\/uploads\/sites\/13\/2021\/12\/elondo-45.gif\" alt=\"\" width=\"300\" height=\"300\" \/><\/a><a href=\"https:\/\/instalaciondetarimas.com\/categoria-producto\/cerezo-americano\/\" target=\"_blank\" rel=\"noopener sponsored\"><img loading=\"lazy\" decoding=\"async\" class=\"aligncenter size-full wp-image-335\" src=\"https:\/\/instalaciondetarimas.com\/enciclopedia-de-la-madera\/wp-content\/uploads\/sites\/13\/2021\/12\/cerezo-70-2.gif\" alt=\"\" width=\"300\" height=\"300\" \/><\/a><\/p>\n<p><a href=\"https:\/\/instalaciondetarimas.com\/madera-maciza-interior\/2015\/12\/04\/oferta-de-cumaru-rojo\/\" target=\"_blank\" rel=\"noopener sponsored\"><img loading=\"lazy\" decoding=\"async\" class=\"aligncenter size-full wp-image-295\" src=\"https:\/\/instalaciondetarimas.com\/tarima-maciza-barnizada\/wp-content\/uploads\/sites\/12\/2021\/12\/cumaru-75.gif\" alt=\"foto publicitaria con suelo de cumar\u00fa rojo en oferta\" width=\"300\" height=\"300\" \/><\/a><\/p>\n<p><a href=\"https:\/\/instalaciondetarimas.com\/categoria-producto\/tarima-de-cumaru\/\" target=\"_blank\" rel=\"noopener sponsored\"><img loading=\"lazy\" decoding=\"async\" class=\"aligncenter size-full wp-image-296\" src=\"https:\/\/instalaciondetarimas.com\/tarima-maciza-barnizada\/wp-content\/uploads\/sites\/12\/2021\/12\/cumaru-78.gif\" alt=\"foto publicitaria con suelo de cumar\u00fa amarillo en oferta\" width=\"300\" height=\"300\" \/><\/a><\/p>\n<p>&nbsp;<\/p>\n<p><span style=\"font-size: medium;\">\u00a0<\/span><\/p>\n<h6><span style=\"font-size: x-large; font-family: arial,helvetica,sans-serif;\">Textos relacionados con el <a href=\"https:\/\/instalaciondetarimas.com\/madera-maciza-interior\/2019\/04\/12\/precio-de-los-rastreles-para-montar-la-tarima\/\" target=\"_blank\" rel=\"noopener sponsored\">rastrel<\/a>:<\/span><\/h6>\n<ul>\n<li><a href=\"https:\/\/instalaciondetarimas.com\/blog\/2016\/07\/04\/colocacion-de-los-rastreles-tropicales-tumbados-o-de-pie\/\" target=\"_blank\" rel=\"noopener sponsored\">\u00bfC\u00f3mo colocamos el rastrel, tumbado o de pi\u00e9? <\/a><\/li>\n<li><a href=\"https:\/\/instalaciondetarimas.com\/blog\/2019\/02\/09\/colocacion-de-tarima-de-exterior-sobre-rastreles-tropicales-cruzados\/\" target=\"_blank\" rel=\"noopener sponsored\">Rastreles cruzados <\/a><\/li>\n<li><a href=\"https:\/\/instalaciondetarimas.com\/blog\/2020\/02\/18\/la-mejor-colocacion-de-los-rastreles-en-una-terraza\/\" target=\"_blank\" rel=\"noopener sponsored\">Rastreles en una terraza <\/a><\/li>\n<li><a href=\"https:\/\/instalaciondetarimas.com\/blog\/2017\/09\/25\/como-aplicar-los-adhesivos-en-la-tarima-de-exterior\/\" target=\"_blank\" rel=\"noopener sponsored\">Sujetar el rastrel con adhesivos <\/a><\/li>\n<li><a href=\"https:\/\/instalaciondetarimas.com\/blog\/2017\/04\/12\/rastrel-con-clavos-de-acero-inoxidable-o-bricomatados\/\" target=\"_blank\" rel=\"noopener sponsored\">Sujetar rastreles con acero inoxidable <\/a><\/li>\n<li><a href=\"https:\/\/instalaciondetarimas.com\/blog\/2016\/11\/23\/10-anos-de-garantia-en-la-instalacion-de-la-tarima-de-exterior\/\" target=\"_blank\" rel=\"noopener sponsored\">La distancia del rastrel forma parte de la garant\u00eda. <\/a><\/li>\n<li><a href=\"https:\/\/instalaciondetarimas.com\/tarima-exterior\/2021\/12\/19\/como-calcular-los-metros-lineales-de-rastrel-en-funcion-de-la-superficie\/\" target=\"_blank\" rel=\"noopener sponsored\">Calcular los metros lineales de rastrel en funci\u00f3n de la superficie.<\/a><\/li>\n<\/ul>\n<p>Te puede interesar en relaci\u00f3n a las grapas:<\/p>\n<ul>\n<li><a href=\"https:\/\/instalaciondetarimas.com\/tarima-exterior\/2021\/07\/03\/cuantas-grapas-de-exterior-se-necesitan\/\" target=\"_blank\" rel=\"noopener sponsored\">Calcular el n\u00famero de grapas<\/a><\/li>\n<li><a href=\"https:\/\/instalaciondetarimas.com\/tarima-exterior\/2021\/07\/11\/tecnica-del-atornillado-de-las-grapas\/\" target=\"_blank\" rel=\"noopener sponsored\">Como atornillar las grapas <\/a><\/li>\n<li><a href=\"https:\/\/instalaciondetarimas.com\/blog\/2015\/09\/13\/la-instalacion-de-tarima-exterior\/\" target=\"_blank\" rel=\"noopener sponsored\">La separaci\u00f3n adecuada es una de las 7 claves de la instalaci\u00f3n exterior<\/a><\/li>\n<\/ul>\n<p>&nbsp;<\/p>\n<p class=\"size-full wp-image-2064\" style=\"text-align: center;\"><span style=\"font-size: x-medium;\"><strong><span style=\"font-size: x-large;\">Asesoramiento y presupuestos sin compromiso por tel\u00e9fono ( 91 890 51 61, +34 636 52 04 08) o en nuestra tienda online:<span style=\"color: #ff0000;\"><br \/>\n<\/span><\/span><\/strong><\/span><\/p>\n<p><a href=\"https:\/\/instalaciondetarimas.com\/categoria-producto\/tienda-online-de-tarima-maciza-y-productos-para-la-madera\/\" target=\"_blank\" rel=\"noopener sponsored\"><img loading=\"lazy\" decoding=\"async\" class=\"aligncenter size-full wp-image-1189\" src=\"https:\/\/instalaciondetarimas.com\/tarima-exterior\/wp-content\/uploads\/sites\/11\/2016\/01\/TIENDA-copy-400x400.png\" alt=\"\" width=\"400\" height=\"400\" \/><\/a><\/p>\n<h5><span style=\"font-size: x-large; font-family: arial,helvetica,sans-serif;\">Textos sobre tarima maciza interior:<\/span><\/h5>\n<ul>\n<li><span style=\"font-size: medium; font-family: arial, helvetica, sans-serif; color: #333333;\"><a style=\"color: #333333;\" href=\"https:\/\/instalaciondetarimas.com\/madera-maciza-interior\/2017\/12\/08\/el-encolado-con-la-espatula-dentada\/\" target=\"_blank\" rel=\"noopener\">El encolado de la tarima al suelo con esp\u00e1tula dentada <\/a><\/span><\/li>\n<li><span style=\"font-size: medium; font-family: arial, helvetica, sans-serif; color: #333333;\"><a style=\"color: #333333;\" href=\"https:\/\/instalaciondetarimas.com\/tarima-maciza-barnizada\/2015\/12\/30\/como-hacer-la-instalacion-de-la-tarima-maciza-barnizada\/\" target=\"_blank\" rel=\"noopener\">Instalar la tarima que ya viene barnizada en la f\u00e1brica. <\/a><\/span><\/li>\n<li><span style=\"font-size: medium; font-family: arial, helvetica, sans-serif; color: #333333;\"><a style=\"color: #333333;\" href=\"https:\/\/instalaciondetarimas.com\/tarima-maciza-barnizada\/2017\/06\/21\/las-ventajas-del-barnizado-de-fabrica-en-la-tarima-maciza\/\" target=\"_blank\" rel=\"noopener\">Las ventajas de la tarima barnizada de f\u00e1brica<\/a><\/span><\/li>\n<li><span style=\"font-size: medium; font-family: arial, helvetica, sans-serif; color: #333333;\"><a style=\"color: #333333;\" href=\"https:\/\/instalaciondetarimas.com\/madera-maciza-interior\/2017\/05\/08\/la-instalacion-de-la-madera-en-el-suelo-radiante\/\" target=\"_blank\" rel=\"noopener\">La instalaci\u00f3n de la tarima sobre un suelo radiante <\/a><\/span><\/li>\n<li><span style=\"font-size: medium; font-family: arial, helvetica, sans-serif; color: #333333;\"><a style=\"color: #333333;\" href=\"https:\/\/instalaciondetarimas.com\/tarima-maciza-barnizada\/2017\/03\/29\/fotos-tarima-maciza-roble-barnizado\/\" target=\"_blank\" rel=\"noopener\">Fotos de tarima de roble barnizado en la f\u00e1brica. <\/a><\/span><\/li>\n<li><span style=\"font-size: medium; font-family: arial, helvetica, sans-serif; color: #333333;\"><a style=\"color: #333333;\" href=\"https:\/\/instalaciondetarimas.com\/madera-maciza-interior\/2018\/01\/11\/como-secar-el-suelo-al-2-de-humedad-para-poder-pegar-la-tarima-maciza-al-suelo-sin-emplear-el-rastrel\/\" target=\"_blank\" rel=\"noopener\">\u00bfC\u00f3mo secar el suelo al 2% de humedad para poder pegar la tarima maciza al suelo, sin emplear el rastrel?. <\/a><\/span><\/li>\n<li><span style=\"font-size: medium; font-family: arial, helvetica, sans-serif; color: #333333;\"><a style=\"color: #333333;\" href=\"https:\/\/instalaciondetarimas.com\/madera-maciza-interior\/2015\/12\/18\/las-ventajas-de-la-tarima-maciza\/\" target=\"_blank\" rel=\"noopener sponsored\">Las ventajas de la tarima maciza<\/a>. <\/span><\/li>\n<li><span style=\"font-size: medium; font-family: arial, helvetica, sans-serif; color: #333333;\"><a style=\"color: #333333;\" href=\"https:\/\/instalaciondetarimas.com\/enciclopedia-de-la-madera\/2021\/12\/03\/que-es-mejor-una-tarima-flotante-o-maciza\/\" target=\"_blank\" rel=\"noopener sponsored\">\u00bfQu\u00e9 es mejor la tarima maciza o la flotante?<\/a>. <\/span><\/li>\n<li><span style=\"font-size: medium; font-family: arial, helvetica, sans-serif; color: #333333;\"><a href=\"https:\/\/instalaciondetarimas.com\/madera-maciza-interior\/2018\/09\/07\/ficha-de-la-limpieza-del-suelo-tratado-con-el-aceite-de-interior-rubio-monocoat\/\" target=\"_blank\" rel=\"noopener sponsored\">Mantenimiento y limpieza de la tarima interior<\/a>.<\/span><\/li>\n<\/ul>\n<p><strong><span style=\"font-size: x-large; font-family: arial,helvetica,sans-serif;\">Consejos de instalaci\u00f3n generales de la tarima exterior:<\/span><\/strong><\/p>\n<ul>\n<li><span style=\"font-size: medium; font-family: arial, helvetica, sans-serif; color: #333333;\"><a href=\"https:\/\/instalaciondetarimas.com\/tarima-exterior\/2016\/08\/05\/saturador-cetol-wf771-de-sikkens\/\" target=\"_blank\" rel=\"noopener noreferrer\"><span style=\"color: #333333;\">\u00bfLa solera de hormig\u00f3n?<\/span><\/a><\/span><\/li>\n<li><span style=\"font-size: medium; font-family: arial, helvetica, sans-serif; color: #333333;\"><a style=\"color: #333333;\" href=\"https:\/\/instalaciondetarimas.com\/blog\/2016\/07\/04\/colocacion-de-los-rastreles-tropicales-tumbados-o-de-pie\/\" target=\"_blank\" rel=\"noopener noreferrer\">\u00bfC\u00f3mo colocamos los rastreles tumbados o de pie?<\/a><\/span><\/li>\n<li><span style=\"font-size: medium; font-family: arial, helvetica, sans-serif; color: #333333;\"><a style=\"color: #333333;\" href=\"https:\/\/instalaciondetarimas.com\/blog\/2017\/04\/12\/rastrel-con-clavos-de-acero-inoxidable-o-bricomatados\/\" target=\"_blank\" rel=\"noopener noreferrer\">\u00bfC\u00f3mo fijamos los rastreles al suelo? <\/a><\/span><\/li>\n<li><span style=\"font-size: medium; font-family: arial, helvetica, sans-serif; color: #333333;\"><a style=\"color: #333333;\" href=\"https:\/\/instalaciondetarimas.com\/blog\/2014\/08\/03\/las-ventajas-de-la-instalacin-de-tarima-de-exterior-con-rastreles-tropicales\/\" target=\"_blank\" rel=\"noopener noreferrer\">\u00bfPor qu\u00e9 los rastreles deben ser tropicales? <\/a><\/span><\/li>\n<li><span style=\"font-size: medium; font-family: arial, helvetica, sans-serif; color: #333333;\"><a style=\"color: #333333;\" href=\"https:\/\/instalaciondetarimas.com\/tarima-exterior\/2016\/03\/09\/remates-en-la-tarima-exterior-con-grapia\/\" target=\"_blank\" rel=\"noopener noreferrer\">\u00bfC\u00f3mo instalamos la primera l\u00ednea de tarima, atornillada o sin atornillar? <\/a><\/span><\/li>\n<li><span style=\"font-size: medium; font-family: arial, helvetica, sans-serif; color: #333333;\"><a style=\"color: #333333;\" href=\"https:\/\/instalaciondetarimas.com\/blog\/2016\/12\/15\/la-direccion-de-la-instalacion-de-la-tarima\/\" target=\"_blank\" rel=\"noopener noreferrer\">\u00bfCu\u00e1l es la direcci\u00f3n correcta que debe llevar la tarima en la instalaci\u00f3n? <\/a><\/span><\/li>\n<li><span style=\"font-size: medium; font-family: arial, helvetica, sans-serif; color: #333333;\"><a style=\"color: #333333;\" href=\"https:\/\/instalaciondetarimas.com\/tarima-exterior\/2016\/01\/23\/tarima-exterior-con-grapa-vista\/\" target=\"_blank\" rel=\"noopener noreferrer\">\u00bfTarima con sistema de grapa vista o con grapa oculta? <\/a><\/span><\/li>\n<li><span style=\"font-size: medium; font-family: arial, helvetica, sans-serif; color: #333333;\"><a style=\"color: #333333;\" href=\"https:\/\/instalaciondetarimas.com\/blog\/2015\/10\/03\/tarima-de-exterior-resistente-a-los-lictidos-o-la-polilla-de-la-madera\/\" target=\"_blank\" rel=\"noopener noreferrer\">\u00bfQu\u00e9 maderas son las m\u00e1s resistentes?<\/a><\/span><\/li>\n<li><span style=\"font-size: medium; font-family: arial, helvetica, sans-serif; color: #333333;\"><a style=\"color: #333333;\" href=\"https:\/\/instalaciondetarimas.com\/blog\/2016\/11\/23\/10-anos-garantia-la-instalacion-la-tarima-exterior\/\" target=\"_blank\" rel=\"noopener noreferrer\">\u00bfLa instalaci\u00f3n es la clave o son los materiales? <\/a><\/span><\/li>\n<li><span style=\"font-size: medium; font-family: arial, helvetica, sans-serif; color: #333333;\"><a style=\"color: #333333;\" href=\"https:\/\/instalaciondetarimas.com\/blog\/2014\/08\/07\/comparativa-entre-la-tarima-de-exterior-tecnolgica-madera-maciza-de-exterior\/\" target=\"_blank\" rel=\"noopener noreferrer\">\u00bfTarima sint\u00e9tica? No, gracias <\/a><\/span><\/li>\n<li><span style=\"font-size: medium; font-family: arial, helvetica, sans-serif; color: #333333;\"><a style=\"color: #333333;\" href=\"https:\/\/instalaciondetarimas.com\/tarima-exterior\/2017\/05\/30\/las-medidas-las-grapas-tarima-exterior\/\" target=\"_blank\" rel=\"noopener\">Medidas de las grapas para tarima de exterior.<\/a> <\/span><\/li>\n<li><span style=\"font-size: medium; font-family: arial, helvetica, sans-serif; color: #333333;\"><a style=\"color: #333333;\" href=\"https:\/\/instalaciondetarimas.com\/tarima-exterior\/2021\/07\/11\/tecnica-del-atornillado-de-las-grapas\/\" target=\"_blank\" rel=\"noopener sponsored\">\u00bfC\u00f3mo es la t\u00e9cnica del atornillado de las grapas?<\/a>. <\/span><\/li>\n<li><span style=\"font-size: medium; font-family: arial, helvetica, sans-serif; color: #333333;\"><a style=\"color: #333333;\" href=\"https:\/\/instalaciondetarimas.com\/tarima-exterior\/2021\/07\/03\/cuantas-grapas-de-exterior-se-necesitan\/\" target=\"_blank\" rel=\"noopener sponsored\">C\u00f3mo calcular el n\u00famero de grapas que necesitar\u00edamos por m2<\/a>.<\/span><\/li>\n<li><a href=\"https:\/\/instalaciondetarimas.com\/blog\/2016\/11\/23\/10-anos-garantia-la-instalacion-la-tarima-exterior\/\" target=\"_blank\" rel=\"noopener noreferrer\"><span style=\"font-size: medium; font-family: arial, helvetica, sans-serif; color: #333333;\">\u00bfLa instalaci\u00f3n es la clave o son los materiales?<\/span><\/a><\/li>\n<li><a href=\"https:\/\/instalaciondetarimas.com\/tarima-exterior\/2017\/05\/30\/las-medidas-las-grapas-tarima-exterior\/\" target=\"_blank\" rel=\"noopener\"><span style=\"font-size: medium; font-family: arial, helvetica, sans-serif; color: #333333;\">Medidas de las grapas para tarima de exterior <\/span><\/a><\/li>\n<li><a href=\"https:\/\/instalaciondetarimas.com\/blog\/2015\/09\/13\/la-instalacion-de-tarima-exterior\/\" target=\"_blank\" rel=\"noopener sponsored\"><span style=\"font-size: medium; font-family: arial, helvetica, sans-serif; color: #333333;\">7 claves de la instalaci\u00f3n exterior<\/span><\/a><\/li>\n<li><a href=\"https:\/\/instalaciondetarimas.com\/blog\/2021\/06\/30\/una-instalacion-duradera-con-una-tarima-de-ipe-exterior\/\" target=\"_blank\" rel=\"noopener sponsored\"><span style=\"font-size: medium; font-family: arial, helvetica, sans-serif; color: #333333;\">Como lograr una instalaci\u00f3n duradera. <\/span><\/a><\/li>\n<li><span style=\"font-size: medium; font-family: arial, helvetica, sans-serif; color: #333333;\"><a href=\"https:\/\/instalaciondetarimas.com\/blog\/2015\/11\/12\/consejos-de-aplicacion-de-lasur-o-aceite-para-tarima-de-exterior\/\" target=\"_blank\" rel=\"noopener sponsored\">Aceite para tarima exterior <\/a><\/span><\/li>\n<li><a href=\"https:\/\/instalaciondetarimas.com\/categoria-producto\/mantenimiento-madera-exterior\/\" target=\"_blank\" rel=\"noopener sponsored\"><span style=\"font-size: medium; font-family: arial, helvetica, sans-serif; color: #333333;\">Todo sobre el mantenimiento<\/span><\/a><\/li>\n<\/ul>\n<p>&nbsp;<\/p>\n<p><span style=\"font-size: x-large; font-family: arial,helvetica,sans-serif;\">| Venta directa en Espa\u00f1a y cualquier parte de Europa | <strong>636 52 04 08<\/strong> | 91 890 51 61 | <a title=\"mailto:tarima@instalaciondetarimas.com?subject=\" href=\"mailto:tarima@instalaciondetarimas.com?subject=\">tarima@instalaciondetarimas.com<\/a> | Especialistas en instalaci\u00f3n en tarimas de exterior y tarima de madera maciza interior | Tarima maciza de interior: Suelo de madera oscuro barnizado con 8 capas de barniz para uso en interior |<\/span><\/p>\n<p style=\"text-align: center;\"><span style=\"font-size: x-large; font-family: arial,helvetica,sans-serif;\">Presupuestos sin compromiso y asesor\u00eda<\/span><\/p>\n<p style=\"text-align: center;\"><span style=\"font-size: x-large; font-family: arial,helvetica,sans-serif;\"> | <strong>636 52 04 08<\/strong> | 91 890 51 61 |<\/span><\/p>\n<!--CusAds0-->\n<div style=\"font-size: 0px; height: 0px; line-height: 0px; margin: 0; padding: 0; clear: both;\"><\/div>","protected":false},"excerpt":{"rendered":"<p>Suelo de madera oscuro barnizado con 8 capas de barniz para uso en interior. Un suelo oscuro proporciona nobleza y elegancia. Pero adem\u00e1s permite m\u00e1s concentraci\u00f3n. Si buscamos luminosidad la clave no es el suelo, si no que son las paredes con colores claros que reflejen la luz que entra de modo horizontal por las [&hellip;]<\/p>\n","protected":false},"author":1,"featured_media":285,"comment_status":"open","ping_status":"open","sticky":false,"template":"","format":"standard","meta":{"footnotes":""},"categories":[6],"tags":[34],"class_list":["post-290","post","type-post","status-publish","format-standard","has-post-thumbnail","hentry","category-ofertas-de-suelos-de-madera-barnizados","tag-suelo-de-madera-oscuro-barnizado"],"yoast_head":"<!-- This site is optimized with the Yoast SEO plugin v27.1.1 - https:\/\/yoast.com\/product\/yoast-seo-wordpress\/ -->\n<title>Suelo de madera oscuro barnizado con 8 capas de barniz para uso en interior - suelos de tarima maciza barnizada<\/title>\n<meta name=\"description\" content=\"Suelo de madera oscuro barnizado con 8 capas de barniz para uso en interior. Entre ellas la madera de ip\u00e9, la de cumar\u00fa, elondo, etc.\" \/>\n<meta name=\"robots\" content=\"index, follow, max-snippet:-1, max-image-preview:large, max-video-preview:-1\" \/>\n<link rel=\"canonical\" href=\"https:\/\/instalaciondetarimas.com\/tarima-maciza-barnizada\/2021\/12\/09\/suelo-de-madera-oscuro-barnizado-con-8-capas-de-barniz-para-uso-en-interior\/\" \/>\n<meta property=\"og:locale\" content=\"es_ES\" \/>\n<meta property=\"og:type\" content=\"article\" \/>\n<meta property=\"og:title\" content=\"Suelo de madera oscuro barnizado con 8 capas de barniz para uso en interior - suelos de tarima maciza barnizada\" \/>\n<meta property=\"og:description\" content=\"Suelo de madera oscuro barnizado con 8 capas de barniz para uso en interior. Entre ellas la madera de ip\u00e9, la de cumar\u00fa, elondo, etc.\" \/>\n<meta property=\"og:url\" content=\"https:\/\/instalaciondetarimas.com\/tarima-maciza-barnizada\/2021\/12\/09\/suelo-de-madera-oscuro-barnizado-con-8-capas-de-barniz-para-uso-en-interior\/\" \/>\n<meta property=\"og:site_name\" content=\"suelos de tarima maciza barnizada\" \/>\n<meta property=\"article:published_time\" content=\"2021-12-09T14:18:44+00:00\" \/>\n<meta property=\"article:modified_time\" content=\"2024-01-14T21:08:21+00:00\" \/>\n<meta property=\"og:image\" content=\"https:\/\/instalaciondetarimas.com\/tarima-maciza-barnizada\/wp-content\/uploads\/sites\/12\/2019\/04\/ipe-barnizado-1-400x267.jpg\" \/>\n\t<meta property=\"og:image:width\" content=\"400\" \/>\n\t<meta property=\"og:image:height\" content=\"267\" \/>\n\t<meta property=\"og:image:type\" content=\"image\/jpeg\" \/>\n<meta name=\"author\" content=\"Ribas\" \/>\n<meta name=\"twitter:card\" content=\"summary_large_image\" \/>\n<meta name=\"twitter:label1\" content=\"Escrito por\" \/>\n\t<meta name=\"twitter:data1\" content=\"Ribas\" \/>\n\t<meta name=\"twitter:label2\" content=\"Tiempo de lectura\" \/>\n\t<meta name=\"twitter:data2\" content=\"7 minutos\" \/>\n<script type=\"application\/ld+json\" class=\"yoast-schema-graph\">{\"@context\":\"https:\/\/schema.org\",\"@graph\":[{\"@type\":\"Article\",\"@id\":\"https:\/\/instalaciondetarimas.com\/tarima-maciza-barnizada\/2021\/12\/09\/suelo-de-madera-oscuro-barnizado-con-8-capas-de-barniz-para-uso-en-interior\/#article\",\"isPartOf\":{\"@id\":\"https:\/\/instalaciondetarimas.com\/tarima-maciza-barnizada\/2021\/12\/09\/suelo-de-madera-oscuro-barnizado-con-8-capas-de-barniz-para-uso-en-interior\/\"},\"author\":{\"name\":\"Ribas\",\"@id\":\"https:\/\/instalaciondetarimas.com\/tarima-maciza-barnizada\/#\/schema\/person\/080df099c3c04ec9642544e2451b38c2\"},\"headline\":\"Suelo de madera oscuro barnizado con 8 capas de barniz para uso en interior\",\"datePublished\":\"2021-12-09T14:18:44+00:00\",\"dateModified\":\"2024-01-14T21:08:21+00:00\",\"mainEntityOfPage\":{\"@id\":\"https:\/\/instalaciondetarimas.com\/tarima-maciza-barnizada\/2021\/12\/09\/suelo-de-madera-oscuro-barnizado-con-8-capas-de-barniz-para-uso-en-interior\/\"},\"wordCount\":902,\"commentCount\":0,\"image\":{\"@id\":\"https:\/\/instalaciondetarimas.com\/tarima-maciza-barnizada\/2021\/12\/09\/suelo-de-madera-oscuro-barnizado-con-8-capas-de-barniz-para-uso-en-interior\/#primaryimage\"},\"thumbnailUrl\":\"https:\/\/instalaciondetarimas.com\/tarima-maciza-barnizada\/wp-content\/uploads\/sites\/12\/2019\/04\/ipe-barnizado-1-400x267.jpg\",\"keywords\":[\"Suelo de madera oscuro barnizado\"],\"articleSection\":[\"OFERTAS DE TARIMA BARNIZADA\"],\"inLanguage\":\"es\",\"potentialAction\":[{\"@type\":\"CommentAction\",\"name\":\"Comment\",\"target\":[\"https:\/\/instalaciondetarimas.com\/tarima-maciza-barnizada\/2021\/12\/09\/suelo-de-madera-oscuro-barnizado-con-8-capas-de-barniz-para-uso-en-interior\/#respond\"]}]},{\"@type\":\"WebPage\",\"@id\":\"https:\/\/instalaciondetarimas.com\/tarima-maciza-barnizada\/2021\/12\/09\/suelo-de-madera-oscuro-barnizado-con-8-capas-de-barniz-para-uso-en-interior\/\",\"url\":\"https:\/\/instalaciondetarimas.com\/tarima-maciza-barnizada\/2021\/12\/09\/suelo-de-madera-oscuro-barnizado-con-8-capas-de-barniz-para-uso-en-interior\/\",\"name\":\"Suelo de madera oscuro barnizado con 8 capas de barniz para uso en interior - suelos de tarima maciza barnizada\",\"isPartOf\":{\"@id\":\"https:\/\/instalaciondetarimas.com\/tarima-maciza-barnizada\/#website\"},\"primaryImageOfPage\":{\"@id\":\"https:\/\/instalaciondetarimas.com\/tarima-maciza-barnizada\/2021\/12\/09\/suelo-de-madera-oscuro-barnizado-con-8-capas-de-barniz-para-uso-en-interior\/#primaryimage\"},\"image\":{\"@id\":\"https:\/\/instalaciondetarimas.com\/tarima-maciza-barnizada\/2021\/12\/09\/suelo-de-madera-oscuro-barnizado-con-8-capas-de-barniz-para-uso-en-interior\/#primaryimage\"},\"thumbnailUrl\":\"https:\/\/instalaciondetarimas.com\/tarima-maciza-barnizada\/wp-content\/uploads\/sites\/12\/2019\/04\/ipe-barnizado-1-400x267.jpg\",\"datePublished\":\"2021-12-09T14:18:44+00:00\",\"dateModified\":\"2024-01-14T21:08:21+00:00\",\"author\":{\"@id\":\"https:\/\/instalaciondetarimas.com\/tarima-maciza-barnizada\/#\/schema\/person\/080df099c3c04ec9642544e2451b38c2\"},\"description\":\"Suelo de madera oscuro barnizado con 8 capas de barniz para uso en interior. Entre ellas la madera de ip\u00e9, la de cumar\u00fa, elondo, etc.\",\"breadcrumb\":{\"@id\":\"https:\/\/instalaciondetarimas.com\/tarima-maciza-barnizada\/2021\/12\/09\/suelo-de-madera-oscuro-barnizado-con-8-capas-de-barniz-para-uso-en-interior\/#breadcrumb\"},\"inLanguage\":\"es\",\"potentialAction\":[{\"@type\":\"ReadAction\",\"target\":[\"https:\/\/instalaciondetarimas.com\/tarima-maciza-barnizada\/2021\/12\/09\/suelo-de-madera-oscuro-barnizado-con-8-capas-de-barniz-para-uso-en-interior\/\"]}]},{\"@type\":\"ImageObject\",\"inLanguage\":\"es\",\"@id\":\"https:\/\/instalaciondetarimas.com\/tarima-maciza-barnizada\/2021\/12\/09\/suelo-de-madera-oscuro-barnizado-con-8-capas-de-barniz-para-uso-en-interior\/#primaryimage\",\"url\":\"https:\/\/instalaciondetarimas.com\/tarima-maciza-barnizada\/wp-content\/uploads\/sites\/12\/2019\/04\/ipe-barnizado-1-400x267.jpg\",\"contentUrl\":\"https:\/\/instalaciondetarimas.com\/tarima-maciza-barnizada\/wp-content\/uploads\/sites\/12\/2019\/04\/ipe-barnizado-1-400x267.jpg\",\"width\":400,\"height\":267,\"caption\":\"suelo de madera oscuro barnizado de madera de ipe\"},{\"@type\":\"BreadcrumbList\",\"@id\":\"https:\/\/instalaciondetarimas.com\/tarima-maciza-barnizada\/2021\/12\/09\/suelo-de-madera-oscuro-barnizado-con-8-capas-de-barniz-para-uso-en-interior\/#breadcrumb\",\"itemListElement\":[{\"@type\":\"ListItem\",\"position\":1,\"name\":\"Portada\",\"item\":\"https:\/\/instalaciondetarimas.com\/tarima-maciza-barnizada\/\"},{\"@type\":\"ListItem\",\"position\":2,\"name\":\"Suelo de madera oscuro barnizado con 8 capas de barniz para uso en interior\"}]},{\"@type\":\"WebSite\",\"@id\":\"https:\/\/instalaciondetarimas.com\/tarima-maciza-barnizada\/#website\",\"url\":\"https:\/\/instalaciondetarimas.com\/tarima-maciza-barnizada\/\",\"name\":\"suelos de tarima maciza barnizada\",\"description\":\"Otro sitio m\u00e1s de Sitios de Instalaci\u00f3n y venta de Tarimas de exterior en interior\",\"potentialAction\":[{\"@type\":\"SearchAction\",\"target\":{\"@type\":\"EntryPoint\",\"urlTemplate\":\"https:\/\/instalaciondetarimas.com\/tarima-maciza-barnizada\/?s={search_term_string}\"},\"query-input\":{\"@type\":\"PropertyValueSpecification\",\"valueRequired\":true,\"valueName\":\"search_term_string\"}}],\"inLanguage\":\"es\"},{\"@type\":\"Person\",\"@id\":\"https:\/\/instalaciondetarimas.com\/tarima-maciza-barnizada\/#\/schema\/person\/080df099c3c04ec9642544e2451b38c2\",\"name\":\"Ribas\",\"image\":{\"@type\":\"ImageObject\",\"inLanguage\":\"es\",\"@id\":\"https:\/\/instalaciondetarimas.com\/tarima-maciza-barnizada\/#\/schema\/person\/image\/\",\"url\":\"https:\/\/secure.gravatar.com\/avatar\/53f051e804b18764c53f9952c629b135af8edb7bb2b61711c5175ce506878789?s=96&d=mm&r=g\",\"contentUrl\":\"https:\/\/secure.gravatar.com\/avatar\/53f051e804b18764c53f9952c629b135af8edb7bb2b61711c5175ce506878789?s=96&d=mm&r=g\",\"caption\":\"Ribas\"},\"url\":\"https:\/\/instalaciondetarimas.com\/tarima-maciza-barnizada\/author\/admin\/\"}]}<\/script>\n<!-- \/ Yoast SEO plugin. -->","yoast_head_json":{"title":"Suelo de madera oscuro barnizado con 8 capas de barniz para uso en interior - suelos de tarima maciza barnizada","description":"Suelo de madera oscuro barnizado con 8 capas de barniz para uso en interior. Entre ellas la madera de ip\u00e9, la de cumar\u00fa, elondo, etc.","robots":{"index":"index","follow":"follow","max-snippet":"max-snippet:-1","max-image-preview":"max-image-preview:large","max-video-preview":"max-video-preview:-1"},"canonical":"https:\/\/instalaciondetarimas.com\/tarima-maciza-barnizada\/2021\/12\/09\/suelo-de-madera-oscuro-barnizado-con-8-capas-de-barniz-para-uso-en-interior\/","og_locale":"es_ES","og_type":"article","og_title":"Suelo de madera oscuro barnizado con 8 capas de barniz para uso en interior - suelos de tarima maciza barnizada","og_description":"Suelo de madera oscuro barnizado con 8 capas de barniz para uso en interior. Entre ellas la madera de ip\u00e9, la de cumar\u00fa, elondo, etc.","og_url":"https:\/\/instalaciondetarimas.com\/tarima-maciza-barnizada\/2021\/12\/09\/suelo-de-madera-oscuro-barnizado-con-8-capas-de-barniz-para-uso-en-interior\/","og_site_name":"suelos de tarima maciza barnizada","article_published_time":"2021-12-09T14:18:44+00:00","article_modified_time":"2024-01-14T21:08:21+00:00","og_image":[{"width":400,"height":267,"url":"https:\/\/instalaciondetarimas.com\/tarima-maciza-barnizada\/wp-content\/uploads\/sites\/12\/2019\/04\/ipe-barnizado-1-400x267.jpg","type":"image\/jpeg"}],"author":"Ribas","twitter_card":"summary_large_image","twitter_misc":{"Escrito por":"Ribas","Tiempo de lectura":"7 minutos"},"schema":{"@context":"https:\/\/schema.org","@graph":[{"@type":"Article","@id":"https:\/\/instalaciondetarimas.com\/tarima-maciza-barnizada\/2021\/12\/09\/suelo-de-madera-oscuro-barnizado-con-8-capas-de-barniz-para-uso-en-interior\/#article","isPartOf":{"@id":"https:\/\/instalaciondetarimas.com\/tarima-maciza-barnizada\/2021\/12\/09\/suelo-de-madera-oscuro-barnizado-con-8-capas-de-barniz-para-uso-en-interior\/"},"author":{"name":"Ribas","@id":"https:\/\/instalaciondetarimas.com\/tarima-maciza-barnizada\/#\/schema\/person\/080df099c3c04ec9642544e2451b38c2"},"headline":"Suelo de madera oscuro barnizado con 8 capas de barniz para uso en interior","datePublished":"2021-12-09T14:18:44+00:00","dateModified":"2024-01-14T21:08:21+00:00","mainEntityOfPage":{"@id":"https:\/\/instalaciondetarimas.com\/tarima-maciza-barnizada\/2021\/12\/09\/suelo-de-madera-oscuro-barnizado-con-8-capas-de-barniz-para-uso-en-interior\/"},"wordCount":902,"commentCount":0,"image":{"@id":"https:\/\/instalaciondetarimas.com\/tarima-maciza-barnizada\/2021\/12\/09\/suelo-de-madera-oscuro-barnizado-con-8-capas-de-barniz-para-uso-en-interior\/#primaryimage"},"thumbnailUrl":"https:\/\/instalaciondetarimas.com\/tarima-maciza-barnizada\/wp-content\/uploads\/sites\/12\/2019\/04\/ipe-barnizado-1-400x267.jpg","keywords":["Suelo de madera oscuro barnizado"],"articleSection":["OFERTAS DE TARIMA BARNIZADA"],"inLanguage":"es","potentialAction":[{"@type":"CommentAction","name":"Comment","target":["https:\/\/instalaciondetarimas.com\/tarima-maciza-barnizada\/2021\/12\/09\/suelo-de-madera-oscuro-barnizado-con-8-capas-de-barniz-para-uso-en-interior\/#respond"]}]},{"@type":"WebPage","@id":"https:\/\/instalaciondetarimas.com\/tarima-maciza-barnizada\/2021\/12\/09\/suelo-de-madera-oscuro-barnizado-con-8-capas-de-barniz-para-uso-en-interior\/","url":"https:\/\/instalaciondetarimas.com\/tarima-maciza-barnizada\/2021\/12\/09\/suelo-de-madera-oscuro-barnizado-con-8-capas-de-barniz-para-uso-en-interior\/","name":"Suelo de madera oscuro barnizado con 8 capas de barniz para uso en interior - suelos de tarima maciza barnizada","isPartOf":{"@id":"https:\/\/instalaciondetarimas.com\/tarima-maciza-barnizada\/#website"},"primaryImageOfPage":{"@id":"https:\/\/instalaciondetarimas.com\/tarima-maciza-barnizada\/2021\/12\/09\/suelo-de-madera-oscuro-barnizado-con-8-capas-de-barniz-para-uso-en-interior\/#primaryimage"},"image":{"@id":"https:\/\/instalaciondetarimas.com\/tarima-maciza-barnizada\/2021\/12\/09\/suelo-de-madera-oscuro-barnizado-con-8-capas-de-barniz-para-uso-en-interior\/#primaryimage"},"thumbnailUrl":"https:\/\/instalaciondetarimas.com\/tarima-maciza-barnizada\/wp-content\/uploads\/sites\/12\/2019\/04\/ipe-barnizado-1-400x267.jpg","datePublished":"2021-12-09T14:18:44+00:00","dateModified":"2024-01-14T21:08:21+00:00","author":{"@id":"https:\/\/instalaciondetarimas.com\/tarima-maciza-barnizada\/#\/schema\/person\/080df099c3c04ec9642544e2451b38c2"},"description":"Suelo de madera oscuro barnizado con 8 capas de barniz para uso en interior. Entre ellas la madera de ip\u00e9, la de cumar\u00fa, elondo, etc.","breadcrumb":{"@id":"https:\/\/instalaciondetarimas.com\/tarima-maciza-barnizada\/2021\/12\/09\/suelo-de-madera-oscuro-barnizado-con-8-capas-de-barniz-para-uso-en-interior\/#breadcrumb"},"inLanguage":"es","potentialAction":[{"@type":"ReadAction","target":["https:\/\/instalaciondetarimas.com\/tarima-maciza-barnizada\/2021\/12\/09\/suelo-de-madera-oscuro-barnizado-con-8-capas-de-barniz-para-uso-en-interior\/"]}]},{"@type":"ImageObject","inLanguage":"es","@id":"https:\/\/instalaciondetarimas.com\/tarima-maciza-barnizada\/2021\/12\/09\/suelo-de-madera-oscuro-barnizado-con-8-capas-de-barniz-para-uso-en-interior\/#primaryimage","url":"https:\/\/instalaciondetarimas.com\/tarima-maciza-barnizada\/wp-content\/uploads\/sites\/12\/2019\/04\/ipe-barnizado-1-400x267.jpg","contentUrl":"https:\/\/instalaciondetarimas.com\/tarima-maciza-barnizada\/wp-content\/uploads\/sites\/12\/2019\/04\/ipe-barnizado-1-400x267.jpg","width":400,"height":267,"caption":"suelo de madera oscuro barnizado de madera de ipe"},{"@type":"BreadcrumbList","@id":"https:\/\/instalaciondetarimas.com\/tarima-maciza-barnizada\/2021\/12\/09\/suelo-de-madera-oscuro-barnizado-con-8-capas-de-barniz-para-uso-en-interior\/#breadcrumb","itemListElement":[{"@type":"ListItem","position":1,"name":"Portada","item":"https:\/\/instalaciondetarimas.com\/tarima-maciza-barnizada\/"},{"@type":"ListItem","position":2,"name":"Suelo de madera oscuro barnizado con 8 capas de barniz para uso en interior"}]},{"@type":"WebSite","@id":"https:\/\/instalaciondetarimas.com\/tarima-maciza-barnizada\/#website","url":"https:\/\/instalaciondetarimas.com\/tarima-maciza-barnizada\/","name":"suelos de tarima maciza barnizada","description":"Otro sitio m\u00e1s de Sitios de Instalaci\u00f3n y venta de Tarimas de exterior en interior","potentialAction":[{"@type":"SearchAction","target":{"@type":"EntryPoint","urlTemplate":"https:\/\/instalaciondetarimas.com\/tarima-maciza-barnizada\/?s={search_term_string}"},"query-input":{"@type":"PropertyValueSpecification","valueRequired":true,"valueName":"search_term_string"}}],"inLanguage":"es"},{"@type":"Person","@id":"https:\/\/instalaciondetarimas.com\/tarima-maciza-barnizada\/#\/schema\/person\/080df099c3c04ec9642544e2451b38c2","name":"Ribas","image":{"@type":"ImageObject","inLanguage":"es","@id":"https:\/\/instalaciondetarimas.com\/tarima-maciza-barnizada\/#\/schema\/person\/image\/","url":"https:\/\/secure.gravatar.com\/avatar\/53f051e804b18764c53f9952c629b135af8edb7bb2b61711c5175ce506878789?s=96&d=mm&r=g","contentUrl":"https:\/\/secure.gravatar.com\/avatar\/53f051e804b18764c53f9952c629b135af8edb7bb2b61711c5175ce506878789?s=96&d=mm&r=g","caption":"Ribas"},"url":"https:\/\/instalaciondetarimas.com\/tarima-maciza-barnizada\/author\/admin\/"}]}},"_links":{"self":[{"href":"https:\/\/instalaciondetarimas.com\/tarima-maciza-barnizada\/wp-json\/wp\/v2\/posts\/290","targetHints":{"allow":["GET"]}}],"collection":[{"href":"https:\/\/instalaciondetarimas.com\/tarima-maciza-barnizada\/wp-json\/wp\/v2\/posts"}],"about":[{"href":"https:\/\/instalaciondetarimas.com\/tarima-maciza-barnizada\/wp-json\/wp\/v2\/types\/post"}],"author":[{"embeddable":true,"href":"https:\/\/instalaciondetarimas.com\/tarima-maciza-barnizada\/wp-json\/wp\/v2\/users\/1"}],"replies":[{"embeddable":true,"href":"https:\/\/instalaciondetarimas.com\/tarima-maciza-barnizada\/wp-json\/wp\/v2\/comments?post=290"}],"version-history":[{"count":13,"href":"https:\/\/instalaciondetarimas.com\/tarima-maciza-barnizada\/wp-json\/wp\/v2\/posts\/290\/revisions"}],"predecessor-version":[{"id":327,"href":"https:\/\/instalaciondetarimas.com\/tarima-maciza-barnizada\/wp-json\/wp\/v2\/posts\/290\/revisions\/327"}],"wp:featuredmedia":[{"embeddable":true,"href":"https:\/\/instalaciondetarimas.com\/tarima-maciza-barnizada\/wp-json\/wp\/v2\/media\/285"}],"wp:attachment":[{"href":"https:\/\/instalaciondetarimas.com\/tarima-maciza-barnizada\/wp-json\/wp\/v2\/media?parent=290"}],"wp:term":[{"taxonomy":"category","embeddable":true,"href":"https:\/\/instalaciondetarimas.com\/tarima-maciza-barnizada\/wp-json\/wp\/v2\/categories?post=290"},{"taxonomy":"post_tag","embeddable":true,"href":"https:\/\/instalaciondetarimas.com\/tarima-maciza-barnizada\/wp-json\/wp\/v2\/tags?post=290"}],"curies":[{"name":"wp","href":"https:\/\/api.w.org\/{rel}","templated":true}]}}