{"id":987,"date":"2025-04-17T21:58:34","date_gmt":"2025-04-17T19:58:34","guid":{"rendered":"http:\/\/instalaciondetarimas.com\/tarima-exterior\/?p=987"},"modified":"2025-04-20T12:44:07","modified_gmt":"2025-04-20T10:44:07","slug":"como-nivelar-los-rastreles-con-cunas-para-colocar-una-tarima","status":"publish","type":"post","link":"https:\/\/instalaciondetarimas.com\/tarima-exterior\/2025\/04\/17\/como-nivelar-los-rastreles-con-cunas-para-colocar-una-tarima\/","title":{"rendered":"C\u00f3mo nivelar los rastreles con cu\u00f1as para colocar una tarima"},"content":{"rendered":"<p><a href=\"https:\/\/instalaciondetarimas.com\/tarima-exterior\/wp-content\/uploads\/sites\/11\/2025\/04\/dibujo-cun\u0303as-texto-tropical.gif\"><img loading=\"lazy\" decoding=\"async\" class=\"wp-image-1914 size-full\" src=\"https:\/\/instalaciondetarimas.com\/tarima-exterior\/wp-content\/uploads\/sites\/11\/2025\/04\/dibujo-cun\u0303as-texto-tropical.gif\" alt=\"dibujo de dos cu\u00f1as con un chequeo y texto cu\u00f1a tropical\" width=\"842\" height=\"283\" \/><\/a><\/p>\n<p><a href=\"https:\/\/instalaciondetarimas.com\/tarima-exterior\/wp-content\/uploads\/sites\/11\/2025\/04\/texto-nivelacion-con-calzos.gif\"><img loading=\"lazy\" decoding=\"async\" class=\"wp-image-1904 size-full\" src=\"https:\/\/instalaciondetarimas.com\/tarima-exterior\/wp-content\/uploads\/sites\/11\/2025\/04\/texto-nivelacion-con-calzos.gif\" alt=\"texto de nivelaci\u00f3n de rastrel tropical con cu\u00f1as de madera tropical\" width=\"842\" height=\"544\" \/><\/a><\/p>\n<p>&nbsp;<\/p>\n<div  class=\"et_lb_module et_lb_toggle et_lb_toggle_close\">\r\n\t\t\t\t\t<div class='et_lb_module_content'>\r\n\t\t\t\t\t\t<div class='et_lb_module_content_inner'>\r\n\t\t\t\t\t\t\t<h3 class='et_lb_toggle_title'>Nivelaci\u00f3n con calzos triangulares<span class='et_toggle'><\/span><\/h3>\r\n\t\t\t\t\t\t\t<div class='et_lb_toggle_content clearfix et_lb_hidden'>\n<h1>C\u00f3mo nivelar los rastreles con cu\u00f1as o calzos triangulares para una instalaci\u00f3n de tarima en la intemperie o en el interior.<\/h1>\n<p><span style=\"font-family: arial, helvetica, sans-serif; font-size: medium;\">Nivelar los rastreles con cu\u00f1as o calzos no es nuestro m\u00e9todo favorito para <a title=\"nivelar\" href=\"https:\/\/es.wiktionary.org\/wiki\/nivelar\" target=\"_blank\" rel=\"nofollow noopener sponsored\">nivelar<\/a> una tarima exterior. Porque es obligatorio tener una base de hormig\u00f3n.<\/span><\/p>\n<p><span style=\"font-family: arial, helvetica, sans-serif; font-size: medium;\">Pero se puede emplear siempre y cuando se sea muy riguroso. Para lo cual hay que cumplir a raja tabla lo siguiente.<\/span><\/p>\n<div  class=\"et_lb_module et_lb_list et_lb_list_checkmark\">\n<ul>\n<li><span style=\"font-family: arial, helvetica, sans-serif; font-size: medium;\">Emplear cu\u00f1as o calzos de madera tropical obligatoriamente y no cu\u00f1as de maderas blandas. <\/span><\/li>\n<li><span style=\"font-family: arial, helvetica, sans-serif; font-size: medium;\">Usar un adhesivo de primera calidad con un certificado D4, con 20 a\u00f1os de garant\u00eda. <\/span><\/li>\n<li><span style=\"font-family: arial, helvetica, sans-serif; font-size: medium;\">Otra opci\u00f3n ser\u00eda fijar las cu\u00f1as con tornillos con un taladro previo para que no se desplacen.\u00a0<\/span><\/li>\n<\/ul>\n<p><span style=\"font-family: arial, helvetica, sans-serif; font-size: medium;\">El adhesivo se emplear\u00e1 entre las cu\u00f1as, la base de hormig\u00f3n y los rastreles. Si el adhesivo es l\u00edquido mejor y que sea de poliuretano con un <a title=\"certificado\" href=\"https:\/\/www.rae.es\/diccionario-estudiante\/certificado\" target=\"_blank\" rel=\"noopener sponsored\">certificado<\/a> D4 y no D3. Hay marcas que dan 20 a\u00f1os de garant\u00eda. Estos adhesivos se expanden mucho y rellenan los huecos dejando fijadas las cu\u00f1as y los suplementos de altura.\u00a0<\/span><\/p>\n<ul>\n<li><span style=\"font-family: arial, helvetica, sans-serif; font-size: medium;\">Si se debe aumentar la altura del rastrel se puede emplear un suplemento con una base fijada con tornillos. <\/span><\/li>\n<li><span style=\"font-family: arial, helvetica, sans-serif; font-size: medium;\">Los rastreles se puede poner <a title=\"Colocaci\u00f3n de los rastreles en la instalaci\u00f3n de tarima exterior\" href=\"https:\/\/instalaciondetarimas.com\/blog\/2016\/07\/04\/colocacion-de-los-rastreles-tropicales-tumbados-o-de-pie\/\" target=\"_blank\" rel=\"noopener sponsored\">tumbados o de pi\u00e9<\/a>, pero si empleas cu\u00f1as es m\u00e1s l\u00f3gico colocarlos tumbados. Porque ser\u00e1 m\u00e1s estable el rastrel tumbado calzado por los lados. Colocado de pi\u00e9 es obvio qu\u00e9 estar\u00e1 menos estable.<\/span><\/li>\n<\/ul>\n<p><span style=\"font-size: x-large;\"><span style=\"font-size: medium; font-family: arial,helvetica,sans-serif;\"><\/div> <!-- end .et_lb_list --><\/span><\/span><\/p>\n\t\t\t<\/div>\r\n\t\t\t\t\t\t<\/div> <!-- end .et_lb_module_content_inner -->\r\n\t\t\t\t\t<\/div> <!-- end .et_lb_module_content -->\r\n\t\t\t\t<\/div> <!-- end .et_lb_toggle -->\n<p><span style=\"font-family: arial, helvetica, sans-serif; font-size: medium;\"> Hay diversos <a title=\"Elevaci\u00f3n de la instalaci\u00f3n de los rastreles durante la colocaci\u00f3n de la tarima\" href=\"https:\/\/instalaciondetarimas.com\/blog\/2018\/02\/09\/la-instalacion-de-los-rastreles-para-sujetar-la-tarima\/\" target=\"_blank\" rel=\"noopener sponsored\">modos o t\u00e9cnicas para elevar el rastrel,<\/a> por ejemplo se pueden poner patas, como las de un acueducto, que variar\u00e1n su altura. Pero tambi\u00e9n se puede buscar el nivel con calzos triangulares, es decir, con<\/span><span style=\"font-family: arial, helvetica, sans-serif; font-size: medium;\">\u00a0cu\u00f1as tropicales en una instalaci\u00f3n de tarima.<\/span><\/p>\n<p><a href=\"https:\/\/instalaciondetarimas.com\/tarima-exterior\/wp-content\/uploads\/sites\/11\/2025\/04\/pasos-colocacion-calzos-ras.gif\"><img loading=\"lazy\" decoding=\"async\" class=\"wp-image-1866 size-full\" src=\"https:\/\/instalaciondetarimas.com\/tarima-exterior\/wp-content\/uploads\/sites\/11\/2025\/04\/pasos-colocacion-calzos-ras.gif\" alt=\"Dibujo con los pasos para nivelar los rastreles con cu\u00f1as\" width=\"840\" height=\"1140\" \/><\/a><\/p>\n<div  class=\"et_lb_module et_lb_slogan\">\r\n\t\t\t\t\t<div class='et_lb_module_content clearfix'>El peligro de emplear cu\u00f1as o calzos triangulares es que se desplacen por el peso, para evitarlo deberas seguir nuestros consejos<span class='right-quote'><\/span><\/div> <!-- end .et_lb_module_content -->\r\n\t\t\t\t<\/div> <!-- end .et_lb_slogan -->\n<p>&nbsp;<\/p>\n<p>&nbsp;<\/p>\n<p>&nbsp;<\/p>\n<p><a href=\"https:\/\/instalaciondetarimas.com\/tarima-exterior\/wp-content\/uploads\/sites\/11\/2025\/04\/rastre-sujeto-con-calzos.gif\"><img loading=\"lazy\" decoding=\"async\" class=\"wp-image-1874 size-full\" src=\"https:\/\/instalaciondetarimas.com\/tarima-exterior\/wp-content\/uploads\/sites\/11\/2025\/04\/rastre-sujeto-con-calzos.gif\" alt=\"dibujo e el que se ve como nivelar los rastreles con cu\u00f1as\" width=\"840\" height=\"660\" \/><\/a><\/p>\n<div  class=\"et_lb_module et_lb_toggle et_lb_toggle_close\">\r\n\t\t\t\t\t<div class='et_lb_module_content'>\r\n\t\t\t\t\t\t<div class='et_lb_module_content_inner'>\r\n\t\t\t\t\t\t\t<h3 class='et_lb_toggle_title'>A tener en cuenta<span class='et_toggle'><\/span><\/h3>\r\n\t\t\t\t\t\t\t<div class='et_lb_toggle_content clearfix et_lb_hidden'>\n<h2>los peligros al nivelar los rastreles con cu\u00f1as para colocar una tarima<\/h2>\n<p><span style=\"font-family: arial, helvetica, sans-serif; font-size: medium;\">El peligro de este sistema de instalaci\u00f3n de rastreles tropicales es que por el peso los calzos triangulares se vayan desplazando con el tiempo. Por eso se debe ser riguroso con el mejor adhesivo. Nosotros en esta instalaci\u00f3n hemos empleado un adhesivo con una certificaci\u00f3n D4 para la intemperie con 20 a\u00f1os de garant\u00eda. De modo que no hemos fijado las cu\u00f1as con tornillos. Si te quieres curar en salud podr\u00edas una vez seco el pegamento hacer una taladro con una broca para metal de 3 mm y luego poner un tornillo de acero inoxidable.<\/span><\/p>\n<p><span style=\"font-family: arial, helvetica, sans-serif; font-size: medium;\">Nuestro m\u00e9todo de instalaci\u00f3n favorito y recomendado es el <strong>sistema de instalaci\u00f3n con <a title=\"doble rastrel cruzado\u00e7\" href=\"https:\/\/instalaciondetarimas.com\/blog\/2019\/02\/09\/colocacion-de-tarima-de-exterior-sobre-rastreles-tropicales-cruzados\/\" target=\"_blank\" rel=\"noopener sponsored\">doble rastrel cruzado<\/a><\/strong>. porque luego a la hora de hacer los <a title=\"refuerzos de testas\" href=\"https:\/\/instalaciondetarimas.com\/blog\/2025\/04\/12\/refuerzo-de-testas-en-la-tarima-exterior\/\" target=\"_blank\" rel=\"noopener sponsored\">refuerzos de testas<\/a> y de <a title=\"enderezar las tablas curvadas\" href=\"https:\/\/instalaciondetarimas.com\/blog\/2024\/12\/01\/como-enderezar-las-tarimas-curvadas-o-arqueadas-en-una-instalacion-de-tarima\/\" target=\"_blank\" rel=\"noopener sponsored\">enderezar las tablas curvadas<\/a> es significativamente mejor. Porque <\/span><span style=\"font-family: arial, helvetica, sans-serif; font-size: medium;\">haciendo uso de la estructura es m\u00e1s f\u00e1cil<\/span><strong style=\"font-family: arial, helvetica, sans-serif; font-size: medium;\"> a\u00f1adir un rastrel extra<\/strong><span style=\"font-family: arial, helvetica, sans-serif; font-size: medium;\">. <\/span><\/p>\n<p><span style=\"font-family: arial, helvetica, sans-serif; font-size: medium;\">Ambos sistemas de instalaci\u00f3n son adecuados<\/span><strong style=\"font-family: arial, helvetica, sans-serif; font-size: medium;\">\u00a0tanto para el <a title=\"perfil de tarima con grapa oculta\" href=\"https:\/\/instalaciondetarimas.com\/tarima-exterior\/2024\/02\/17\/tarima-con-grapa-oculta-ventajas-e-inconvenientes-de-este-sistema-de-instalacion\/\" target=\"_blank\" rel=\"noopener sponsored\">perfil de tarima con grapa oculta<\/a><\/strong><span style=\"font-family: arial, helvetica, sans-serif; font-size: medium;\"> como el de <\/span><strong style=\"font-family: arial, helvetica, sans-serif; font-size: medium;\">grapa vista<\/strong><span style=\"font-family: arial, helvetica, sans-serif; font-size: medium;\"> y para <\/span><strong style=\"font-family: arial, helvetica, sans-serif; font-size: medium;\">otros <a title=\"tipos de tarimas de exteriores\" href=\"https:\/\/instalaciondetarimas.com\/tarima-exterior\/2024\/02\/10\/clasificacion-o-tipos-de-tarima-para-exteriores\/\" target=\"_blank\" rel=\"noopener sponsored\">tipos de tarimas de exteriores<\/a>.<\/strong><\/p>\n\t\t\t<\/div>\r\n\t\t\t\t\t\t<\/div> <!-- end .et_lb_module_content_inner -->\r\n\t\t\t\t\t<\/div> <!-- end .et_lb_module_content -->\r\n\t\t\t\t<\/div> <!-- end .et_lb_toggle -->\n<div  class=\"et_lb_module et_lb_slogan\">\r\n\t\t\t\t\t<div class='et_lb_module_content clearfix'>Si realizas una elevaci\u00f3n de la tarima con cu\u00f1as debes ser muy riguroso, deben ser de madera tropical, usando adhesivos con certificados D4 <span class='right-quote'><\/span><\/div> <!-- end .et_lb_module_content -->\r\n\t\t\t\t<\/div> <!-- end .et_lb_slogan -->\n<div  class=\"et_lb_module et_lb_list et_lb_list_arrow\">\n<h3><span style=\"font-family: arial, helvetica, sans-serif; font-size: medium;\">Los pasos para colocar los calzos son los siguientes: <\/span><\/h3>\n<ul>\n<li><span style=\"font-family: arial, helvetica, sans-serif; font-size: medium;\">Colocar cuerdas de nivel para saber la altura correcta del rastrel. <\/span><\/li>\n<li><span style=\"font-family: arial, helvetica, sans-serif; font-size: medium;\">Si con las cu\u00f1as no sube la altura suficiente tendr\u00e1s que a\u00f1adir una base elevadora hecha con rastrel tropical. <\/span><\/li>\n<li><span style=\"font-family: arial, helvetica, sans-serif; font-size: medium;\">Con los calzos podemos buscar el nivel milim\u00e9tricamente colocando dos calzos por cada lado<\/span><\/li>\n<\/ul>\n<p><span style=\"font-size: x-large;\"><span style=\"font-size: medium; font-family: arial,helvetica,sans-serif;\"><\/div> <!-- end .et_lb_list --><\/span><\/span><\/p>\n<p><a href=\"https:\/\/instalaciondetarimas.com\/tarima-exterior\/wp-content\/uploads\/sites\/11\/2025\/04\/rastre-calzado.jpg\"><img loading=\"lazy\" decoding=\"async\" class=\"wp-image-1879 size-full aligncenter\" src=\"https:\/\/instalaciondetarimas.com\/tarima-exterior\/wp-content\/uploads\/sites\/11\/2025\/04\/rastre-calzado.jpg\" alt=\"Dos fotos de rastreles nivelados con cu\u00f1as de madera tropical\" width=\"380\" height=\"700\" srcset=\"https:\/\/instalaciondetarimas.com\/tarima-exterior\/wp-content\/uploads\/sites\/11\/2025\/04\/rastre-calzado.jpg 380w, https:\/\/instalaciondetarimas.com\/tarima-exterior\/wp-content\/uploads\/sites\/11\/2025\/04\/rastre-calzado-163x300.jpg 163w, https:\/\/instalaciondetarimas.com\/tarima-exterior\/wp-content\/uploads\/sites\/11\/2025\/04\/rastre-calzado-150x276.jpg 150w\" sizes=\"auto, (max-width: 380px) 100vw, 380px\" \/><\/a><\/p>\n<div  class=\"et_lb_module et_lb_slogan\">\r\n\t\t\t\t\t<div class='et_lb_module_content clearfix'>\n<p>Recomendamos el rastrel tropical con las medidas de 5 x2\u00a0 cm \u00f3 de 5 x 3 cm<\/p>\n<span class='right-quote'><\/span><\/div> <!-- end .et_lb_module_content -->\r\n\t\t\t\t<\/div> <!-- end .et_lb_slogan -->\n<p><a href=\"https:\/\/instalaciondetarimas.com\/tarima-exterior\/wp-content\/uploads\/sites\/11\/2025\/04\/texto-suelo-hormigon.gif\"><img loading=\"lazy\" decoding=\"async\" class=\"wp-image-1906 size-full\" src=\"https:\/\/instalaciondetarimas.com\/tarima-exterior\/wp-content\/uploads\/sites\/11\/2025\/04\/texto-suelo-hormigon.gif\" alt=\"texto: es necesario un suelo de hormig\u00f3n para el sistema de nivelaci\u00f3n con cu\u00f1as, que requiere taladros y tornillos en el suelo con adhesivos d4\" width=\"842\" height=\"391\" \/><\/a><\/p>\n<div id=\"attachment_1881\" style=\"width: 831px\" class=\"wp-caption alignnone\"><a href=\"https:\/\/instalaciondetarimas.com\/tarima-exterior\/wp-content\/uploads\/sites\/11\/2025\/04\/rastrel-tropical-con-calzos.jpg\"><img loading=\"lazy\" decoding=\"async\" aria-describedby=\"caption-attachment-1881\" class=\"wp-image-1881 \" src=\"https:\/\/instalaciondetarimas.com\/tarima-exterior\/wp-content\/uploads\/sites\/11\/2025\/04\/rastrel-tropical-con-calzos.jpg\" alt=\"Dos fotos de cerca y de lejos del proceso de instalaci\u00f3n de tarima con cu\u00f1as, \" width=\"821\" height=\"1097\" srcset=\"https:\/\/instalaciondetarimas.com\/tarima-exterior\/wp-content\/uploads\/sites\/11\/2025\/04\/rastrel-tropical-con-calzos.jpg 900w, https:\/\/instalaciondetarimas.com\/tarima-exterior\/wp-content\/uploads\/sites\/11\/2025\/04\/rastrel-tropical-con-calzos-224x300.jpg 224w, https:\/\/instalaciondetarimas.com\/tarima-exterior\/wp-content\/uploads\/sites\/11\/2025\/04\/rastrel-tropical-con-calzos-766x1024.jpg 766w, https:\/\/instalaciondetarimas.com\/tarima-exterior\/wp-content\/uploads\/sites\/11\/2025\/04\/rastrel-tropical-con-calzos-768x1027.jpg 768w, https:\/\/instalaciondetarimas.com\/tarima-exterior\/wp-content\/uploads\/sites\/11\/2025\/04\/rastrel-tropical-con-calzos-150x201.jpg 150w\" sizes=\"auto, (max-width: 821px) 100vw, 821px\" \/><\/a><p id=\"caption-attachment-1881\" class=\"wp-caption-text\">Dos fotos de cerca y de lejos del proceso de instalaci\u00f3n de tarima con cu\u00f1as,<\/p><\/div>\n<div  class=\"et_lb_module et_lb_slogan\">\r\n\t\t\t\t\t<div class='et_lb_module_content clearfix'>\n<p>No te aconsejamos el rastrel o las cu\u00f1as con maderas blandas, luego saldr\u00eda cara la sustituci\u00f3n del rastrel<\/p>\n<span class='right-quote'><\/span><\/div> <!-- end .et_lb_module_content -->\r\n\t\t\t\t<\/div> <!-- end .et_lb_slogan -->\n<div id=\"attachment_1902\" style=\"width: 960px\" class=\"wp-caption alignnone\"><a href=\"https:\/\/instalaciondetarimas.com\/tarima-exterior\/wp-content\/uploads\/sites\/11\/2025\/04\/piscina-con-rastrel-calzos.jpg\"><img loading=\"lazy\" decoding=\"async\" aria-describedby=\"caption-attachment-1902\" class=\"wp-image-1902 size-full\" src=\"https:\/\/instalaciondetarimas.com\/tarima-exterior\/wp-content\/uploads\/sites\/11\/2025\/04\/piscina-con-rastrel-calzos.jpg\" alt=\"tres fotos con el antes y el despu\u00e9s de una instalaci\u00f3n de tarima de exterior usando cu\u00f1as\" width=\"950\" height=\"1084\" srcset=\"https:\/\/instalaciondetarimas.com\/tarima-exterior\/wp-content\/uploads\/sites\/11\/2025\/04\/piscina-con-rastrel-calzos.jpg 950w, https:\/\/instalaciondetarimas.com\/tarima-exterior\/wp-content\/uploads\/sites\/11\/2025\/04\/piscina-con-rastrel-calzos-263x300.jpg 263w, https:\/\/instalaciondetarimas.com\/tarima-exterior\/wp-content\/uploads\/sites\/11\/2025\/04\/piscina-con-rastrel-calzos-897x1024.jpg 897w, https:\/\/instalaciondetarimas.com\/tarima-exterior\/wp-content\/uploads\/sites\/11\/2025\/04\/piscina-con-rastrel-calzos-768x876.jpg 768w, https:\/\/instalaciondetarimas.com\/tarima-exterior\/wp-content\/uploads\/sites\/11\/2025\/04\/piscina-con-rastrel-calzos-150x171.jpg 150w\" sizes=\"auto, (max-width: 950px) 100vw, 950px\" \/><\/a><p id=\"caption-attachment-1902\" class=\"wp-caption-text\">tres fotos con el antes y el despu\u00e9s de una instalaci\u00f3n de tarima de exterior usando cu\u00f1as<\/p><\/div>\n<div  class=\"et_lb_module et_lb_slogan\">\r\n\t\t\t\t\t<div class='et_lb_module_content clearfix'>\n<p>El sistema de nivelaci\u00f3n con cu\u00f1as se aconseja para soleras de hormig\u00f3n, para terrazas es recomendable el doble rastrel cruzado<\/p>\n<span class='right-quote'><\/span><\/div> <!-- end .et_lb_module_content -->\r\n\t\t\t\t<\/div> <!-- end .et_lb_slogan -->\n<div id=\"attachment_1886\" style=\"width: 810px\" class=\"wp-caption alignnone\"><a href=\"https:\/\/instalaciondetarimas.com\/tarima-exterior\/wp-content\/uploads\/sites\/11\/2025\/04\/tarima-exterior-cumaru-rojo.jpg\"><img loading=\"lazy\" decoding=\"async\" aria-describedby=\"caption-attachment-1886\" class=\"wp-image-1886 size-full\" src=\"https:\/\/instalaciondetarimas.com\/tarima-exterior\/wp-content\/uploads\/sites\/11\/2025\/04\/tarima-exterior-cumaru-rojo.jpg\" alt=\"Foto de piscina con tarima exterior de cumar\u00fa rojo\" width=\"800\" height=\"1204\" srcset=\"https:\/\/instalaciondetarimas.com\/tarima-exterior\/wp-content\/uploads\/sites\/11\/2025\/04\/tarima-exterior-cumaru-rojo.jpg 800w, https:\/\/instalaciondetarimas.com\/tarima-exterior\/wp-content\/uploads\/sites\/11\/2025\/04\/tarima-exterior-cumaru-rojo-199x300.jpg 199w, https:\/\/instalaciondetarimas.com\/tarima-exterior\/wp-content\/uploads\/sites\/11\/2025\/04\/tarima-exterior-cumaru-rojo-680x1024.jpg 680w, https:\/\/instalaciondetarimas.com\/tarima-exterior\/wp-content\/uploads\/sites\/11\/2025\/04\/tarima-exterior-cumaru-rojo-768x1156.jpg 768w, https:\/\/instalaciondetarimas.com\/tarima-exterior\/wp-content\/uploads\/sites\/11\/2025\/04\/tarima-exterior-cumaru-rojo-150x226.jpg 150w\" sizes=\"auto, (max-width: 800px) 100vw, 800px\" \/><\/a><p id=\"caption-attachment-1886\" class=\"wp-caption-text\">Foto de piscina con tarima exterior de cumar\u00fa rojo<\/p><\/div>\n<p><a title=\"logo carrito tarima exterior\" href=\"https:\/\/shop.instalaciondetarimas.com\/categoria-producto\/tarima-para-el-exterior\/\" target=\"_blank\" rel=\"noopener sponsored\"><img loading=\"lazy\" decoding=\"async\" class=\"wp-image-1910 size-full aligncenter\" src=\"https:\/\/instalaciondetarimas.com\/tarima-exterior\/wp-content\/uploads\/sites\/11\/2025\/04\/logo-comprar-tarima-ext.gif\" alt=\"logo con forma de carrito de compra con texto comprar tarima exterior\" width=\"313\" height=\"312\" \/><\/a><\/p>\n<p><a title=\"logo tienda tarima ipe\" href=\"https:\/\/shop.instalaciondetarimas.com\/producto\/resto-de-stock-en-oferta-de-tarima-de-ipe-exterior-medidas-largos-de-600-a-2400-mm-x-95-mm-de-ancho-y-21-mm-de-espesor\/\" target=\"_blank\" rel=\"noopener sponsored\"><img loading=\"lazy\" decoding=\"async\" class=\"wp-image-8108 size-full aligncenter\" src=\"https:\/\/instalaciondetarimas.com\/wp-content\/uploads\/logo-tienda-ipe.gif\" alt=\"logo carrito de tienda para tarima ipe\" width=\"313\" height=\"312\" \/><\/a><\/p>\n<p>&nbsp;<\/p>\n<p><a title=\"rastrel de pino autoclave\" href=\"https:\/\/instalaciondetarimas.com\/blog\/2021\/03\/28\/por-que-no-es-una-buena-idea-emplear-el-rastrel-de-pino-autoclave\/\" target=\"_blank\" rel=\"noopener sponsored\"><img loading=\"lazy\" decoding=\"async\" class=\"wp-image-1890 aligncenter\" src=\"https:\/\/instalaciondetarimas.com\/tarima-exterior\/wp-content\/uploads\/sites\/11\/2025\/04\/pino.cuperizado-396x400-1.jpg\" alt=\"Imagen con texto sobre reparaci\u00f3n de tarima con im\u00e1genes comparando antes y despu\u00e9s\" width=\"664\" height=\"618\" \/><\/a><\/p>\n<p>&nbsp;<\/p>\n<div  class=\"et_lb_module et_lb_list et_lb_list_x\">\n<ul>\n<li><span style=\"font-family: arial, helvetica, sans-serif; font-size: medium;\">No son adecuados las cu\u00f1as hechas con maderas blandas (pino, abeto, etc): Olv\u00eddate de lo que le pongas, se pudren igual aunque se protejan.<\/span><\/li>\n<li><span style=\"font-family: arial, helvetica, sans-serif; font-size: medium;\">No uses cola de carpintero convencional, no sirve cualquier adhesivo.<\/span><\/li>\n<li><span style=\"font-family: arial, helvetica, sans-serif; font-size: medium;\">No uses rastreles de maderas blandas.<\/span><\/li>\n<\/ul>\n<p><span style=\"font-size: x-large;\"><span style=\"font-size: medium; font-family: arial,helvetica,sans-serif;\"><\/div> <!-- end .et_lb_list --><\/span><\/span><\/p>\n<div  class=\"et_lb_module et_lb_list et_lb_list_checkmark\"><!--CusAds0-->\n<h4><span style=\"font-size: x-large;\">Si est\u00e1s pensando en hacer una instalaci\u00f3n de interior o exterior \u00bfQu\u00e9 te podemos ofrecer? <\/span><\/h4>\n<ul>\n<li><span style=\"font-size: medium; font-family: arial,helvetica,sans-serif;\"><strong>Asesor\u00eda<\/strong> sobre materiales y t\u00e9cnicas si te animas a hacer t\u00fa mismo la instalaci\u00f3n. <\/span><\/li>\n<li><span style=\"font-size: medium; font-family: arial,helvetica,sans-serif;\">Plano de instalaci\u00f3n paso a paso.<\/span><\/li>\n<li><span style=\"font-size: medium; font-family: arial,helvetica,sans-serif;\"><strong>Suministro<\/strong> de los mejores <strong>tarimas premium<\/strong>. <\/span><\/li>\n<li><span style=\"font-size: medium; font-family: arial,helvetica,sans-serif;\"><strong>Venta<\/strong> de los materiales.<\/span><\/li>\n<li><span style=\"font-size: medium; font-family: arial,helvetica,sans-serif;\"><strong> Instalaci\u00f3n<\/strong> con nuestros materiales premium. <\/span><\/li>\n<li><span style=\"font-size: medium; font-family: arial,helvetica,sans-serif;\"><a title=\"restaurar una tarima exterior\" href=\"https:\/\/instalaciondetarimas.com\/blog\/2016\/07\/12\/restaurar-una-tarima-exterior\/\" target=\"_blank\" rel=\"nofollow noopener sponsored\"><strong>Restaurar<\/strong> una tarima<\/a> que llevase rastreles de pino para sustituirlos por rastrel tropical. <\/span><\/li>\n<li><span style=\"font-size: medium; font-family: arial,helvetica,sans-serif;\"><strong>Lijar y acondicionar<\/strong> una tarima <a title=\"color gris\" href=\"https:\/\/es.wikipedia.org\/wiki\/Gris\" target=\"_blank\" rel=\"nofollow noopener sponsored\">gris<\/a>. <\/span><\/li>\n<li><span style=\"font-size: medium; font-family: arial,helvetica,sans-serif;\"><strong>Mantenimientos<\/strong> anuales por contrato. <\/span><\/li>\n<li><span style=\"font-size: medium; font-family: arial,helvetica,sans-serif;\"><strong>Venta de productos<\/strong> de <em>mantenimiento (barnices, aceites, cetoles, tornillos, adhesivos para <a title=\"adhesivos para tarima\" href=\"https:\/\/instalaciondetarimas.com\/tarima-exterior\/2017\/09\/27\/adhesivo-para-tarima-o-madera\/\" target=\"_blank\" rel=\"noopener sponsored\">exterior<\/a> o interior, <a title=\"Grapas para tarima de acero inoxidable A4 (AISI 316)\" href=\"https:\/\/instalaciondetarimas.com\/blog\/2022\/06\/18\/grapas-para-tarima-de-acero-inoxidable-a4-aisi-316\/\" target=\"_blank\" rel=\"noopener sponsored\">grapas para tarima<\/a>, etc. )<\/em><\/span><\/li>\n<\/ul>\n<\/div> <!-- end .et_lb_list -->\n<p style=\"text-align: center;\"><span style=\"font-size: x-large; font-family: arial,helvetica,sans-serif;\">Presupuestos sin compromiso y asesor\u00eda<\/span><\/p>\n<p style=\"text-align: center;\"><span style=\"font-size: x-large; font-family: arial,helvetica,sans-serif;\"> | +34 <strong>636 52 04 08<\/strong> | 91 890 51 61 |<\/span><\/p>\n<p>&nbsp;<\/p>\n<p><a title=\"sucupira tienda\" href=\"https:\/\/shop.instalaciondetarimas.com\/producto\/el-mejor-precio-de-sucupira-exterior\/\" target=\"_blank\" rel=\"noopener sponsored\"><img loading=\"lazy\" decoding=\"async\" class=\"wp-image-8111 size-full aligncenter\" src=\"https:\/\/instalaciondetarimas.com\/wp-content\/uploads\/logo-tienda-sucupira.gif\" alt=\"loto tienda de tarima de sucupira\" width=\"313\" height=\"312\" \/><\/a><\/p>\n<p>&nbsp;<\/p>\n<p>&nbsp;<\/p>\n<p>&nbsp;<\/p>\n<p>&nbsp;<\/p>\n<p>&nbsp;<\/p>\n<p><a title=\"cetol 2,5 l\" href=\"https:\/\/instalaciondetarimas.com\/wp-content\/uploads\/cetol-wf771.gif\" target=\"_blank\" rel=\"noopener sponsored\"><img loading=\"lazy\" decoding=\"async\" class=\"alignnone wp-image-5170 size-full aligncenter\" src=\"https:\/\/instalaciondetarimas.com\/wp-content\/uploads\/cetol-wf771.gif\" alt=\"cetol wf771 con textos de tel\u00e9fono y otros gr\u00e1ficos\" width=\"300\" height=\"300\" \/><\/a><\/p>\n<p style=\"text-align: center;\"><span style=\"font-size: x-large; font-family: arial,helvetica,sans-serif;\"><strong>Venta de producto o mantenimientos con cetol WF771.<\/strong> <\/span><\/p>\n<p style=\"text-align: center;\"><span style=\"font-size: x-large; font-family: arial,helvetica,sans-serif;\">Fabricamos los colores a medida<\/span><\/p>\n<p style=\"text-align: center;\"><span style=\"font-size: x-large; font-family: arial,helvetica,sans-serif;\">Presupuestos sin compromiso<\/span><\/p>\n<p style=\"text-align: center;\"><span style=\"font-size: x-large; font-family: arial,helvetica,sans-serif;\"> | <strong>636 52 04 08<\/strong> | 91 890 51 61 |<\/span><\/p>\n<p><a title=\"Foto de grapa de acero inoxidable AISI 316 con textos de nervios y u\u00f1as\" href=\"https:\/\/instalaciondetarimas.com\/wp-content\/uploads\/grapa-nervio-un\u0303a.jpg\" target=\"_blank\" rel=\"noopener sponsored\"><img loading=\"lazy\" decoding=\"async\" class=\"wp-image-6906 size-full\" src=\"https:\/\/instalaciondetarimas.com\/wp-content\/uploads\/grapa-nervio-un\u0303a.jpg\" alt=\"Foto de grapa de acero inoxidable AISI 316 con textos de nervios y u\u00f1as\" width=\"900\" height=\"900\" \/><\/a><\/p>\n<h4><span style=\"font-size: x-large; font-family: arial,helvetica,sans-serif;\">Textos relacionados con el <a href=\"https:\/\/instalaciondetarimas.com\/madera-maciza-interior\/2019\/04\/12\/precio-de-los-rastreles-para-montar-la-tarima\/\" target=\"_blank\" rel=\"noopener sponsored\">rastrel<\/a>:<\/span><\/h4>\n<div  class=\"et_lb_module et_lb_list et_lb_list_arrow\">\n<ul>\n<li><span style=\"font-size: medium; font-family: arial,helvetica,sans-serif;\"><a href=\"https:\/\/instalaciondetarimas.com\/blog\/2016\/07\/04\/colocacion-de-los-rastreles-tropicales-tumbados-o-de-pie\/\" target=\"_blank\" rel=\"noopener sponsored\">\u00bfC\u00f3mo colocamos el rastrel, tumbado o de pi\u00e9? <\/a><\/span><\/li>\n<li><span style=\"font-size: medium; font-family: arial,helvetica,sans-serif;\"><a href=\"https:\/\/instalaciondetarimas.com\/blog\/2019\/02\/09\/colocacion-de-tarima-de-exterior-sobre-rastreles-tropicales-cruzados\/\" target=\"_blank\" rel=\"noopener sponsored\">Rastreles cruzados <\/a><\/span><\/li>\n<li><span style=\"font-size: medium; font-family: arial,helvetica,sans-serif;\"><a href=\"https:\/\/instalaciondetarimas.com\/blog\/2020\/02\/18\/la-mejor-colocacion-de-los-rastreles-en-una-terraza\/\" target=\"_blank\" rel=\"noopener sponsored\">Rastreles en una terraza <\/a><\/span><\/li>\n<li><span style=\"font-size: medium; font-family: arial,helvetica,sans-serif;\"><a href=\"https:\/\/instalaciondetarimas.com\/blog\/2017\/09\/25\/como-aplicar-los-adhesivos-en-la-tarima-de-exterior\/\" target=\"_blank\" rel=\"noopener sponsored\">Sujetar el rastrel con adhesivos <\/a><\/span><\/li>\n<li><span style=\"font-size: medium; font-family: arial,helvetica,sans-serif;\"><a href=\"https:\/\/instalaciondetarimas.com\/blog\/2017\/04\/12\/rastrel-con-clavos-de-acero-inoxidable-o-bricomatados\/\" target=\"_blank\" rel=\"noopener sponsored\">Sujetar rastreles con acero inoxidable <\/a><\/span><\/li>\n<li><span style=\"font-size: medium; font-family: arial,helvetica,sans-serif;\"><a href=\"https:\/\/instalaciondetarimas.com\/blog\/2016\/11\/23\/10-anos-de-garantia-en-la-instalacion-de-la-tarima-de-exterior\/\" target=\"_blank\" rel=\"noopener sponsored\">La distancia del rastrel forma parte de la garant\u00eda. <\/a><\/span><\/li>\n<li><span style=\"font-size: medium; font-family: arial,helvetica,sans-serif;\"><a href=\"https:\/\/instalaciondetarimas.com\/tarima-exterior\/2021\/12\/19\/como-calcular-los-metros-lineales-de-rastrel-en-funcion-de-la-superficie\/\" target=\"_blank\" rel=\"noopener sponsored\">Calcular los metros lineales de rastrel en funci\u00f3n de la superficie.<\/a><\/span><\/li>\n<\/ul>\n<div id=\"attachment_7511\" style=\"width: 310px\" class=\"wp-caption aligncenter\"><a href=\"https:\/\/instalaciondetarimas.com\/blog\/2025\/03\/02\/plano-de-montaje-de-tarima-exterior-paso-a-paso-con-rastrel-con-distancia-variable\/tornillos-45x25\/\"><img loading=\"lazy\" decoding=\"async\" aria-describedby=\"caption-attachment-7511\" class=\"wp-image-7511 size-full\" src=\"https:\/\/instalaciondetarimas.com\/wp-content\/uploads\/tornillos-45x25-1.jpg\" alt=\"Tornillos de acero inoxidable A4 con las medidas de 4,5x2,5 cm \u00f3 AISI 316 para las grapas para tarima\" width=\"300\" height=\"300\" \/><\/a><p id=\"caption-attachment-7511\" class=\"wp-caption-text\">Tornillos de acero inoxidable A4 con las medidas de 4,5&#215;2,5 cm \u00f3 AISI 316 para las grapas para tarima<\/p><\/div>\n<p><span style=\"font-size: medium; font-family: arial,helvetica,sans-serif;\">Te puede interesar en relaci\u00f3n a las grapas:<\/span><\/p>\n<ul>\n<li><span style=\"font-size: medium; font-family: arial,helvetica,sans-serif;\"><a href=\"https:\/\/instalaciondetarimas.com\/tarima-exterior\/2021\/07\/03\/cuantas-grapas-de-exterior-se-necesitan\/\" target=\"_blank\" rel=\"noopener sponsored\">Calcular el n\u00famero de grapas<\/a><\/span><\/li>\n<li><span style=\"font-size: medium; font-family: arial,helvetica,sans-serif;\"><a href=\"https:\/\/instalaciondetarimas.com\/tarima-exterior\/2021\/07\/11\/tecnica-del-atornillado-de-las-grapas\/\" target=\"_blank\" rel=\"noopener sponsored\">Como atornillar las grapas <\/a><\/span><\/li>\n<li><span style=\"font-size: medium; font-family: arial,helvetica,sans-serif;\"><a href=\"https:\/\/instalaciondetarimas.com\/blog\/2015\/09\/13\/la-instalacion-de-tarima-exterior\/\" target=\"_blank\" rel=\"noopener sponsored\">La separaci\u00f3n adecuada es una de las 7 claves de la instalaci\u00f3n exterior<\/a><\/span><\/li>\n<\/ul>\n<div id=\"attachment_5952\" style=\"width: 810px\" class=\"wp-caption alignnone\"><img loading=\"lazy\" decoding=\"async\" aria-describedby=\"caption-attachment-5952\" class=\"wp-image-5952 size-full\" src=\"https:\/\/instalaciondetarimas.com\/wp-content\/uploads\/RASTREL2-1.jpg\" alt=\"Oferta de cumar\u00fa en formato de rastrel de madera imputrescible\" width=\"800\" height=\"600\" \/><p id=\"caption-attachment-5952\" class=\"wp-caption-text\">Oferta de cumar\u00fa en formato de rastrel de madera imputrescible para intalaci\u00f3n de tarima o para nivelar los rastreles con cu\u00f1as<\/p><\/div>\n<p>&nbsp;<\/p>\n<p class=\"size-full wp-image-2064\" style=\"text-align: center;\"><span style=\"font-size: x-medium;\"><strong><span style=\"font-size: x-large;\">Asesoramiento y presupuestos sin compromiso por tel\u00e9fono ( 91 890 51 61, 636 52 04 08) o en nuestra tienda online:<span style=\"color: #ff0000;\"><br \/>\n<\/span><\/span><\/strong><\/span><\/p>\n<p><a href=\"https:\/\/instalaciondetarimas.com\/categoria-producto\/tienda-online-de-tarima-maciza-y-productos-para-la-madera\/\" target=\"_blank\" rel=\"noopener sponsored\"><img loading=\"lazy\" decoding=\"async\" class=\"aligncenter size-full wp-image-1189\" src=\"https:\/\/instalaciondetarimas.com\/tarima-exterior\/wp-content\/uploads\/sites\/11\/2016\/01\/TIENDA-copy-400x400.png\" alt=\"\" width=\"400\" height=\"400\" srcset=\"https:\/\/instalaciondetarimas.com\/tarima-exterior\/wp-content\/uploads\/sites\/11\/2016\/01\/TIENDA-copy-400x400.png 400w, https:\/\/instalaciondetarimas.com\/tarima-exterior\/wp-content\/uploads\/sites\/11\/2016\/01\/TIENDA-copy-400x400-150x150.png 150w, https:\/\/instalaciondetarimas.com\/tarima-exterior\/wp-content\/uploads\/sites\/11\/2016\/01\/TIENDA-copy-400x400-300x300.png 300w, https:\/\/instalaciondetarimas.com\/tarima-exterior\/wp-content\/uploads\/sites\/11\/2016\/01\/TIENDA-copy-400x400-80x80.png 80w, https:\/\/instalaciondetarimas.com\/tarima-exterior\/wp-content\/uploads\/sites\/11\/2016\/01\/TIENDA-copy-400x400-266x266.png 266w, https:\/\/instalaciondetarimas.com\/tarima-exterior\/wp-content\/uploads\/sites\/11\/2016\/01\/TIENDA-copy-400x400-184x184.png 184w, https:\/\/instalaciondetarimas.com\/tarima-exterior\/wp-content\/uploads\/sites\/11\/2016\/01\/TIENDA-copy-400x400-100x100.png 100w\" sizes=\"auto, (max-width: 400px) 100vw, 400px\" \/><\/a><\/p>\n<p>&nbsp;<\/p>\n<p><strong><span style=\"font-size: x-large; font-family: arial,helvetica,sans-serif;\">Consejos de instalaci\u00f3n generales de la tarima exterior:<\/span><\/strong><\/p>\n<ul>\n<li><span style=\"font-size: medium; font-family: arial, helvetica, sans-serif; color: #333333;\"><a href=\"https:\/\/instalaciondetarimas.com\/tarima-exterior\/2016\/08\/05\/saturador-cetol-wf771-de-sikkens\/\" target=\"_blank\" rel=\"noopener noreferrer\"><span style=\"color: #333333;\">\u00bfLa solera de hormig\u00f3n?<\/span><\/a><\/span><\/li>\n<li><span style=\"font-size: medium; font-family: arial, helvetica, sans-serif; color: #333333;\"><a style=\"color: #333333;\" href=\"https:\/\/instalaciondetarimas.com\/blog\/2016\/07\/04\/colocacion-de-los-rastreles-tropicales-tumbados-o-de-pie\/\" target=\"_blank\" rel=\"noopener noreferrer\">\u00bfC\u00f3mo colocamos los rastreles tumbados o de pie?<\/a><\/span><\/li>\n<li><span style=\"font-size: medium; font-family: arial, helvetica, sans-serif; color: #333333;\"><a style=\"color: #333333;\" href=\"https:\/\/instalaciondetarimas.com\/blog\/2017\/04\/12\/rastrel-con-clavos-de-acero-inoxidable-o-bricomatados\/\" target=\"_blank\" rel=\"noopener noreferrer\">\u00bfC\u00f3mo fijamos los rastreles al suelo? <\/a><\/span><\/li>\n<li><span style=\"font-size: medium; font-family: arial, helvetica, sans-serif; color: #333333;\"><a style=\"color: #333333;\" href=\"https:\/\/instalaciondetarimas.com\/blog\/2014\/08\/03\/las-ventajas-de-la-instalacin-de-tarima-de-exterior-con-rastreles-tropicales\/\" target=\"_blank\" rel=\"noopener noreferrer\">\u00bfPor qu\u00e9 los rastreles deben ser tropicales? <\/a><\/span><\/li>\n<li><span style=\"font-size: medium; font-family: arial, helvetica, sans-serif; color: #333333;\"><a style=\"color: #333333;\" href=\"https:\/\/instalaciondetarimas.com\/tarima-exterior\/2016\/03\/09\/remates-en-la-tarima-exterior-con-grapia\/\" target=\"_blank\" rel=\"noopener noreferrer\">\u00bfC\u00f3mo instalamos la primera l\u00ednea de tarima, atornillada o sin atornillar? <\/a><\/span><\/li>\n<li><span style=\"font-size: medium; font-family: arial, helvetica, sans-serif; color: #333333;\"><a style=\"color: #333333;\" href=\"https:\/\/instalaciondetarimas.com\/blog\/2016\/12\/15\/la-direccion-de-la-instalacion-de-la-tarima\/\" target=\"_blank\" rel=\"noopener noreferrer\">\u00bfCu\u00e1l es la direcci\u00f3n correcta que debe llevar la tarima en la instalaci\u00f3n? <\/a><\/span><\/li>\n<li><span style=\"font-size: medium; font-family: arial, helvetica, sans-serif; color: #333333;\"><a style=\"color: #333333;\" href=\"https:\/\/instalaciondetarimas.com\/tarima-exterior\/2016\/01\/23\/tarima-exterior-con-grapa-vista\/\" target=\"_blank\" rel=\"noopener noreferrer\">\u00bfTarima con sistema de grapa vista o con grapa oculta? <\/a><\/span><\/li>\n<li><span style=\"font-size: medium; font-family: arial, helvetica, sans-serif; color: #333333;\"><a style=\"color: #333333;\" href=\"https:\/\/instalaciondetarimas.com\/blog\/2015\/10\/03\/tarima-de-exterior-resistente-a-los-lictidos-o-la-polilla-de-la-madera\/\" target=\"_blank\" rel=\"noopener noreferrer\">\u00bfQu\u00e9 maderas son las m\u00e1s resistentes?<\/a><\/span><\/li>\n<li><span style=\"font-size: medium; font-family: arial, helvetica, sans-serif; color: #333333;\"><a style=\"color: #333333;\" href=\"https:\/\/instalaciondetarimas.com\/blog\/2016\/11\/23\/10-anos-garantia-la-instalacion-la-tarima-exterior\/\" target=\"_blank\" rel=\"noopener noreferrer\">\u00bfLa instalaci\u00f3n es la clave o son los materiales? <\/a><\/span><\/li>\n<li><span style=\"font-size: medium; font-family: arial, helvetica, sans-serif; color: #333333;\"><a style=\"color: #333333;\" href=\"https:\/\/instalaciondetarimas.com\/blog\/2014\/08\/07\/comparativa-entre-la-tarima-de-exterior-tecnolgica-madera-maciza-de-exterior\/\" target=\"_blank\" rel=\"noopener noreferrer\">\u00bfTarima sint\u00e9tica? No, gracias <\/a><\/span><\/li>\n<li><span style=\"font-size: medium; font-family: arial, helvetica, sans-serif; color: #333333;\"><a style=\"color: #333333;\" href=\"https:\/\/instalaciondetarimas.com\/tarima-exterior\/2017\/05\/30\/las-medidas-las-grapas-tarima-exterior\/\" target=\"_blank\" rel=\"noopener\">Medidas de las grapas para tarima de exterior.<\/a> <\/span><\/li>\n<li><span style=\"font-size: medium; font-family: arial, helvetica, sans-serif; color: #333333;\"><a style=\"color: #333333;\" href=\"https:\/\/instalaciondetarimas.com\/tarima-exterior\/2021\/07\/11\/tecnica-del-atornillado-de-las-grapas\/\" target=\"_blank\" rel=\"noopener sponsored\">\u00bfC\u00f3mo es la t\u00e9cnica del atornillado de las grapas?<\/a>. <\/span><\/li>\n<li><span style=\"font-size: medium; font-family: arial, helvetica, sans-serif; color: #333333;\"><a style=\"color: #333333;\" href=\"https:\/\/instalaciondetarimas.com\/tarima-exterior\/2021\/07\/03\/cuantas-grapas-de-exterior-se-necesitan\/\" target=\"_blank\" rel=\"noopener sponsored\">C\u00f3mo calcular el n\u00famero de grapas que necesitar\u00edamos por m2<\/a>.<\/span><\/li>\n<li><a href=\"https:\/\/instalaciondetarimas.com\/blog\/2016\/11\/23\/10-anos-garantia-la-instalacion-la-tarima-exterior\/\" target=\"_blank\" rel=\"noopener noreferrer\"><span style=\"font-size: medium; font-family: arial, helvetica, sans-serif; color: #333333;\">\u00bfLa instalaci\u00f3n es la clave o son los materiales?<\/span><\/a><\/li>\n<li><a href=\"https:\/\/instalaciondetarimas.com\/tarima-exterior\/2017\/05\/30\/las-medidas-las-grapas-tarima-exterior\/\" target=\"_blank\" rel=\"noopener\"><span style=\"font-size: medium; font-family: arial, helvetica, sans-serif; color: #333333;\">Medidas de las grapas para tarima de exterior <\/span><\/a><\/li>\n<li><a href=\"https:\/\/instalaciondetarimas.com\/blog\/2015\/09\/13\/la-instalacion-de-tarima-exterior\/\" target=\"_blank\" rel=\"noopener sponsored\"><span style=\"font-size: medium; font-family: arial, helvetica, sans-serif; color: #333333;\">7 claves de la instalaci\u00f3n exterior<\/span><\/a><\/li>\n<li><a href=\"https:\/\/instalaciondetarimas.com\/blog\/2021\/06\/30\/una-instalacion-duradera-con-una-tarima-de-ipe-exterior\/\" target=\"_blank\" rel=\"noopener sponsored\"><span style=\"font-size: medium; font-family: arial, helvetica, sans-serif; color: #333333;\">Como lograr una instalaci\u00f3n duradera. <\/span><\/a><\/li>\n<li><span style=\"font-size: medium; font-family: arial, helvetica, sans-serif; color: #333333;\"><a href=\"https:\/\/instalaciondetarimas.com\/blog\/2015\/11\/12\/consejos-de-aplicacion-de-lasur-o-aceite-para-tarima-de-exterior\/\" target=\"_blank\" rel=\"noopener sponsored\">Aceite para tarima exterior <\/a><\/span><\/li>\n<li><a href=\"https:\/\/instalaciondetarimas.com\/categoria-producto\/mantenimiento-madera-exterior\/\" target=\"_blank\" rel=\"noopener sponsored\"><span style=\"font-size: medium; font-family: arial, helvetica, sans-serif; color: #333333;\">Todo sobre el mantenimiento<\/span><\/a><\/li>\n<\/ul>\n<\/div> <!-- end .et_lb_list -->\n<p><span style=\"font-size: x-large; font-family: arial,helvetica,sans-serif;\">| Venta directa en Espa\u00f1a y cualquier parte de Europa | <strong>636 52 04 08<\/strong> | 91 890 51 61 | <a title=\"mailto:tarima@instalaciondetarimas.com?subject=\" href=\"mailto:tarima@instalaciondetarimas.com?subject=\">tarima@instalaciondetarimas.com<\/a> | Especialistas en instalaci\u00f3n en tarimas de exterior y tarima de madera maciza interior | Tarima maciza de exterior: c\u00f3mo nivelar los rastreles con cu\u00f1as para colocar una tarima |<\/span><\/p>\n<p style=\"text-align: center;\"><span style=\"font-size: x-large; font-family: arial,helvetica,sans-serif;\">Presupuestos sin compromiso y asesor\u00eda<\/span><\/p>\n<p style=\"text-align: center;\"><span style=\"font-size: x-large; font-family: arial,helvetica,sans-serif;\"> | <strong>636 52 04 08<\/strong> | 91 890 51 61 |<\/span><\/p>\n<div class=\"7d133950727d7d7fabd868cef9729e91\" data-index=\"1\" style=\"float: none; margin:10px 0 10px 0; text-align:center;\">\n<script async src=\"\/\/pagead2.googlesyndication.com\/pagead\/js\/adsbygoogle.js\"><\/script>\r\n<!-- MINIMAL -->\r\n<ins class=\"adsbygoogle\"\r\n     style=\"display:block\"\r\n     data-ad-client=\"ca-pub-5350189522639204\"\r\n     data-ad-slot=\"2323043779\"\r\n     data-ad-format=\"auto\"><\/ins>\r\n<script>\r\n(adsbygoogle = window.adsbygoogle || []).push({});\r\n<\/script>\n<\/div>\n\n<div style=\"font-size: 0px; height: 0px; line-height: 0px; margin: 0; padding: 0; clear: both;\"><\/div>","protected":false},"excerpt":{"rendered":"<p>&nbsp; Hay diversos modos o t\u00e9cnicas para elevar el rastrel, por ejemplo se pueden poner patas, como las de un acueducto, que variar\u00e1n su altura. Pero tambi\u00e9n se puede buscar el nivel con calzos triangulares, es decir, con\u00a0cu\u00f1as tropicales en una instalaci\u00f3n de tarima. &nbsp; &nbsp; &nbsp; &nbsp; &nbsp; Presupuestos sin compromiso y asesor\u00eda | [&hellip;]<\/p>\n","protected":false},"author":1,"featured_media":1886,"comment_status":"open","ping_status":"open","sticky":false,"template":"","format":"standard","meta":{"footnotes":""},"categories":[11,2],"tags":[97],"class_list":["post-987","post","type-post","status-publish","format-standard","has-post-thumbnail","hentry","category-suelo-de-madera-exterior","category-tarima-exterior","tag-nivelar-los-rastreles-con-cunas"],"yoast_head":"<!-- This site is optimized with the Yoast SEO plugin v27.1.1 - https:\/\/yoast.com\/product\/yoast-seo-wordpress\/ -->\n<title>c\u00f3mo nivelar los rastreles con cu\u00f1as para colocar una tarima<\/title>\n<meta name=\"description\" content=\"C\u00f3mo nivelar los rastreles con cu\u00f1as para colocar una tarima de un modo correcto en el exterior o bajo cubierta\" \/>\n<meta name=\"robots\" content=\"index, follow, max-snippet:-1, max-image-preview:large, max-video-preview:-1\" \/>\n<link rel=\"canonical\" href=\"https:\/\/instalaciondetarimas.com\/tarima-exterior\/2025\/04\/17\/como-nivelar-los-rastreles-con-cunas-para-colocar-una-tarima\/\" \/>\n<meta property=\"og:locale\" content=\"es_ES\" \/>\n<meta property=\"og:type\" content=\"article\" \/>\n<meta property=\"og:title\" content=\"c\u00f3mo nivelar los rastreles con cu\u00f1as para colocar una tarima\" \/>\n<meta property=\"og:description\" content=\"C\u00f3mo nivelar los rastreles con cu\u00f1as para colocar una tarima de un modo correcto en el exterior o bajo cubierta\" \/>\n<meta property=\"og:url\" content=\"https:\/\/instalaciondetarimas.com\/tarima-exterior\/2025\/04\/17\/como-nivelar-los-rastreles-con-cunas-para-colocar-una-tarima\/\" \/>\n<meta property=\"og:site_name\" content=\"ofertas de tarima exterior con la mejor calidad y precio\" \/>\n<meta property=\"article:published_time\" content=\"2025-04-17T19:58:34+00:00\" \/>\n<meta property=\"article:modified_time\" content=\"2025-04-20T10:44:07+00:00\" \/>\n<meta property=\"og:image\" content=\"https:\/\/instalaciondetarimas.com\/tarima-exterior\/wp-content\/uploads\/sites\/11\/2025\/04\/tarima-exterior-cumaru-rojo.jpg\" \/>\n\t<meta property=\"og:image:width\" content=\"800\" \/>\n\t<meta property=\"og:image:height\" content=\"1204\" \/>\n\t<meta property=\"og:image:type\" content=\"image\/jpeg\" \/>\n<meta name=\"author\" content=\"Ribas\" \/>\n<meta name=\"twitter:card\" content=\"summary_large_image\" \/>\n<meta name=\"twitter:label1\" content=\"Escrito por\" \/>\n\t<meta name=\"twitter:data1\" content=\"Ribas\" \/>\n\t<meta name=\"twitter:label2\" content=\"Tiempo de lectura\" \/>\n\t<meta name=\"twitter:data2\" content=\"10 minutos\" \/>\n<script type=\"application\/ld+json\" class=\"yoast-schema-graph\">{\"@context\":\"https:\/\/schema.org\",\"@graph\":[{\"@type\":\"Article\",\"@id\":\"https:\/\/instalaciondetarimas.com\/tarima-exterior\/2025\/04\/17\/como-nivelar-los-rastreles-con-cunas-para-colocar-una-tarima\/#article\",\"isPartOf\":{\"@id\":\"https:\/\/instalaciondetarimas.com\/tarima-exterior\/2025\/04\/17\/como-nivelar-los-rastreles-con-cunas-para-colocar-una-tarima\/\"},\"author\":{\"name\":\"Ribas\",\"@id\":\"https:\/\/instalaciondetarimas.com\/tarima-exterior\/#\/schema\/person\/080df099c3c04ec9642544e2451b38c2\"},\"headline\":\"C\u00f3mo nivelar los rastreles con cu\u00f1as para colocar una tarima\",\"datePublished\":\"2025-04-17T19:58:34+00:00\",\"dateModified\":\"2025-04-20T10:44:07+00:00\",\"mainEntityOfPage\":{\"@id\":\"https:\/\/instalaciondetarimas.com\/tarima-exterior\/2025\/04\/17\/como-nivelar-los-rastreles-con-cunas-para-colocar-una-tarima\/\"},\"wordCount\":1402,\"commentCount\":6,\"image\":{\"@id\":\"https:\/\/instalaciondetarimas.com\/tarima-exterior\/2025\/04\/17\/como-nivelar-los-rastreles-con-cunas-para-colocar-una-tarima\/#primaryimage\"},\"thumbnailUrl\":\"https:\/\/instalaciondetarimas.com\/tarima-exterior\/wp-content\/uploads\/sites\/11\/2025\/04\/tarima-exterior-cumaru-rojo.jpg\",\"keywords\":[\"Nivelar los rastreles con cu\u00f1as\"],\"articleSection\":[\"SUELOS DE MADERA EXTERIOR\",\"TARIMA DE EXTERIOR\"],\"inLanguage\":\"es\",\"potentialAction\":[{\"@type\":\"CommentAction\",\"name\":\"Comment\",\"target\":[\"https:\/\/instalaciondetarimas.com\/tarima-exterior\/2025\/04\/17\/como-nivelar-los-rastreles-con-cunas-para-colocar-una-tarima\/#respond\"]}]},{\"@type\":\"WebPage\",\"@id\":\"https:\/\/instalaciondetarimas.com\/tarima-exterior\/2025\/04\/17\/como-nivelar-los-rastreles-con-cunas-para-colocar-una-tarima\/\",\"url\":\"https:\/\/instalaciondetarimas.com\/tarima-exterior\/2025\/04\/17\/como-nivelar-los-rastreles-con-cunas-para-colocar-una-tarima\/\",\"name\":\"c\u00f3mo nivelar los rastreles con cu\u00f1as para colocar una tarima\",\"isPartOf\":{\"@id\":\"https:\/\/instalaciondetarimas.com\/tarima-exterior\/#website\"},\"primaryImageOfPage\":{\"@id\":\"https:\/\/instalaciondetarimas.com\/tarima-exterior\/2025\/04\/17\/como-nivelar-los-rastreles-con-cunas-para-colocar-una-tarima\/#primaryimage\"},\"image\":{\"@id\":\"https:\/\/instalaciondetarimas.com\/tarima-exterior\/2025\/04\/17\/como-nivelar-los-rastreles-con-cunas-para-colocar-una-tarima\/#primaryimage\"},\"thumbnailUrl\":\"https:\/\/instalaciondetarimas.com\/tarima-exterior\/wp-content\/uploads\/sites\/11\/2025\/04\/tarima-exterior-cumaru-rojo.jpg\",\"datePublished\":\"2025-04-17T19:58:34+00:00\",\"dateModified\":\"2025-04-20T10:44:07+00:00\",\"author\":{\"@id\":\"https:\/\/instalaciondetarimas.com\/tarima-exterior\/#\/schema\/person\/080df099c3c04ec9642544e2451b38c2\"},\"description\":\"C\u00f3mo nivelar los rastreles con cu\u00f1as para colocar una tarima de un modo correcto en el exterior o bajo cubierta\",\"breadcrumb\":{\"@id\":\"https:\/\/instalaciondetarimas.com\/tarima-exterior\/2025\/04\/17\/como-nivelar-los-rastreles-con-cunas-para-colocar-una-tarima\/#breadcrumb\"},\"inLanguage\":\"es\",\"potentialAction\":[{\"@type\":\"ReadAction\",\"target\":[\"https:\/\/instalaciondetarimas.com\/tarima-exterior\/2025\/04\/17\/como-nivelar-los-rastreles-con-cunas-para-colocar-una-tarima\/\"]}]},{\"@type\":\"ImageObject\",\"inLanguage\":\"es\",\"@id\":\"https:\/\/instalaciondetarimas.com\/tarima-exterior\/2025\/04\/17\/como-nivelar-los-rastreles-con-cunas-para-colocar-una-tarima\/#primaryimage\",\"url\":\"https:\/\/instalaciondetarimas.com\/tarima-exterior\/wp-content\/uploads\/sites\/11\/2025\/04\/tarima-exterior-cumaru-rojo.jpg\",\"contentUrl\":\"https:\/\/instalaciondetarimas.com\/tarima-exterior\/wp-content\/uploads\/sites\/11\/2025\/04\/tarima-exterior-cumaru-rojo.jpg\",\"width\":800,\"height\":1204,\"caption\":\"Foto de piscina con tarima exterior de cumar\u00fa rojo\"},{\"@type\":\"BreadcrumbList\",\"@id\":\"https:\/\/instalaciondetarimas.com\/tarima-exterior\/2025\/04\/17\/como-nivelar-los-rastreles-con-cunas-para-colocar-una-tarima\/#breadcrumb\",\"itemListElement\":[{\"@type\":\"ListItem\",\"position\":1,\"name\":\"Portada\",\"item\":\"https:\/\/instalaciondetarimas.com\/tarima-exterior\/\"},{\"@type\":\"ListItem\",\"position\":2,\"name\":\"C\u00f3mo nivelar los rastreles con cu\u00f1as para colocar una tarima\"}]},{\"@type\":\"WebSite\",\"@id\":\"https:\/\/instalaciondetarimas.com\/tarima-exterior\/#website\",\"url\":\"https:\/\/instalaciondetarimas.com\/tarima-exterior\/\",\"name\":\"ofertas de tarima exterior con la mejor calidad y precio\",\"description\":\"ofertas de tarima exterior\",\"potentialAction\":[{\"@type\":\"SearchAction\",\"target\":{\"@type\":\"EntryPoint\",\"urlTemplate\":\"https:\/\/instalaciondetarimas.com\/tarima-exterior\/?s={search_term_string}\"},\"query-input\":{\"@type\":\"PropertyValueSpecification\",\"valueRequired\":true,\"valueName\":\"search_term_string\"}}],\"inLanguage\":\"es\"},{\"@type\":\"Person\",\"@id\":\"https:\/\/instalaciondetarimas.com\/tarima-exterior\/#\/schema\/person\/080df099c3c04ec9642544e2451b38c2\",\"name\":\"Ribas\",\"image\":{\"@type\":\"ImageObject\",\"inLanguage\":\"es\",\"@id\":\"https:\/\/instalaciondetarimas.com\/tarima-exterior\/#\/schema\/person\/image\/\",\"url\":\"https:\/\/secure.gravatar.com\/avatar\/53f051e804b18764c53f9952c629b135af8edb7bb2b61711c5175ce506878789?s=96&d=mm&r=g\",\"contentUrl\":\"https:\/\/secure.gravatar.com\/avatar\/53f051e804b18764c53f9952c629b135af8edb7bb2b61711c5175ce506878789?s=96&d=mm&r=g\",\"caption\":\"Ribas\"},\"url\":\"https:\/\/instalaciondetarimas.com\/tarima-exterior\/author\/admin\/\"}]}<\/script>\n<!-- \/ Yoast SEO plugin. -->","yoast_head_json":{"title":"c\u00f3mo nivelar los rastreles con cu\u00f1as para colocar una tarima","description":"C\u00f3mo nivelar los rastreles con cu\u00f1as para colocar una tarima de un modo correcto en el exterior o bajo cubierta","robots":{"index":"index","follow":"follow","max-snippet":"max-snippet:-1","max-image-preview":"max-image-preview:large","max-video-preview":"max-video-preview:-1"},"canonical":"https:\/\/instalaciondetarimas.com\/tarima-exterior\/2025\/04\/17\/como-nivelar-los-rastreles-con-cunas-para-colocar-una-tarima\/","og_locale":"es_ES","og_type":"article","og_title":"c\u00f3mo nivelar los rastreles con cu\u00f1as para colocar una tarima","og_description":"C\u00f3mo nivelar los rastreles con cu\u00f1as para colocar una tarima de un modo correcto en el exterior o bajo cubierta","og_url":"https:\/\/instalaciondetarimas.com\/tarima-exterior\/2025\/04\/17\/como-nivelar-los-rastreles-con-cunas-para-colocar-una-tarima\/","og_site_name":"ofertas de tarima exterior con la mejor calidad y precio","article_published_time":"2025-04-17T19:58:34+00:00","article_modified_time":"2025-04-20T10:44:07+00:00","og_image":[{"width":800,"height":1204,"url":"https:\/\/instalaciondetarimas.com\/tarima-exterior\/wp-content\/uploads\/sites\/11\/2025\/04\/tarima-exterior-cumaru-rojo.jpg","type":"image\/jpeg"}],"author":"Ribas","twitter_card":"summary_large_image","twitter_misc":{"Escrito por":"Ribas","Tiempo de lectura":"10 minutos"},"schema":{"@context":"https:\/\/schema.org","@graph":[{"@type":"Article","@id":"https:\/\/instalaciondetarimas.com\/tarima-exterior\/2025\/04\/17\/como-nivelar-los-rastreles-con-cunas-para-colocar-una-tarima\/#article","isPartOf":{"@id":"https:\/\/instalaciondetarimas.com\/tarima-exterior\/2025\/04\/17\/como-nivelar-los-rastreles-con-cunas-para-colocar-una-tarima\/"},"author":{"name":"Ribas","@id":"https:\/\/instalaciondetarimas.com\/tarima-exterior\/#\/schema\/person\/080df099c3c04ec9642544e2451b38c2"},"headline":"C\u00f3mo nivelar los rastreles con cu\u00f1as para colocar una tarima","datePublished":"2025-04-17T19:58:34+00:00","dateModified":"2025-04-20T10:44:07+00:00","mainEntityOfPage":{"@id":"https:\/\/instalaciondetarimas.com\/tarima-exterior\/2025\/04\/17\/como-nivelar-los-rastreles-con-cunas-para-colocar-una-tarima\/"},"wordCount":1402,"commentCount":6,"image":{"@id":"https:\/\/instalaciondetarimas.com\/tarima-exterior\/2025\/04\/17\/como-nivelar-los-rastreles-con-cunas-para-colocar-una-tarima\/#primaryimage"},"thumbnailUrl":"https:\/\/instalaciondetarimas.com\/tarima-exterior\/wp-content\/uploads\/sites\/11\/2025\/04\/tarima-exterior-cumaru-rojo.jpg","keywords":["Nivelar los rastreles con cu\u00f1as"],"articleSection":["SUELOS DE MADERA EXTERIOR","TARIMA DE EXTERIOR"],"inLanguage":"es","potentialAction":[{"@type":"CommentAction","name":"Comment","target":["https:\/\/instalaciondetarimas.com\/tarima-exterior\/2025\/04\/17\/como-nivelar-los-rastreles-con-cunas-para-colocar-una-tarima\/#respond"]}]},{"@type":"WebPage","@id":"https:\/\/instalaciondetarimas.com\/tarima-exterior\/2025\/04\/17\/como-nivelar-los-rastreles-con-cunas-para-colocar-una-tarima\/","url":"https:\/\/instalaciondetarimas.com\/tarima-exterior\/2025\/04\/17\/como-nivelar-los-rastreles-con-cunas-para-colocar-una-tarima\/","name":"c\u00f3mo nivelar los rastreles con cu\u00f1as para colocar una tarima","isPartOf":{"@id":"https:\/\/instalaciondetarimas.com\/tarima-exterior\/#website"},"primaryImageOfPage":{"@id":"https:\/\/instalaciondetarimas.com\/tarima-exterior\/2025\/04\/17\/como-nivelar-los-rastreles-con-cunas-para-colocar-una-tarima\/#primaryimage"},"image":{"@id":"https:\/\/instalaciondetarimas.com\/tarima-exterior\/2025\/04\/17\/como-nivelar-los-rastreles-con-cunas-para-colocar-una-tarima\/#primaryimage"},"thumbnailUrl":"https:\/\/instalaciondetarimas.com\/tarima-exterior\/wp-content\/uploads\/sites\/11\/2025\/04\/tarima-exterior-cumaru-rojo.jpg","datePublished":"2025-04-17T19:58:34+00:00","dateModified":"2025-04-20T10:44:07+00:00","author":{"@id":"https:\/\/instalaciondetarimas.com\/tarima-exterior\/#\/schema\/person\/080df099c3c04ec9642544e2451b38c2"},"description":"C\u00f3mo nivelar los rastreles con cu\u00f1as para colocar una tarima de un modo correcto en el exterior o bajo cubierta","breadcrumb":{"@id":"https:\/\/instalaciondetarimas.com\/tarima-exterior\/2025\/04\/17\/como-nivelar-los-rastreles-con-cunas-para-colocar-una-tarima\/#breadcrumb"},"inLanguage":"es","potentialAction":[{"@type":"ReadAction","target":["https:\/\/instalaciondetarimas.com\/tarima-exterior\/2025\/04\/17\/como-nivelar-los-rastreles-con-cunas-para-colocar-una-tarima\/"]}]},{"@type":"ImageObject","inLanguage":"es","@id":"https:\/\/instalaciondetarimas.com\/tarima-exterior\/2025\/04\/17\/como-nivelar-los-rastreles-con-cunas-para-colocar-una-tarima\/#primaryimage","url":"https:\/\/instalaciondetarimas.com\/tarima-exterior\/wp-content\/uploads\/sites\/11\/2025\/04\/tarima-exterior-cumaru-rojo.jpg","contentUrl":"https:\/\/instalaciondetarimas.com\/tarima-exterior\/wp-content\/uploads\/sites\/11\/2025\/04\/tarima-exterior-cumaru-rojo.jpg","width":800,"height":1204,"caption":"Foto de piscina con tarima exterior de cumar\u00fa rojo"},{"@type":"BreadcrumbList","@id":"https:\/\/instalaciondetarimas.com\/tarima-exterior\/2025\/04\/17\/como-nivelar-los-rastreles-con-cunas-para-colocar-una-tarima\/#breadcrumb","itemListElement":[{"@type":"ListItem","position":1,"name":"Portada","item":"https:\/\/instalaciondetarimas.com\/tarima-exterior\/"},{"@type":"ListItem","position":2,"name":"C\u00f3mo nivelar los rastreles con cu\u00f1as para colocar una tarima"}]},{"@type":"WebSite","@id":"https:\/\/instalaciondetarimas.com\/tarima-exterior\/#website","url":"https:\/\/instalaciondetarimas.com\/tarima-exterior\/","name":"ofertas de tarima exterior con la mejor calidad y precio","description":"ofertas de tarima exterior","potentialAction":[{"@type":"SearchAction","target":{"@type":"EntryPoint","urlTemplate":"https:\/\/instalaciondetarimas.com\/tarima-exterior\/?s={search_term_string}"},"query-input":{"@type":"PropertyValueSpecification","valueRequired":true,"valueName":"search_term_string"}}],"inLanguage":"es"},{"@type":"Person","@id":"https:\/\/instalaciondetarimas.com\/tarima-exterior\/#\/schema\/person\/080df099c3c04ec9642544e2451b38c2","name":"Ribas","image":{"@type":"ImageObject","inLanguage":"es","@id":"https:\/\/instalaciondetarimas.com\/tarima-exterior\/#\/schema\/person\/image\/","url":"https:\/\/secure.gravatar.com\/avatar\/53f051e804b18764c53f9952c629b135af8edb7bb2b61711c5175ce506878789?s=96&d=mm&r=g","contentUrl":"https:\/\/secure.gravatar.com\/avatar\/53f051e804b18764c53f9952c629b135af8edb7bb2b61711c5175ce506878789?s=96&d=mm&r=g","caption":"Ribas"},"url":"https:\/\/instalaciondetarimas.com\/tarima-exterior\/author\/admin\/"}]}},"_links":{"self":[{"href":"https:\/\/instalaciondetarimas.com\/tarima-exterior\/wp-json\/wp\/v2\/posts\/987","targetHints":{"allow":["GET"]}}],"collection":[{"href":"https:\/\/instalaciondetarimas.com\/tarima-exterior\/wp-json\/wp\/v2\/posts"}],"about":[{"href":"https:\/\/instalaciondetarimas.com\/tarima-exterior\/wp-json\/wp\/v2\/types\/post"}],"author":[{"embeddable":true,"href":"https:\/\/instalaciondetarimas.com\/tarima-exterior\/wp-json\/wp\/v2\/users\/1"}],"replies":[{"embeddable":true,"href":"https:\/\/instalaciondetarimas.com\/tarima-exterior\/wp-json\/wp\/v2\/comments?post=987"}],"version-history":[{"count":3,"href":"https:\/\/instalaciondetarimas.com\/tarima-exterior\/wp-json\/wp\/v2\/posts\/987\/revisions"}],"predecessor-version":[{"id":1932,"href":"https:\/\/instalaciondetarimas.com\/tarima-exterior\/wp-json\/wp\/v2\/posts\/987\/revisions\/1932"}],"wp:featuredmedia":[{"embeddable":true,"href":"https:\/\/instalaciondetarimas.com\/tarima-exterior\/wp-json\/wp\/v2\/media\/1886"}],"wp:attachment":[{"href":"https:\/\/instalaciondetarimas.com\/tarima-exterior\/wp-json\/wp\/v2\/media?parent=987"}],"wp:term":[{"taxonomy":"category","embeddable":true,"href":"https:\/\/instalaciondetarimas.com\/tarima-exterior\/wp-json\/wp\/v2\/categories?post=987"},{"taxonomy":"post_tag","embeddable":true,"href":"https:\/\/instalaciondetarimas.com\/tarima-exterior\/wp-json\/wp\/v2\/tags?post=987"}],"curies":[{"name":"wp","href":"https:\/\/api.w.org\/{rel}","templated":true}]}}