{"id":552,"date":"2016-09-21T22:28:10","date_gmt":"2016-09-21T20:28:10","guid":{"rendered":"http:\/\/instalaciondetarimas.com\/tarima-exterior\/?p=552"},"modified":"2017-02-07T19:53:41","modified_gmt":"2017-02-07T18:53:41","slug":"tarima-exterior-de-grapia-opcion-versatil","status":"publish","type":"post","link":"https:\/\/instalaciondetarimas.com\/tarima-exterior\/2016\/09\/21\/tarima-exterior-de-grapia-opcion-versatil\/","title":{"rendered":"Tarima exterior de grapia"},"content":{"rendered":"<h1>Tarima exterior de grapia como la mejor opci\u00f3n, la m\u00e1s versatil por admitir distintos tonos<\/h1>\n<p><span style=\"font-size: medium; font-family: arial,helvetica,sans-serif;\">La tarima exterior de grapia tiene una gran ventaja, como es una madera tropical muy dura pero de color claro podemos jugar mucho con el color, con el acabado final: <\/span><\/p>\n<ol>\n<li><span style=\"font-size: medium; font-family: arial,helvetica,sans-serif;\">La <a href=\"https:\/\/instalaciondetarimas.com\/blog\/2016\/07\/27\/calidad-de-la-instalacion-exterior\/\" target=\"_blank\">calidad de la tarima exterior<\/a> de grapia es muy alta en cuanto a su densidad, que se acerca a los 900 kg\/m3, para hacernos una idea el pino tiene unos 350 kg\/m3 y el roble unos 650 kg\/m3.<br \/>\n<\/span><\/li>\n<li><span style=\"font-size: medium; font-family: arial,helvetica,sans-serif;\">Se trabaja mejor que el ip\u00e9, no se raja al clavar.<br \/>\n<\/span><\/li>\n<li><span style=\"font-size: medium; font-family: arial,helvetica,sans-serif;\">Es una madera de color claro, tipo teka, que admite bien el color ip\u00e9.<br \/>\n<\/span><\/li>\n<\/ol>\n<div id=\"attachment_553\" style=\"width: 810px\" class=\"wp-caption aligncenter\"><img loading=\"lazy\" decoding=\"async\" aria-describedby=\"caption-attachment-553\" class=\"size-full wp-image-553\" src=\"https:\/\/instalaciondetarimas.com\/tarima-exterior\/wp-content\/uploads\/sites\/11\/2016\/09\/grapia-oscurecida.jpg\" alt=\"tarima exterior de grapia oscurecida\" height=\"415\" width=\"800\" srcset=\"https:\/\/instalaciondetarimas.com\/tarima-exterior\/wp-content\/uploads\/sites\/11\/2016\/09\/grapia-oscurecida.jpg 800w, https:\/\/instalaciondetarimas.com\/tarima-exterior\/wp-content\/uploads\/sites\/11\/2016\/09\/grapia-oscurecida-300x156.jpg 300w, https:\/\/instalaciondetarimas.com\/tarima-exterior\/wp-content\/uploads\/sites\/11\/2016\/09\/grapia-oscurecida-768x398.jpg 768w, https:\/\/instalaciondetarimas.com\/tarima-exterior\/wp-content\/uploads\/sites\/11\/2016\/09\/grapia-oscurecida-150x78.jpg 150w\" sizes=\"auto, (max-width: 800px) 100vw, 800px\" \/><p id=\"caption-attachment-553\" class=\"wp-caption-text\">Tarima exterior de grapia oscurecida con sikkens color ip\u00e9<\/p><\/div>\n<p><span style=\"font-size: medium; font-family: arial,helvetica,sans-serif;\">Siempre al hablar en la instalaci\u00f3n nos preguntan que es mejor la <a href=\"https:\/\/instalaciondetarimas.com\/tarima-exterior\/2016\/01\/27\/tarima-exterior\/\" target=\"_blank\">grapia<\/a> o el elondo o el ip\u00e9, hay matices y diferencias, el ip\u00e9 no es m\u00e1s caro por se mejor sino por tener mucha demanda, igual en unos a\u00f1os la grapia tiene m\u00e1s demanda y se pone al precio del ip\u00e9, son cuestiones de modas.<br \/>\n<\/span><\/p>\n<p><span style=\"font-size: medium; font-family: arial,helvetica,sans-serif;\"><strong>Indudablemente la calidad de la instalaci\u00f3n de la tarima exterior de la grapia va a ser por el trabajo del instalador y no por la madera<\/strong>, la madera un 10% y la instalaci\u00f3n un 90%. Es como el fabricante de un cohe, no preguntamos por el tipo de acero, sino que nos fijamos en la marca.<br \/>\n<\/span><\/p>\n<p><span style=\"font-size: medium; font-family: arial,helvetica,sans-serif;\">Si lo pensamos, lo mejor en un coche es el motor, lo que no se ve porque queda debajo del cap\u00f3; de la misma manera lo mejor en una instalaci\u00f3n es lo que no se ve, lo que queda debajo de la tarima.<br \/>\n<\/span><\/p>\n<div id=\"attachment_554\" style=\"width: 810px\" class=\"wp-caption aligncenter\"><img loading=\"lazy\" decoding=\"async\" aria-describedby=\"caption-attachment-554\" class=\"size-full wp-image-554\" src=\"https:\/\/instalaciondetarimas.com\/tarima-exterior\/wp-content\/uploads\/sites\/11\/2016\/09\/grapia-color-teca.jpg\" alt=\"tarima exterior de grapia con color teka de sikkens\" height=\"415\" width=\"800\" srcset=\"https:\/\/instalaciondetarimas.com\/tarima-exterior\/wp-content\/uploads\/sites\/11\/2016\/09\/grapia-color-teca.jpg 800w, https:\/\/instalaciondetarimas.com\/tarima-exterior\/wp-content\/uploads\/sites\/11\/2016\/09\/grapia-color-teca-300x156.jpg 300w, https:\/\/instalaciondetarimas.com\/tarima-exterior\/wp-content\/uploads\/sites\/11\/2016\/09\/grapia-color-teca-768x398.jpg 768w, https:\/\/instalaciondetarimas.com\/tarima-exterior\/wp-content\/uploads\/sites\/11\/2016\/09\/grapia-color-teca-150x78.jpg 150w\" sizes=\"auto, (max-width: 800px) 100vw, 800px\" \/><p id=\"caption-attachment-554\" class=\"wp-caption-text\">Tarima exterior de grapia con color teka de sikkens<\/p><\/div>\n<h2>Cuando instalamos una tarima exterior de grapia, de elondo o de ip\u00e9 damos 10 a\u00f1os de garant\u00eda en la instalaci\u00f3n, no es por la madera es porque sabemos como hacerlo bien<\/h2>\n<p><span style=\"font-size: medium; font-family: arial,helvetica,sans-serif;\">1- En primer lugar dedicamos un 40% m\u00e1s de tiempo que otros instaladores por razones objetivas, ponemos m\u00e1s rastrel, ponemos m\u00e1s tornillos, eso lleva m\u00e1s tiempo y m\u00e1s material. Ah\u00ed est\u00e1 el quid de la cuesti\u00f3n, no hay secretos, emplea los mejors materiales, no escatimes accesorios y la instalaci\u00f3n va a durar 20 a\u00f1os sin tener que retocar nada.<br \/>\n<\/span><\/p>\n<ul>\n<li><span style=\"font-size: medium; font-family: arial,helvetica,sans-serif;\">Las claves: grapas de acero inoxidable de la m\u00e1xima calidad<strong>: AISI 316 (tambi\u00e9n llamado A4)<\/strong><br \/>\n<\/span><\/li>\n<li><span style=\"font-size: medium; font-family: arial,helvetica,sans-serif;\"><span style=\"font-size: medium; font-family: arial,helvetica,sans-serif;\"><span style=\"font-size: medium; font-family: arial,helvetica,sans-serif;\"><strong>Tornillos de acero inoxidable <\/strong>calidad <strong>AISI 316 (A4)<\/strong><\/span><\/span><\/span>\n<div id=\"attachment_565\" style=\"width: 860px\" class=\"wp-caption aligncenter\"><img loading=\"lazy\" decoding=\"async\" aria-describedby=\"caption-attachment-565\" class=\"size-full wp-image-565\" src=\"https:\/\/instalaciondetarimas.com\/tarima-exterior\/wp-content\/uploads\/sites\/11\/2016\/09\/grapas-tornillos-a4-1.jpg\" alt=\"Foto de grapas y tornillos de acero inoxidable A4 (AISI 316)\" height=\"427\" width=\"850\" srcset=\"https:\/\/instalaciondetarimas.com\/tarima-exterior\/wp-content\/uploads\/sites\/11\/2016\/09\/grapas-tornillos-a4-1.jpg 850w, https:\/\/instalaciondetarimas.com\/tarima-exterior\/wp-content\/uploads\/sites\/11\/2016\/09\/grapas-tornillos-a4-1-300x151.jpg 300w, https:\/\/instalaciondetarimas.com\/tarima-exterior\/wp-content\/uploads\/sites\/11\/2016\/09\/grapas-tornillos-a4-1-768x386.jpg 768w, https:\/\/instalaciondetarimas.com\/tarima-exterior\/wp-content\/uploads\/sites\/11\/2016\/09\/grapas-tornillos-a4-1-150x75.jpg 150w\" sizes=\"auto, (max-width: 850px) 100vw, 850px\" \/><p id=\"caption-attachment-565\" class=\"wp-caption-text\">Foto de grapas y tornillos de acero inoxidable A4 (AISI 316)<\/p><\/div><\/li>\n<li><span style=\"font-size: medium; font-family: arial,helvetica,sans-serif;\"><span style=\"font-size: medium; font-family: arial,helvetica,sans-serif;\"><span style=\"font-size: medium; font-family: arial,helvetica,sans-serif;\"><span style=\"font-size: medium; font-family: arial,helvetica,sans-serif;\"><span style=\"font-size: medium; font-family: arial,helvetica,sans-serif;\">Rastreles tropicales de la secci\u00f3n de 50 mm x 30 mm y no rastreles de pino cuperizado, ni de las secciones de 2,5 x 3 mm.<\/span><\/span><\/span><\/span><\/span>\n<div id=\"attachment_568\" style=\"width: 860px\" class=\"wp-caption aligncenter\"><img loading=\"lazy\" decoding=\"async\" aria-describedby=\"caption-attachment-568\" class=\"size-full wp-image-568\" src=\"https:\/\/instalaciondetarimas.com\/tarima-exterior\/wp-content\/uploads\/sites\/11\/2016\/09\/rastreles-tropicales-2.jpg\" alt=\"Foto de rastreles tropicales con la secci\u00f3n de 50 mm x 30 mm\" height=\"427\" width=\"850\" srcset=\"https:\/\/instalaciondetarimas.com\/tarima-exterior\/wp-content\/uploads\/sites\/11\/2016\/09\/rastreles-tropicales-2.jpg 850w, https:\/\/instalaciondetarimas.com\/tarima-exterior\/wp-content\/uploads\/sites\/11\/2016\/09\/rastreles-tropicales-2-300x151.jpg 300w, https:\/\/instalaciondetarimas.com\/tarima-exterior\/wp-content\/uploads\/sites\/11\/2016\/09\/rastreles-tropicales-2-768x386.jpg 768w, https:\/\/instalaciondetarimas.com\/tarima-exterior\/wp-content\/uploads\/sites\/11\/2016\/09\/rastreles-tropicales-2-150x75.jpg 150w\" sizes=\"auto, (max-width: 850px) 100vw, 850px\" \/><p id=\"caption-attachment-568\" class=\"wp-caption-text\">Foto de rastreles tropicales con la secci\u00f3n de 50 mm x 30 mm<\/p><\/div><\/li>\n<\/ul>\n<p><span style=\"font-size: medium; font-family: arial,helvetica,sans-serif;\">1.1- Si se puede atornillar se puede encolar tambi\u00e9n:<br \/>\n<\/span><\/p><!--CusAds0-->\n<ul>\n<li><span style=\"font-size: medium; font-family: arial,helvetica,sans-serif;\"><strong>Adhesivos D4 ultraresistentes<\/strong>, las mejores marcas son UHU, W\u00fcrth e Imedio.<br \/>\n<\/span><\/li>\n<li><span style=\"font-size: medium; font-family: arial,helvetica,sans-serif;\">Cada tipo de adhesivo va en el lugar correspondiente, a veces es conveniente que sea el\u00e1stico y otras que sea r\u00edgido.<br \/>\n<\/span><\/li>\n<li><span style=\"font-size: medium; font-family: arial,helvetica,sans-serif;\">Si empleas el adhesivo r\u00edgido donde no debes la madera se va a rajar.<br \/>\n<\/span><\/li>\n<li><span style=\"font-size: medium; font-family: arial,helvetica,sans-serif;\"><span style=\"font-size: medium; font-family: arial,helvetica,sans-serif;\"><span style=\"font-size: medium; font-family: arial,helvetica,sans-serif;\">Si empleas un dahesivo el\u00e1stico donde no debes no va a sujeta.<\/span><\/span><\/span><\/li>\n<\/ul>\n<h3><span style=\"font-size: x-large; font-family: arial,helvetica,sans-serif;\">Al emplear un 34% m\u00e1s de tiempo, materiales y experiencia no podemos competir con los presupuestos de los chapuzas<br \/>\n<\/span><\/h3>\n<ul>\n<li><span style=\"font-size: medium; font-family: arial,helvetica,sans-serif;\"><span style=\"font-size: medium; font-family: arial,helvetica,sans-serif;\"><span style=\"font-size: medium; font-family: arial,helvetica,sans-serif;\"><span style=\"font-size: medium; font-family: arial,helvetica,sans-serif;\"><span style=\"font-size: medium; font-family: arial,helvetica,sans-serif;\">Adem\u00e1s que se nota como trabajamos reflejamos por contrato detalladamente todos los materiales empleados y firmamos una garant\u00eda de 10 a\u00f1os, porque s\u00f3lo haciendo las cosas bien va a durar mucho m\u00e1s de 20 a\u00f1os. El mantenimiento se realiza s\u00f3lo una vez al a\u00f1o.<br \/>\n<\/span><\/span><\/span><\/span><\/span><\/li>\n<\/ul>\n<ul>\n<li><span style=\"font-size: medium; font-family: arial,helvetica,sans-serif;\"><span style=\"font-size: medium; font-family: arial,helvetica,sans-serif;\"><span style=\"font-size: medium; font-family: arial,helvetica,sans-serif;\"><span style=\"font-size: medium; font-family: arial,helvetica,sans-serif;\">Todos los materiales est\u00e1n certificados, vienen convenientemente embalados con sus sellos de calidad, tambi\u00e9n reflejados por contrato. <\/span><\/span><\/span><\/span>\n<div id=\"attachment_3294\" style=\"width: 954px\" class=\"wp-caption aligncenter\"><img loading=\"lazy\" decoding=\"async\" aria-describedby=\"caption-attachment-3294\" class=\"size-full wp-image-3294\" src=\"https:\/\/instalaciondetarimas.com\/wp-content\/uploads\/testas-abiertas-exterior.jpg\" alt=\"Foto comparativa donde se aprecia la diferencia entre encolar y colocar grapas en las testas de las tarimas o no, la tarima con grapas y encolada no tiene la testa abierta y reseca\" height=\"500\" width=\"944\"><p id=\"caption-attachment-3294\" class=\"wp-caption-text\"><strong>Maderas mal instaladas y bien instaladas<\/strong>: la de la derecha es ip\u00e9 del brasil, la mejor madera mal instalada se raja y una madera buena bien instalada ni se raja, ni se agrieta. En el caso de la derecha est\u00e1 mal instalada porque le faltan grapas y adhesivo en las uniones y adem\u00e1s por no tener un mantenimiento anual la madera est\u00e1 gris y muy seca. El ip\u00e9 es una <a href=\"https:\/\/es.wikipedia.org\/wiki\/Madera#Dureza_de_la_madera\" target=\"_blank\">madera un poco m\u00e1s dura<\/a> que la grapia, pero vemos como esa cualidad no es tan importante.<\/p><\/div>\n<p style=\"font-size: medium; font-family: arial,helvetica,sans-serif;\">&nbsp;<span style=\"font-size: medium; font-family: arial,helvetica,sans-serif;\">| Venta e instalaci\u00f3n directa en Espa\u00f1a y venta en cualquier parte de Europa | <strong>636 52 04 08<\/strong> | 91 890 51 61 | tarima@instalaciondetarimas.com | Especialistas en instalaci\u00f3n en tarimas de exterior y tarima de madera maciza interior | Calidad de la instalaci\u00f3n exterior |<\/span>[\/box]\n<\/li>\n<\/ul>\n<p>&nbsp;<\/p>\n<div class=\"7d133950727d7d7fabd868cef9729e91\" data-index=\"1\" style=\"float: none; margin:10px 0 10px 0; text-align:center;\">\n<script async src=\"\/\/pagead2.googlesyndication.com\/pagead\/js\/adsbygoogle.js\"><\/script>\r\n<!-- MINIMAL -->\r\n<ins class=\"adsbygoogle\"\r\n     style=\"display:block\"\r\n     data-ad-client=\"ca-pub-5350189522639204\"\r\n     data-ad-slot=\"2323043779\"\r\n     data-ad-format=\"auto\"><\/ins>\r\n<script>\r\n(adsbygoogle = window.adsbygoogle || []).push({});\r\n<\/script>\n<\/div>\n\n<div style=\"font-size: 0px; height: 0px; line-height: 0px; margin: 0; padding: 0; clear: both;\"><\/div>","protected":false},"excerpt":{"rendered":"<p>Tarima exterior de grapia como la mejor opci\u00f3n, la m\u00e1s versatil por admitir distintos tonos La tarima exterior de grapia tiene una gran ventaja, como es una madera tropical muy dura pero de color claro podemos jugar mucho con el color, con el acabado final: La calidad de la tarima exterior de grapia es muy [&hellip;]<\/p>\n","protected":false},"author":1,"featured_media":0,"comment_status":"open","ping_status":"open","sticky":false,"template":"","format":"standard","meta":{"footnotes":""},"categories":[1,2,3],"tags":[28],"class_list":["post-552","post","type-post","status-publish","format-standard","hentry","category-sin-categoria","category-tarima-exterior","category-tarima-de-grapia-exterior","tag-tarima-exterior-de-grapia"],"yoast_head":"<!-- This site is optimized with the Yoast SEO plugin v27.1.1 - https:\/\/yoast.com\/product\/yoast-seo-wordpress\/ -->\n<title>La tarima exterior de grapia es una de las mejores opcione<\/title>\n<meta name=\"description\" content=\"La tarima exterior de grapia es una de las mejores maderas para la intemperie, adem\u00e1s es muy versatil al admitir el color teka o el color ip\u00e9\" \/>\n<meta name=\"robots\" content=\"index, follow, max-snippet:-1, max-image-preview:large, max-video-preview:-1\" \/>\n<link rel=\"canonical\" href=\"https:\/\/instalaciondetarimas.com\/tarima-exterior\/2016\/09\/21\/tarima-exterior-de-grapia-opcion-versatil\/\" \/>\n<meta property=\"og:locale\" content=\"es_ES\" \/>\n<meta property=\"og:type\" content=\"article\" \/>\n<meta property=\"og:title\" content=\"La tarima exterior de grapia es una de las mejores opcione\" \/>\n<meta property=\"og:description\" content=\"La tarima exterior de grapia es una de las mejores maderas para la intemperie, adem\u00e1s es muy versatil al admitir el color teka o el color ip\u00e9\" \/>\n<meta property=\"og:url\" content=\"https:\/\/instalaciondetarimas.com\/tarima-exterior\/2016\/09\/21\/tarima-exterior-de-grapia-opcion-versatil\/\" \/>\n<meta property=\"og:site_name\" content=\"ofertas de tarima exterior con la mejor calidad y precio\" \/>\n<meta property=\"article:published_time\" content=\"2016-09-21T20:28:10+00:00\" \/>\n<meta property=\"article:modified_time\" content=\"2017-02-07T18:53:41+00:00\" \/>\n<meta property=\"og:image\" content=\"https:\/\/instalaciondetarimas.com\/tarima-exterior\/wp-content\/uploads\/sites\/11\/2016\/09\/grapia-oscurecida.jpg\" \/>\n\t<meta property=\"og:image:width\" content=\"800\" \/>\n\t<meta property=\"og:image:height\" content=\"415\" \/>\n\t<meta property=\"og:image:type\" content=\"image\/jpeg\" \/>\n<meta name=\"author\" content=\"Ribas\" \/>\n<meta name=\"twitter:card\" content=\"summary_large_image\" \/>\n<meta name=\"twitter:label1\" content=\"Escrito por\" \/>\n\t<meta name=\"twitter:data1\" content=\"Ribas\" \/>\n\t<meta name=\"twitter:label2\" content=\"Tiempo de lectura\" \/>\n\t<meta name=\"twitter:data2\" content=\"4 minutos\" \/>\n<script type=\"application\/ld+json\" class=\"yoast-schema-graph\">{\"@context\":\"https:\/\/schema.org\",\"@graph\":[{\"@type\":\"Article\",\"@id\":\"https:\/\/instalaciondetarimas.com\/tarima-exterior\/2016\/09\/21\/tarima-exterior-de-grapia-opcion-versatil\/#article\",\"isPartOf\":{\"@id\":\"https:\/\/instalaciondetarimas.com\/tarima-exterior\/2016\/09\/21\/tarima-exterior-de-grapia-opcion-versatil\/\"},\"author\":{\"name\":\"Ribas\",\"@id\":\"https:\/\/instalaciondetarimas.com\/tarima-exterior\/#\/schema\/person\/080df099c3c04ec9642544e2451b38c2\"},\"headline\":\"Tarima exterior de grapia\",\"datePublished\":\"2016-09-21T20:28:10+00:00\",\"dateModified\":\"2017-02-07T18:53:41+00:00\",\"mainEntityOfPage\":{\"@id\":\"https:\/\/instalaciondetarimas.com\/tarima-exterior\/2016\/09\/21\/tarima-exterior-de-grapia-opcion-versatil\/\"},\"wordCount\":786,\"commentCount\":19,\"image\":{\"@id\":\"https:\/\/instalaciondetarimas.com\/tarima-exterior\/2016\/09\/21\/tarima-exterior-de-grapia-opcion-versatil\/#primaryimage\"},\"thumbnailUrl\":\"https:\/\/instalaciondetarimas.com\/tarima-exterior\/wp-content\/uploads\/sites\/11\/2016\/09\/grapia-oscurecida.jpg\",\"keywords\":[\"tarima exterior de grapia\"],\"articleSection\":{\"1\":\"TARIMA DE EXTERIOR\",\"2\":\"TARIMA DE GRAPIA EXTERIOR\"},\"inLanguage\":\"es\",\"potentialAction\":[{\"@type\":\"CommentAction\",\"name\":\"Comment\",\"target\":[\"https:\/\/instalaciondetarimas.com\/tarima-exterior\/2016\/09\/21\/tarima-exterior-de-grapia-opcion-versatil\/#respond\"]}]},{\"@type\":\"WebPage\",\"@id\":\"https:\/\/instalaciondetarimas.com\/tarima-exterior\/2016\/09\/21\/tarima-exterior-de-grapia-opcion-versatil\/\",\"url\":\"https:\/\/instalaciondetarimas.com\/tarima-exterior\/2016\/09\/21\/tarima-exterior-de-grapia-opcion-versatil\/\",\"name\":\"La tarima exterior de grapia es una de las mejores opcione\",\"isPartOf\":{\"@id\":\"https:\/\/instalaciondetarimas.com\/tarima-exterior\/#website\"},\"primaryImageOfPage\":{\"@id\":\"https:\/\/instalaciondetarimas.com\/tarima-exterior\/2016\/09\/21\/tarima-exterior-de-grapia-opcion-versatil\/#primaryimage\"},\"image\":{\"@id\":\"https:\/\/instalaciondetarimas.com\/tarima-exterior\/2016\/09\/21\/tarima-exterior-de-grapia-opcion-versatil\/#primaryimage\"},\"thumbnailUrl\":\"https:\/\/instalaciondetarimas.com\/tarima-exterior\/wp-content\/uploads\/sites\/11\/2016\/09\/grapia-oscurecida.jpg\",\"datePublished\":\"2016-09-21T20:28:10+00:00\",\"dateModified\":\"2017-02-07T18:53:41+00:00\",\"author\":{\"@id\":\"https:\/\/instalaciondetarimas.com\/tarima-exterior\/#\/schema\/person\/080df099c3c04ec9642544e2451b38c2\"},\"description\":\"La tarima exterior de grapia es una de las mejores maderas para la intemperie, adem\u00e1s es muy versatil al admitir el color teka o el color ip\u00e9\",\"breadcrumb\":{\"@id\":\"https:\/\/instalaciondetarimas.com\/tarima-exterior\/2016\/09\/21\/tarima-exterior-de-grapia-opcion-versatil\/#breadcrumb\"},\"inLanguage\":\"es\",\"potentialAction\":[{\"@type\":\"ReadAction\",\"target\":[\"https:\/\/instalaciondetarimas.com\/tarima-exterior\/2016\/09\/21\/tarima-exterior-de-grapia-opcion-versatil\/\"]}]},{\"@type\":\"ImageObject\",\"inLanguage\":\"es\",\"@id\":\"https:\/\/instalaciondetarimas.com\/tarima-exterior\/2016\/09\/21\/tarima-exterior-de-grapia-opcion-versatil\/#primaryimage\",\"url\":\"https:\/\/instalaciondetarimas.com\/tarima-exterior\/wp-content\/uploads\/sites\/11\/2016\/09\/grapia-oscurecida.jpg\",\"contentUrl\":\"https:\/\/instalaciondetarimas.com\/tarima-exterior\/wp-content\/uploads\/sites\/11\/2016\/09\/grapia-oscurecida.jpg\",\"width\":800,\"height\":415,\"caption\":\"tarima exterior de grapia oscurecida\"},{\"@type\":\"BreadcrumbList\",\"@id\":\"https:\/\/instalaciondetarimas.com\/tarima-exterior\/2016\/09\/21\/tarima-exterior-de-grapia-opcion-versatil\/#breadcrumb\",\"itemListElement\":[{\"@type\":\"ListItem\",\"position\":1,\"name\":\"Portada\",\"item\":\"https:\/\/instalaciondetarimas.com\/tarima-exterior\/\"},{\"@type\":\"ListItem\",\"position\":2,\"name\":\"Tarima exterior de grapia\"}]},{\"@type\":\"WebSite\",\"@id\":\"https:\/\/instalaciondetarimas.com\/tarima-exterior\/#website\",\"url\":\"https:\/\/instalaciondetarimas.com\/tarima-exterior\/\",\"name\":\"ofertas de tarima exterior con la mejor calidad y precio\",\"description\":\"ofertas de tarima exterior\",\"potentialAction\":[{\"@type\":\"SearchAction\",\"target\":{\"@type\":\"EntryPoint\",\"urlTemplate\":\"https:\/\/instalaciondetarimas.com\/tarima-exterior\/?s={search_term_string}\"},\"query-input\":{\"@type\":\"PropertyValueSpecification\",\"valueRequired\":true,\"valueName\":\"search_term_string\"}}],\"inLanguage\":\"es\"},{\"@type\":\"Person\",\"@id\":\"https:\/\/instalaciondetarimas.com\/tarima-exterior\/#\/schema\/person\/080df099c3c04ec9642544e2451b38c2\",\"name\":\"Ribas\",\"image\":{\"@type\":\"ImageObject\",\"inLanguage\":\"es\",\"@id\":\"https:\/\/instalaciondetarimas.com\/tarima-exterior\/#\/schema\/person\/image\/\",\"url\":\"https:\/\/secure.gravatar.com\/avatar\/53f051e804b18764c53f9952c629b135af8edb7bb2b61711c5175ce506878789?s=96&d=mm&r=g\",\"contentUrl\":\"https:\/\/secure.gravatar.com\/avatar\/53f051e804b18764c53f9952c629b135af8edb7bb2b61711c5175ce506878789?s=96&d=mm&r=g\",\"caption\":\"Ribas\"},\"url\":\"https:\/\/instalaciondetarimas.com\/tarima-exterior\/author\/admin\/\"}]}<\/script>\n<!-- \/ Yoast SEO plugin. -->","yoast_head_json":{"title":"La tarima exterior de grapia es una de las mejores opcione","description":"La tarima exterior de grapia es una de las mejores maderas para la intemperie, adem\u00e1s es muy versatil al admitir el color teka o el color ip\u00e9","robots":{"index":"index","follow":"follow","max-snippet":"max-snippet:-1","max-image-preview":"max-image-preview:large","max-video-preview":"max-video-preview:-1"},"canonical":"https:\/\/instalaciondetarimas.com\/tarima-exterior\/2016\/09\/21\/tarima-exterior-de-grapia-opcion-versatil\/","og_locale":"es_ES","og_type":"article","og_title":"La tarima exterior de grapia es una de las mejores opcione","og_description":"La tarima exterior de grapia es una de las mejores maderas para la intemperie, adem\u00e1s es muy versatil al admitir el color teka o el color ip\u00e9","og_url":"https:\/\/instalaciondetarimas.com\/tarima-exterior\/2016\/09\/21\/tarima-exterior-de-grapia-opcion-versatil\/","og_site_name":"ofertas de tarima exterior con la mejor calidad y precio","article_published_time":"2016-09-21T20:28:10+00:00","article_modified_time":"2017-02-07T18:53:41+00:00","og_image":[{"width":800,"height":415,"url":"https:\/\/instalaciondetarimas.com\/tarima-exterior\/wp-content\/uploads\/sites\/11\/2016\/09\/grapia-oscurecida.jpg","type":"image\/jpeg"}],"author":"Ribas","twitter_card":"summary_large_image","twitter_misc":{"Escrito por":"Ribas","Tiempo de lectura":"4 minutos"},"schema":{"@context":"https:\/\/schema.org","@graph":[{"@type":"Article","@id":"https:\/\/instalaciondetarimas.com\/tarima-exterior\/2016\/09\/21\/tarima-exterior-de-grapia-opcion-versatil\/#article","isPartOf":{"@id":"https:\/\/instalaciondetarimas.com\/tarima-exterior\/2016\/09\/21\/tarima-exterior-de-grapia-opcion-versatil\/"},"author":{"name":"Ribas","@id":"https:\/\/instalaciondetarimas.com\/tarima-exterior\/#\/schema\/person\/080df099c3c04ec9642544e2451b38c2"},"headline":"Tarima exterior de grapia","datePublished":"2016-09-21T20:28:10+00:00","dateModified":"2017-02-07T18:53:41+00:00","mainEntityOfPage":{"@id":"https:\/\/instalaciondetarimas.com\/tarima-exterior\/2016\/09\/21\/tarima-exterior-de-grapia-opcion-versatil\/"},"wordCount":786,"commentCount":19,"image":{"@id":"https:\/\/instalaciondetarimas.com\/tarima-exterior\/2016\/09\/21\/tarima-exterior-de-grapia-opcion-versatil\/#primaryimage"},"thumbnailUrl":"https:\/\/instalaciondetarimas.com\/tarima-exterior\/wp-content\/uploads\/sites\/11\/2016\/09\/grapia-oscurecida.jpg","keywords":["tarima exterior de grapia"],"articleSection":{"1":"TARIMA DE EXTERIOR","2":"TARIMA DE GRAPIA EXTERIOR"},"inLanguage":"es","potentialAction":[{"@type":"CommentAction","name":"Comment","target":["https:\/\/instalaciondetarimas.com\/tarima-exterior\/2016\/09\/21\/tarima-exterior-de-grapia-opcion-versatil\/#respond"]}]},{"@type":"WebPage","@id":"https:\/\/instalaciondetarimas.com\/tarima-exterior\/2016\/09\/21\/tarima-exterior-de-grapia-opcion-versatil\/","url":"https:\/\/instalaciondetarimas.com\/tarima-exterior\/2016\/09\/21\/tarima-exterior-de-grapia-opcion-versatil\/","name":"La tarima exterior de grapia es una de las mejores opcione","isPartOf":{"@id":"https:\/\/instalaciondetarimas.com\/tarima-exterior\/#website"},"primaryImageOfPage":{"@id":"https:\/\/instalaciondetarimas.com\/tarima-exterior\/2016\/09\/21\/tarima-exterior-de-grapia-opcion-versatil\/#primaryimage"},"image":{"@id":"https:\/\/instalaciondetarimas.com\/tarima-exterior\/2016\/09\/21\/tarima-exterior-de-grapia-opcion-versatil\/#primaryimage"},"thumbnailUrl":"https:\/\/instalaciondetarimas.com\/tarima-exterior\/wp-content\/uploads\/sites\/11\/2016\/09\/grapia-oscurecida.jpg","datePublished":"2016-09-21T20:28:10+00:00","dateModified":"2017-02-07T18:53:41+00:00","author":{"@id":"https:\/\/instalaciondetarimas.com\/tarima-exterior\/#\/schema\/person\/080df099c3c04ec9642544e2451b38c2"},"description":"La tarima exterior de grapia es una de las mejores maderas para la intemperie, adem\u00e1s es muy versatil al admitir el color teka o el color ip\u00e9","breadcrumb":{"@id":"https:\/\/instalaciondetarimas.com\/tarima-exterior\/2016\/09\/21\/tarima-exterior-de-grapia-opcion-versatil\/#breadcrumb"},"inLanguage":"es","potentialAction":[{"@type":"ReadAction","target":["https:\/\/instalaciondetarimas.com\/tarima-exterior\/2016\/09\/21\/tarima-exterior-de-grapia-opcion-versatil\/"]}]},{"@type":"ImageObject","inLanguage":"es","@id":"https:\/\/instalaciondetarimas.com\/tarima-exterior\/2016\/09\/21\/tarima-exterior-de-grapia-opcion-versatil\/#primaryimage","url":"https:\/\/instalaciondetarimas.com\/tarima-exterior\/wp-content\/uploads\/sites\/11\/2016\/09\/grapia-oscurecida.jpg","contentUrl":"https:\/\/instalaciondetarimas.com\/tarima-exterior\/wp-content\/uploads\/sites\/11\/2016\/09\/grapia-oscurecida.jpg","width":800,"height":415,"caption":"tarima exterior de grapia oscurecida"},{"@type":"BreadcrumbList","@id":"https:\/\/instalaciondetarimas.com\/tarima-exterior\/2016\/09\/21\/tarima-exterior-de-grapia-opcion-versatil\/#breadcrumb","itemListElement":[{"@type":"ListItem","position":1,"name":"Portada","item":"https:\/\/instalaciondetarimas.com\/tarima-exterior\/"},{"@type":"ListItem","position":2,"name":"Tarima exterior de grapia"}]},{"@type":"WebSite","@id":"https:\/\/instalaciondetarimas.com\/tarima-exterior\/#website","url":"https:\/\/instalaciondetarimas.com\/tarima-exterior\/","name":"ofertas de tarima exterior con la mejor calidad y precio","description":"ofertas de tarima exterior","potentialAction":[{"@type":"SearchAction","target":{"@type":"EntryPoint","urlTemplate":"https:\/\/instalaciondetarimas.com\/tarima-exterior\/?s={search_term_string}"},"query-input":{"@type":"PropertyValueSpecification","valueRequired":true,"valueName":"search_term_string"}}],"inLanguage":"es"},{"@type":"Person","@id":"https:\/\/instalaciondetarimas.com\/tarima-exterior\/#\/schema\/person\/080df099c3c04ec9642544e2451b38c2","name":"Ribas","image":{"@type":"ImageObject","inLanguage":"es","@id":"https:\/\/instalaciondetarimas.com\/tarima-exterior\/#\/schema\/person\/image\/","url":"https:\/\/secure.gravatar.com\/avatar\/53f051e804b18764c53f9952c629b135af8edb7bb2b61711c5175ce506878789?s=96&d=mm&r=g","contentUrl":"https:\/\/secure.gravatar.com\/avatar\/53f051e804b18764c53f9952c629b135af8edb7bb2b61711c5175ce506878789?s=96&d=mm&r=g","caption":"Ribas"},"url":"https:\/\/instalaciondetarimas.com\/tarima-exterior\/author\/admin\/"}]}},"_links":{"self":[{"href":"https:\/\/instalaciondetarimas.com\/tarima-exterior\/wp-json\/wp\/v2\/posts\/552","targetHints":{"allow":["GET"]}}],"collection":[{"href":"https:\/\/instalaciondetarimas.com\/tarima-exterior\/wp-json\/wp\/v2\/posts"}],"about":[{"href":"https:\/\/instalaciondetarimas.com\/tarima-exterior\/wp-json\/wp\/v2\/types\/post"}],"author":[{"embeddable":true,"href":"https:\/\/instalaciondetarimas.com\/tarima-exterior\/wp-json\/wp\/v2\/users\/1"}],"replies":[{"embeddable":true,"href":"https:\/\/instalaciondetarimas.com\/tarima-exterior\/wp-json\/wp\/v2\/comments?post=552"}],"version-history":[{"count":0,"href":"https:\/\/instalaciondetarimas.com\/tarima-exterior\/wp-json\/wp\/v2\/posts\/552\/revisions"}],"wp:attachment":[{"href":"https:\/\/instalaciondetarimas.com\/tarima-exterior\/wp-json\/wp\/v2\/media?parent=552"}],"wp:term":[{"taxonomy":"category","embeddable":true,"href":"https:\/\/instalaciondetarimas.com\/tarima-exterior\/wp-json\/wp\/v2\/categories?post=552"},{"taxonomy":"post_tag","embeddable":true,"href":"https:\/\/instalaciondetarimas.com\/tarima-exterior\/wp-json\/wp\/v2\/tags?post=552"}],"curies":[{"name":"wp","href":"https:\/\/api.w.org\/{rel}","templated":true}]}}