{"id":1400,"date":"2023-07-19T13:09:35","date_gmt":"2023-07-19T11:09:35","guid":{"rendered":"https:\/\/instalaciondetarimas.com\/tarima-exterior\/?p=1400"},"modified":"2025-03-25T02:08:00","modified_gmt":"2025-03-25T01:08:00","slug":"como-queda-el-mantenimiento-con-el-cetol-en-la-tarima-de-bambu-exterior","status":"publish","type":"post","link":"https:\/\/instalaciondetarimas.com\/tarima-exterior\/2023\/07\/19\/como-queda-el-mantenimiento-con-el-cetol-en-la-tarima-de-bambu-exterior\/","title":{"rendered":"\u00bfC\u00f3mo queda el mantenimiento con el Cetol en la tarima de bamb\u00fa exterior?"},"content":{"rendered":"<p>&nbsp;<\/p>\n<h1>\u00bfC\u00f3mo queda el mantenimiento con el Cetol en la tarima de bamb\u00fa exterior?<\/h1>\n<p><span style=\"font-size: medium; font-family: arial, helvetica, sans-serif; color: #333333;\">Os mostramos el resultado del mantenimiento con el Cetol en la tarima de bamb\u00fa exterior con dos tonos, color 1481 o ip\u00e9 medio y color 1482 o teka. Hay un color ip\u00e9 muy oscuro que no mostramos en la comparativa.<\/span><\/p>\n<p><strong><span style=\"font-size: medium; font-family: arial, helvetica, sans-serif; color: #333333;\">Prueba de color con el cetol WF771 sobre bamb\u00fa<\/span><\/strong><\/p>\n<p><span style=\"font-size: medium; font-family: arial, helvetica, sans-serif; color: #333333;\">Los colores teka e ip\u00e9 son los que m\u00e1s protegen la madera en el exterior. Los colores m\u00e1s claros (roble, douka, pino) protegen menos al llevar un pigmento m\u00e1s d\u00e9bil. Adem\u00e1s, de todos modos en cuanto la madera est\u00e1 expuesta al sol los pigmentos oscuros se aclaran.<\/span><\/p>\n<p><span style=\"font-size: medium; font-family: arial, helvetica, sans-serif; color: #333333;\">Con lo cual no tiene sentido escoger colores claros. Adem\u00e1s tampoco la madera o el bamb\u00fa quedar\u00e1 con un tono claro debido a que el sustrato determina el color. Es decir, sobre un fondo oscuro un tono claro dar\u00e1 un resultado oscuro.<\/span><\/p>\n<p><span style=\"font-size: medium; font-family: arial, helvetica, sans-serif; color: #333333;\">As\u00ed que si buscas un tono claro en realidad la clave est\u00e1 en otro concepto: En acondicionar el sustrato. \u00bfC\u00f3mo acondicionamos la madera o el bamb\u00fa para tener un buen resultado?<\/span><\/p>\n<p><span style=\"font-size: medium; font-family: arial, helvetica, sans-serif; color: #333333;\">Tenemos dos opciones, hacer una limpieza de la tarima con un producto espec\u00edfico o lijar la tarima suavemente. Es decir, debemos eliminar esa capa de madera envejecida o sucia.<\/span><\/p>\n<h2><span style=\"font-size: medium; font-family: arial, helvetica, sans-serif; color: #333333;\">En esta foto vemos como queda el color teka con Cetol en la tarima de bamb\u00fa exterior.<\/span><\/h2>\n<div id=\"attachment_1402\" style=\"width: 710px\" class=\"wp-caption aligncenter\"><a href=\"https:\/\/instalaciondetarimas.com\/tarima-exterior\/wp-content\/uploads\/sites\/11\/2023\/07\/cetol-teka-bambu-copy-3.jpg\"><img loading=\"lazy\" decoding=\"async\" aria-describedby=\"caption-attachment-1402\" class=\"size-full wp-image-1402\" src=\"https:\/\/instalaciondetarimas.com\/tarima-exterior\/wp-content\/uploads\/sites\/11\/2023\/07\/cetol-teka-bambu-copy-3.jpg\" alt=\"Prueba de color teka con el Cetol en la tarima de bamb\u00fa\" width=\"700\" height=\"1055\" srcset=\"https:\/\/instalaciondetarimas.com\/tarima-exterior\/wp-content\/uploads\/sites\/11\/2023\/07\/cetol-teka-bambu-copy-3.jpg 700w, https:\/\/instalaciondetarimas.com\/tarima-exterior\/wp-content\/uploads\/sites\/11\/2023\/07\/cetol-teka-bambu-copy-3-199x300.jpg 199w, https:\/\/instalaciondetarimas.com\/tarima-exterior\/wp-content\/uploads\/sites\/11\/2023\/07\/cetol-teka-bambu-copy-3-679x1024.jpg 679w, https:\/\/instalaciondetarimas.com\/tarima-exterior\/wp-content\/uploads\/sites\/11\/2023\/07\/cetol-teka-bambu-copy-3-150x226.jpg 150w\" sizes=\"auto, (max-width: 700px) 100vw, 700px\" \/><\/a><p id=\"caption-attachment-1402\" class=\"wp-caption-text\">Prueba de color teka con el Cetol en la tarima de bamb\u00fa<\/p><\/div>\n<p><strong><span style=\"font-size: medium; font-family: arial, helvetica, sans-serif; color: #333333;\">En esta otra foto vemos como queda el color ip\u00e9 con Cetol en la tarima de <a href=\"https:\/\/es.wikipedia.org\/wiki\/Bambusoideae\" target=\"_blank\" rel=\"nofollow noopener sponsored\">bamb\u00fa <\/a>exterior.<\/span><\/strong><\/p>\n<div id=\"attachment_1403\" style=\"width: 710px\" class=\"wp-caption aligncenter\"><a href=\"https:\/\/instalaciondetarimas.com\/tarima-exterior\/wp-content\/uploads\/sites\/11\/2023\/07\/cetol-ipe-en-bambu\u0301-IPE.jpg\"><img loading=\"lazy\" decoding=\"async\" aria-describedby=\"caption-attachment-1403\" class=\"size-full wp-image-1403\" src=\"https:\/\/instalaciondetarimas.com\/tarima-exterior\/wp-content\/uploads\/sites\/11\/2023\/07\/cetol-ipe-en-bambu\u0301-IPE.jpg\" alt=\"Prueba de color ipe con el Cetol en la tarima de bamb\u00fa\" width=\"700\" height=\"1052\" srcset=\"https:\/\/instalaciondetarimas.com\/tarima-exterior\/wp-content\/uploads\/sites\/11\/2023\/07\/cetol-ipe-en-bambu\u0301-IPE.jpg 700w, https:\/\/instalaciondetarimas.com\/tarima-exterior\/wp-content\/uploads\/sites\/11\/2023\/07\/cetol-ipe-en-bambu\u0301-IPE-200x300.jpg 200w, https:\/\/instalaciondetarimas.com\/tarima-exterior\/wp-content\/uploads\/sites\/11\/2023\/07\/cetol-ipe-en-bambu\u0301-IPE-681x1024.jpg 681w, https:\/\/instalaciondetarimas.com\/tarima-exterior\/wp-content\/uploads\/sites\/11\/2023\/07\/cetol-ipe-en-bambu\u0301-IPE-150x225.jpg 150w\" sizes=\"auto, (max-width: 700px) 100vw, 700px\" \/><\/a><p id=\"caption-attachment-1403\" class=\"wp-caption-text\">Prueba de color ipe con el Cetol en la tarima de bamb\u00fa<\/p><\/div>\n<p><span style=\"font-size: medium; font-family: arial, helvetica, sans-serif; color: #333333;\">C\u00f3mo vemos el color teka es recesivo y ligeramente m\u00e1s claro. Los colores recesivos son colores neutrales, colores menos vivos, tienen menos pigmento rojo o amarillo. Lo contrario de un color recesivo es un color vivo, el color ip\u00e9 es m\u00e1s vivo porque tiene un poco m\u00e1s de pigmento rojo.<\/span><\/p>\n<div id=\"attachment_1404\" style=\"width: 710px\" class=\"wp-caption aligncenter\"><a href=\"https:\/\/instalaciondetarimas.com\/tarima-exterior\/wp-content\/uploads\/sites\/11\/2023\/07\/CARATULA-copy.jpg\"><img loading=\"lazy\" decoding=\"async\" aria-describedby=\"caption-attachment-1404\" class=\"size-full wp-image-1404\" src=\"https:\/\/instalaciondetarimas.com\/tarima-exterior\/wp-content\/uploads\/sites\/11\/2023\/07\/CARATULA-copy.jpg\" alt=\"Cetol en la tarima de bamb\u00fa con comparativa color teka e ip\u00e9\" width=\"700\" height=\"527\" srcset=\"https:\/\/instalaciondetarimas.com\/tarima-exterior\/wp-content\/uploads\/sites\/11\/2023\/07\/CARATULA-copy.jpg 700w, https:\/\/instalaciondetarimas.com\/tarima-exterior\/wp-content\/uploads\/sites\/11\/2023\/07\/CARATULA-copy-300x226.jpg 300w, https:\/\/instalaciondetarimas.com\/tarima-exterior\/wp-content\/uploads\/sites\/11\/2023\/07\/CARATULA-copy-150x113.jpg 150w\" sizes=\"auto, (max-width: 700px) 100vw, 700px\" \/><\/a><p id=\"caption-attachment-1404\" class=\"wp-caption-text\">Comparativa de color ip\u00e9 y teka con el Cetol en la tarima de bamb\u00fa<\/p><\/div>\n<p><span style=\"font-size: medium; font-family: arial, helvetica, sans-serif; color: #333333;\">C\u00f3mo vemos el color teka es recesivo y ligeramente m\u00e1s claro. Los colores recesivos son colores neutrales, colores menos vivos, tienen menos pigmento rojo o amarillo. Lo contrario de un color recesivo es un color vivo, el color ip\u00e9 es m\u00e1s vivo porque tiene un poco m\u00e1s de pigmento rojo. <\/span><\/p>\n<p><span style=\"font-size: medium; font-family: arial, helvetica, sans-serif; color: #333333;\">Puedes comprar en nuestra tienda online el cetol o llamarnos por tel\u00e9fono: 91 89 51 61 \/ 636 5204 08. <\/span><\/p>\n<p style=\"text-align: center;\"><strong><span style=\"font-size: x-large; font-family: arial, helvetica, sans-serif; color: #333333;\">10 litros de cetol WF771<\/span><\/strong><\/p>\n<p><a href=\"https:\/\/shop.instalaciondetarimas.com\/producto\/10-litros-cetol-wf771-de-sikkens\/\" target=\"_blank\" rel=\"nofollow noopener sponsored\"><img loading=\"lazy\" decoding=\"async\" class=\"aligncenter size-full wp-image-1033\" src=\"https:\/\/instalaciondetarimas.com\/tarima-exterior\/wp-content\/uploads\/sites\/11\/2016\/08\/cetol-wf771.gif\" alt=\"\" width=\"300\" height=\"300\" \/><\/a><\/p>\n<p style=\"text-align: center;\"><strong><span style=\"font-size: x-large; font-family: arial, helvetica, sans-serif; color: #333333;\">2,5 litros de cetol WF771<\/span><\/strong><\/p>\n<p>&nbsp;<\/p>\n<p>&nbsp;<\/p>\n<p><strong>Otros textos relacionados:<\/strong><\/p>\n<ul>\n<li><a href=\"https:\/\/instalaciondetarimas.com\/blog\/2016\/07\/04\/colocacion-de-los-rastreles-tropicales-tumbados-o-de-pie\/\" target=\"_blank\" rel=\"noopener sponsored\">\u00bfC\u00f3mo colocamos el rastrel, tumbado o de pi\u00e9? <\/a><\/li>\n<li><a href=\"https:\/\/instalaciondetarimas.com\/blog\/2019\/02\/09\/colocacion-de-tarima-de-exterior-sobre-rastreles-tropicales-cruzados\/\" target=\"_blank\" rel=\"noopener sponsored\">Rastreles cruzados <\/a><\/li>\n<li><a href=\"https:\/\/instalaciondetarimas.com\/blog\/2020\/02\/18\/la-mejor-colocacion-de-los-rastreles-en-una-terraza\/\" target=\"_blank\" rel=\"noopener sponsored\">Rastreles en una terraza <\/a><\/li>\n<li><a href=\"https:\/\/instalaciondetarimas.com\/blog\/2017\/09\/25\/como-aplicar-los-adhesivos-en-la-tarima-de-exterior\/\" target=\"_blank\" rel=\"noopener sponsored\">Sujetar el rastrel con adhesivos <\/a><\/li>\n<li><a href=\"https:\/\/instalaciondetarimas.com\/blog\/2017\/04\/12\/rastrel-con-clavos-de-acero-inoxidable-o-bricomatados\/\" target=\"_blank\" rel=\"noopener sponsored\">Sujetar rastreles con acero inoxidable <\/a><\/li>\n<li><a href=\"https:\/\/instalaciondetarimas.com\/blog\/2016\/11\/23\/10-anos-de-garantia-en-la-instalacion-de-la-tarima-de-exterior\/\" target=\"_blank\" rel=\"noopener sponsored\">La distancia del rastrel forma parte de la garant\u00eda. <\/a><\/li>\n<li><a href=\"https:\/\/instalaciondetarimas.com\/tarima-exterior\/2021\/12\/19\/como-calcular-los-metros-lineales-de-rastrel-en-funcion-de-la-superficie\/\" target=\"_blank\" rel=\"noopener sponsored\">Calcular los metros lineales de rastrel en funci\u00f3n de la superficie.<\/a><\/li>\n<\/ul>\n<p class=\"size-full wp-image-2064\" style=\"text-align: center;\"><span style=\"font-size: x-medium;\"><strong><span style=\"font-size: x-large;\">Asesoramiento y presupuestos sin compromiso por tel\u00e9fono ( 91 890 51 61, 636 52 04 08) o en nuestra tienda online:<span style=\"color: #ff0000;\"><br \/>\n<\/span><\/span><\/strong><\/span><\/p>\n<p><a href=\"https:\/\/shop.instalaciondetarimas.com\/\" target=\"_blank\" rel=\"noopener sponsored\"><img loading=\"lazy\" decoding=\"async\" class=\"aligncenter size-full wp-image-1189\" src=\"https:\/\/instalaciondetarimas.com\/tarima-exterior\/wp-content\/uploads\/sites\/11\/2016\/01\/TIENDA-copy-400x400.png\" alt=\"\" width=\"400\" height=\"400\" srcset=\"https:\/\/instalaciondetarimas.com\/tarima-exterior\/wp-content\/uploads\/sites\/11\/2016\/01\/TIENDA-copy-400x400.png 400w, https:\/\/instalaciondetarimas.com\/tarima-exterior\/wp-content\/uploads\/sites\/11\/2016\/01\/TIENDA-copy-400x400-150x150.png 150w, https:\/\/instalaciondetarimas.com\/tarima-exterior\/wp-content\/uploads\/sites\/11\/2016\/01\/TIENDA-copy-400x400-300x300.png 300w, https:\/\/instalaciondetarimas.com\/tarima-exterior\/wp-content\/uploads\/sites\/11\/2016\/01\/TIENDA-copy-400x400-80x80.png 80w, https:\/\/instalaciondetarimas.com\/tarima-exterior\/wp-content\/uploads\/sites\/11\/2016\/01\/TIENDA-copy-400x400-266x266.png 266w, https:\/\/instalaciondetarimas.com\/tarima-exterior\/wp-content\/uploads\/sites\/11\/2016\/01\/TIENDA-copy-400x400-184x184.png 184w, https:\/\/instalaciondetarimas.com\/tarima-exterior\/wp-content\/uploads\/sites\/11\/2016\/01\/TIENDA-copy-400x400-100x100.png 100w\" sizes=\"auto, (max-width: 400px) 100vw, 400px\" \/><\/a><\/p><!--CusAds0-->\n<h3><span style=\"font-size: x-large; font-family: arial,helvetica,sans-serif;\">Textos sobre tarima maciza interior:<\/span><\/h3>\n<ul>\n<li><span style=\"font-size: medium; font-family: arial, helvetica, sans-serif; color: #333333;\"><a style=\"color: #333333;\" href=\"https:\/\/instalaciondetarimas.com\/madera-maciza-interior\/2017\/12\/08\/el-encolado-con-la-espatula-dentada\/\" target=\"_blank\" rel=\"noopener\">El encolado de la tarima al suelo con esp\u00e1tula dentada <\/a><\/span><\/li>\n<li><span style=\"font-size: medium; font-family: arial, helvetica, sans-serif; color: #333333;\"><a style=\"color: #333333;\" href=\"https:\/\/instalaciondetarimas.com\/tarima-maciza-barnizada\/2015\/12\/30\/como-hacer-la-instalacion-de-la-tarima-maciza-barnizada\/\" target=\"_blank\" rel=\"noopener\">Instalar la tarima que ya viene barnizada en la f\u00e1brica. <\/a><\/span><\/li>\n<li><span style=\"font-size: medium; font-family: arial, helvetica, sans-serif; color: #333333;\"><a style=\"color: #333333;\" href=\"https:\/\/instalaciondetarimas.com\/tarima-maciza-barnizada\/2017\/06\/21\/las-ventajas-del-barnizado-de-fabrica-en-la-tarima-maciza\/\" target=\"_blank\" rel=\"noopener\">Las ventajas de la tarima barnizada de f\u00e1brica<\/a><\/span><\/li>\n<li><span style=\"font-size: medium; font-family: arial, helvetica, sans-serif; color: #333333;\"><a style=\"color: #333333;\" href=\"https:\/\/instalaciondetarimas.com\/madera-maciza-interior\/2017\/05\/08\/la-instalacion-de-la-madera-en-el-suelo-radiante\/\" target=\"_blank\" rel=\"noopener\">La instalaci\u00f3n de la tarima sobre un suelo radiante <\/a><\/span><\/li>\n<li><span style=\"font-size: medium; font-family: arial, helvetica, sans-serif; color: #333333;\"><a style=\"color: #333333;\" href=\"https:\/\/instalaciondetarimas.com\/tarima-maciza-barnizada\/2017\/03\/29\/fotos-tarima-maciza-roble-barnizado\/\" target=\"_blank\" rel=\"noopener\">Fotos de tarima de roble barnizado en la f\u00e1brica. <\/a><\/span><\/li>\n<li><span style=\"font-size: medium; font-family: arial, helvetica, sans-serif; color: #333333;\"><a style=\"color: #333333;\" href=\"https:\/\/instalaciondetarimas.com\/madera-maciza-interior\/2018\/01\/11\/como-secar-el-suelo-al-2-de-humedad-para-poder-pegar-la-tarima-maciza-al-suelo-sin-emplear-el-rastrel\/\" target=\"_blank\" rel=\"noopener\">\u00bfC\u00f3mo secar el suelo al 2% de humedad para poder pegar la tarima maciza al suelo, sin emplear el rastrel?. <\/a><\/span><\/li>\n<li><span style=\"font-size: medium; font-family: arial, helvetica, sans-serif; color: #333333;\"><a style=\"color: #333333;\" href=\"https:\/\/instalaciondetarimas.com\/madera-maciza-interior\/2015\/12\/18\/las-ventajas-de-la-tarima-maciza\/\" target=\"_blank\" rel=\"noopener sponsored\">Las ventajas de la tarima maciza<\/a>. <\/span><\/li>\n<li><span style=\"font-size: medium; font-family: arial, helvetica, sans-serif; color: #333333;\"><a style=\"color: #333333;\" href=\"https:\/\/instalaciondetarimas.com\/enciclopedia-de-la-madera\/2021\/12\/03\/que-es-mejor-una-tarima-flotante-o-maciza\/\" target=\"_blank\" rel=\"noopener sponsored\">\u00bfQu\u00e9 es mejor la tarima maciza o la flotante?<\/a>. <\/span><\/li>\n<li><span style=\"font-size: medium; font-family: arial, helvetica, sans-serif; color: #333333;\"><a href=\"https:\/\/instalaciondetarimas.com\/madera-maciza-interior\/2018\/09\/07\/ficha-de-la-limpieza-del-suelo-tratado-con-el-aceite-de-interior-rubio-monocoat\/\" target=\"_blank\" rel=\"noopener sponsored\">Mantenimiento y limpieza de la tarima interior<\/a>.<\/span><\/li>\n<\/ul>\n<h6><strong><span style=\"font-size: x-large; font-family: arial,helvetica,sans-serif;\">Consejos de instalaci\u00f3n generales de la tarima exterior:<\/span><\/strong><\/h6>\n<ul>\n<li><span style=\"font-size: medium; font-family: arial, helvetica, sans-serif; color: #333333;\"><a href=\"https:\/\/instalaciondetarimas.com\/tarima-exterior\/2016\/08\/05\/saturador-cetol-wf771-de-sikkens\/\" target=\"_blank\" rel=\"noopener noreferrer\"><span style=\"color: #333333;\">\u00bfLa solera de hormig\u00f3n?<\/span><\/a><\/span><\/li>\n<li><span style=\"font-size: medium; font-family: arial, helvetica, sans-serif; color: #333333;\"><a style=\"color: #333333;\" href=\"https:\/\/instalaciondetarimas.com\/blog\/2016\/07\/04\/colocacion-de-los-rastreles-tropicales-tumbados-o-de-pie\/\" target=\"_blank\" rel=\"noopener noreferrer\">\u00bfC\u00f3mo colocamos los rastreles tumbados o de pie?<\/a><\/span><\/li>\n<li><span style=\"font-size: medium; font-family: arial, helvetica, sans-serif; color: #333333;\"><a style=\"color: #333333;\" href=\"https:\/\/instalaciondetarimas.com\/blog\/2017\/04\/12\/rastrel-con-clavos-de-acero-inoxidable-o-bricomatados\/\" target=\"_blank\" rel=\"noopener noreferrer\">\u00bfC\u00f3mo fijamos los rastreles al suelo? <\/a><\/span><\/li>\n<li><span style=\"font-size: medium; font-family: arial, helvetica, sans-serif; color: #333333;\"><a style=\"color: #333333;\" href=\"https:\/\/instalaciondetarimas.com\/blog\/2014\/08\/03\/las-ventajas-de-la-instalacin-de-tarima-de-exterior-con-rastreles-tropicales\/\" target=\"_blank\" rel=\"noopener noreferrer\">\u00bfPor qu\u00e9 los rastreles deben ser tropicales? <\/a><\/span><\/li>\n<li><span style=\"font-size: medium; font-family: arial, helvetica, sans-serif; color: #333333;\"><a style=\"color: #333333;\" href=\"https:\/\/instalaciondetarimas.com\/tarima-exterior\/2016\/03\/09\/remates-en-la-tarima-exterior-con-grapia\/\" target=\"_blank\" rel=\"noopener noreferrer\">\u00bfC\u00f3mo instalamos la primera l\u00ednea de tarima, atornillada o sin atornillar? <\/a><\/span><\/li>\n<li><span style=\"font-size: medium; font-family: arial, helvetica, sans-serif; color: #333333;\"><a style=\"color: #333333;\" href=\"https:\/\/instalaciondetarimas.com\/blog\/2016\/12\/15\/la-direccion-de-la-instalacion-de-la-tarima\/\" target=\"_blank\" rel=\"noopener noreferrer\">\u00bfCu\u00e1l es la direcci\u00f3n correcta que debe llevar la tarima en la instalaci\u00f3n? <\/a><\/span><\/li>\n<li><span style=\"font-size: medium; font-family: arial, helvetica, sans-serif; color: #333333;\"><a style=\"color: #333333;\" href=\"https:\/\/instalaciondetarimas.com\/tarima-exterior\/2016\/01\/23\/tarima-exterior-con-grapa-vista\/\" target=\"_blank\" rel=\"noopener noreferrer\">\u00bfTarima con sistema de grapa vista o con grapa oculta? <\/a><\/span><\/li>\n<li><span style=\"font-size: medium; font-family: arial, helvetica, sans-serif; color: #333333;\"><a style=\"color: #333333;\" href=\"https:\/\/instalaciondetarimas.com\/blog\/2015\/10\/03\/tarima-de-exterior-resistente-a-los-lictidos-o-la-polilla-de-la-madera\/\" target=\"_blank\" rel=\"noopener noreferrer\">\u00bfQu\u00e9 maderas son las m\u00e1s resistentes?<\/a><\/span><\/li>\n<li><span style=\"font-size: medium; font-family: arial, helvetica, sans-serif; color: #333333;\"><a style=\"color: #333333;\" href=\"https:\/\/instalaciondetarimas.com\/blog\/2016\/11\/23\/10-anos-garantia-la-instalacion-la-tarima-exterior\/\" target=\"_blank\" rel=\"noopener noreferrer\">\u00bfLa instalaci\u00f3n es la clave o son los materiales? <\/a><\/span><\/li>\n<li><span style=\"font-size: medium; font-family: arial, helvetica, sans-serif; color: #333333;\"><a style=\"color: #333333;\" href=\"https:\/\/instalaciondetarimas.com\/blog\/2014\/08\/07\/comparativa-entre-la-tarima-de-exterior-tecnolgica-madera-maciza-de-exterior\/\" target=\"_blank\" rel=\"noopener noreferrer\">\u00bfTarima sint\u00e9tica? No, gracias <\/a><\/span><\/li>\n<li><span style=\"font-size: medium; font-family: arial, helvetica, sans-serif; color: #333333;\"><a style=\"color: #333333;\" href=\"https:\/\/instalaciondetarimas.com\/tarima-exterior\/2017\/05\/30\/las-medidas-las-grapas-tarima-exterior\/\" target=\"_blank\" rel=\"noopener\">Medidas de las grapas para tarima de exterior.<\/a> <\/span><\/li>\n<li><span style=\"font-size: medium; font-family: arial, helvetica, sans-serif; color: #333333;\"><a style=\"color: #333333;\" href=\"https:\/\/instalaciondetarimas.com\/tarima-exterior\/2021\/07\/11\/tecnica-del-atornillado-de-las-grapas\/\" target=\"_blank\" rel=\"noopener sponsored\">\u00bfC\u00f3mo es la t\u00e9cnica del atornillado de las grapas?<\/a>. <\/span><\/li>\n<li><span style=\"font-size: medium; font-family: arial, helvetica, sans-serif; color: #333333;\"><a style=\"color: #333333;\" href=\"https:\/\/instalaciondetarimas.com\/tarima-exterior\/2021\/07\/03\/cuantas-grapas-de-exterior-se-necesitan\/\" target=\"_blank\" rel=\"noopener sponsored\">C\u00f3mo calcular el n\u00famero de grapas que necesitar\u00edamos por m2<\/a>.<\/span><\/li>\n<li><a href=\"https:\/\/instalaciondetarimas.com\/blog\/2016\/11\/23\/10-anos-garantia-la-instalacion-la-tarima-exterior\/\" target=\"_blank\" rel=\"noopener noreferrer\"><span style=\"font-size: medium; font-family: arial, helvetica, sans-serif; color: #333333;\">\u00bfLa instalaci\u00f3n es la clave o son los materiales?<\/span><\/a><\/li>\n<li><a href=\"https:\/\/instalaciondetarimas.com\/tarima-exterior\/2017\/05\/30\/las-medidas-las-grapas-tarima-exterior\/\" target=\"_blank\" rel=\"noopener\"><span style=\"font-size: medium; font-family: arial, helvetica, sans-serif; color: #333333;\">Medidas de las grapas para tarima de exterior <\/span><\/a><\/li>\n<li><a href=\"https:\/\/instalaciondetarimas.com\/blog\/2015\/09\/13\/la-instalacion-de-tarima-exterior\/\" target=\"_blank\" rel=\"noopener sponsored\"><span style=\"font-size: medium; font-family: arial, helvetica, sans-serif; color: #333333;\">7 claves de la instalaci\u00f3n exterior<\/span><\/a><\/li>\n<li><a href=\"https:\/\/instalaciondetarimas.com\/blog\/2021\/06\/30\/una-instalacion-duradera-con-una-tarima-de-ipe-exterior\/\" target=\"_blank\" rel=\"noopener sponsored\"><span style=\"font-size: medium; font-family: arial, helvetica, sans-serif; color: #333333;\">Como lograr una instalaci\u00f3n duradera. <\/span><\/a><\/li>\n<li><span style=\"font-size: medium; font-family: arial, helvetica, sans-serif; color: #333333;\"><a href=\"https:\/\/instalaciondetarimas.com\/blog\/2015\/11\/12\/consejos-de-aplicacion-de-lasur-o-aceite-para-tarima-de-exterior\/\" target=\"_blank\" rel=\"noopener sponsored\">Aceite para tarima exterior <\/a><\/span><\/li>\n<li><a href=\"https:\/\/instalaciondetarimas.com\/categoria-producto\/mantenimiento-madera-exterior\/\" target=\"_blank\" rel=\"noopener sponsored\"><span style=\"font-size: medium; font-family: arial, helvetica, sans-serif; color: #333333;\">Todo sobre el mantenimiento<\/span><\/a><\/li>\n<\/ul>\n<p>&nbsp;<\/p>\n<p><span style=\"font-size: x-large; font-family: arial,helvetica,sans-serif;\">| Venta directa en Espa\u00f1a y cualquier parte de Europa | <strong>636 52 04 08<\/strong> | 91 890 51 61 | <a title=\"mailto:tarima@instalaciondetarimas.com?subject=\" href=\"mailto:tarima@instalaciondetarimas.com?subject=\">tarima@instalaciondetarimas.com<\/a> | Especialistas en instalaci\u00f3n en tarimas de exterior y tarima de madera maciza interior | Tarima maciza de exterior: Color con el cetol en la tarima de bamb\u00fa |<\/span><\/p>\n<p>No se permiten adaptaciones de esta obra de cualquier parte de la web, ni permisos comerciales (texto e imagen)<a href=\"http:\/\/creativecommons.org\/licenses\/by-nc-nd\/4.0\/\" rel=\"license\"><img decoding=\"async\" style=\"border-width: 0;\" src=\"https:\/\/i.creativecommons.org\/l\/by-nc-nd\/4.0\/88x31.png\" alt=\"Licencia Creative Commons\" \/><\/a><br \/>\nEsta obra est\u00e1 bajo una <a href=\"http:\/\/creativecommons.org\/licenses\/by-nc-nd\/4.0\/\" rel=\"license\">Licencia Creative Commons Atribuci\u00f3n-NoComercial-SinDerivar 4.0 Internacional<\/a>.<\/p>\n<p style=\"text-align: center;\"><span style=\"font-size: x-large;\"><strong><span style=\"color: #ff0000;\"><span style=\"color: #333333;\"><span style=\"color: #808080;\">Fijo: 91 890 51 61\u00a0<\/span><\/span><\/span>\/<span style=\"color: #ff0000;\"><span style=\"color: #333333;\"><span style=\"color: #808080;\"> M\u00f3vil<\/span> Whatsapp \/ <span style=\"color: #808080;\">0034<\/span> 636 52 04 08<\/span><\/span><\/strong><\/span><\/p>\n<p>&nbsp;<\/p>\n<div class=\"7d133950727d7d7fabd868cef9729e91\" data-index=\"1\" style=\"float: none; margin:10px 0 10px 0; text-align:center;\">\n<script async src=\"\/\/pagead2.googlesyndication.com\/pagead\/js\/adsbygoogle.js\"><\/script>\r\n<!-- MINIMAL -->\r\n<ins class=\"adsbygoogle\"\r\n     style=\"display:block\"\r\n     data-ad-client=\"ca-pub-5350189522639204\"\r\n     data-ad-slot=\"2323043779\"\r\n     data-ad-format=\"auto\"><\/ins>\r\n<script>\r\n(adsbygoogle = window.adsbygoogle || []).push({});\r\n<\/script>\n<\/div>\n\n<div style=\"font-size: 0px; height: 0px; line-height: 0px; margin: 0; padding: 0; clear: both;\"><\/div>","protected":false},"excerpt":{"rendered":"<p>&nbsp; \u00bfC\u00f3mo queda el mantenimiento con el Cetol en la tarima de bamb\u00fa exterior? Os mostramos el resultado del mantenimiento con el Cetol en la tarima de bamb\u00fa exterior con dos tonos, color 1481 o ip\u00e9 medio y color 1482 o teka. Hay un color ip\u00e9 muy oscuro que no mostramos en la comparativa. Prueba [&hellip;]<\/p>\n","protected":false},"author":1,"featured_media":1404,"comment_status":"open","ping_status":"open","sticky":false,"template":"","format":"standard","meta":{"footnotes":""},"categories":[11],"tags":[83],"class_list":["post-1400","post","type-post","status-publish","format-standard","has-post-thumbnail","hentry","category-suelo-de-madera-exterior","tag-cetol-en-la-tarima-de-bambu"],"yoast_head":"<!-- This site is optimized with the Yoast SEO plugin v27.1.1 - https:\/\/yoast.com\/product\/yoast-seo-wordpress\/ -->\n<title>Cetol en la tarima de bamb\u00fa exterior con resultados sobresalientes<\/title>\n<meta name=\"description\" content=\"\u00bfC\u00f3mo queda el mantenimiento con el Cetol en la tarima de bamb\u00fa exterior? Probamos el color teka y el color ip\u00e9\" \/>\n<meta name=\"robots\" content=\"index, follow, max-snippet:-1, max-image-preview:large, max-video-preview:-1\" \/>\n<link rel=\"canonical\" href=\"https:\/\/instalaciondetarimas.com\/tarima-exterior\/2023\/07\/19\/como-queda-el-mantenimiento-con-el-cetol-en-la-tarima-de-bambu-exterior\/\" \/>\n<meta property=\"og:locale\" content=\"es_ES\" \/>\n<meta property=\"og:type\" content=\"article\" \/>\n<meta property=\"og:title\" content=\"Cetol en la tarima de bamb\u00fa exterior con resultados sobresalientes\" \/>\n<meta property=\"og:description\" content=\"\u00bfC\u00f3mo queda el mantenimiento con el Cetol en la tarima de bamb\u00fa exterior? Probamos el color teka y el color ip\u00e9\" \/>\n<meta property=\"og:url\" content=\"https:\/\/instalaciondetarimas.com\/tarima-exterior\/2023\/07\/19\/como-queda-el-mantenimiento-con-el-cetol-en-la-tarima-de-bambu-exterior\/\" \/>\n<meta property=\"og:site_name\" content=\"ofertas de tarima exterior con la mejor calidad y precio\" \/>\n<meta property=\"article:published_time\" content=\"2023-07-19T11:09:35+00:00\" \/>\n<meta property=\"article:modified_time\" content=\"2025-03-25T01:08:00+00:00\" \/>\n<meta property=\"og:image\" content=\"https:\/\/instalaciondetarimas.com\/tarima-exterior\/wp-content\/uploads\/sites\/11\/2023\/07\/CARATULA-copy.jpg\" \/>\n\t<meta property=\"og:image:width\" content=\"700\" \/>\n\t<meta property=\"og:image:height\" content=\"527\" \/>\n\t<meta property=\"og:image:type\" content=\"image\/jpeg\" \/>\n<meta name=\"author\" content=\"Ribas\" \/>\n<meta name=\"twitter:card\" content=\"summary_large_image\" \/>\n<meta name=\"twitter:label1\" content=\"Escrito por\" \/>\n\t<meta name=\"twitter:data1\" content=\"Ribas\" \/>\n\t<meta name=\"twitter:label2\" content=\"Tiempo de lectura\" \/>\n\t<meta name=\"twitter:data2\" content=\"6 minutos\" \/>\n<script type=\"application\/ld+json\" class=\"yoast-schema-graph\">{\"@context\":\"https:\/\/schema.org\",\"@graph\":[{\"@type\":\"Article\",\"@id\":\"https:\/\/instalaciondetarimas.com\/tarima-exterior\/2023\/07\/19\/como-queda-el-mantenimiento-con-el-cetol-en-la-tarima-de-bambu-exterior\/#article\",\"isPartOf\":{\"@id\":\"https:\/\/instalaciondetarimas.com\/tarima-exterior\/2023\/07\/19\/como-queda-el-mantenimiento-con-el-cetol-en-la-tarima-de-bambu-exterior\/\"},\"author\":{\"name\":\"Ribas\",\"@id\":\"https:\/\/instalaciondetarimas.com\/tarima-exterior\/#\/schema\/person\/080df099c3c04ec9642544e2451b38c2\"},\"headline\":\"\u00bfC\u00f3mo queda el mantenimiento con el Cetol en la tarima de bamb\u00fa exterior?\",\"datePublished\":\"2023-07-19T11:09:35+00:00\",\"dateModified\":\"2025-03-25T01:08:00+00:00\",\"mainEntityOfPage\":{\"@id\":\"https:\/\/instalaciondetarimas.com\/tarima-exterior\/2023\/07\/19\/como-queda-el-mantenimiento-con-el-cetol-en-la-tarima-de-bambu-exterior\/\"},\"wordCount\":863,\"commentCount\":5,\"image\":{\"@id\":\"https:\/\/instalaciondetarimas.com\/tarima-exterior\/2023\/07\/19\/como-queda-el-mantenimiento-con-el-cetol-en-la-tarima-de-bambu-exterior\/#primaryimage\"},\"thumbnailUrl\":\"https:\/\/instalaciondetarimas.com\/tarima-exterior\/wp-content\/uploads\/sites\/11\/2023\/07\/CARATULA-copy.jpg\",\"keywords\":[\"Cetol en la tarima de bamb\u00fa\"],\"articleSection\":[\"SUELOS DE MADERA EXTERIOR\"],\"inLanguage\":\"es\",\"potentialAction\":[{\"@type\":\"CommentAction\",\"name\":\"Comment\",\"target\":[\"https:\/\/instalaciondetarimas.com\/tarima-exterior\/2023\/07\/19\/como-queda-el-mantenimiento-con-el-cetol-en-la-tarima-de-bambu-exterior\/#respond\"]}]},{\"@type\":\"WebPage\",\"@id\":\"https:\/\/instalaciondetarimas.com\/tarima-exterior\/2023\/07\/19\/como-queda-el-mantenimiento-con-el-cetol-en-la-tarima-de-bambu-exterior\/\",\"url\":\"https:\/\/instalaciondetarimas.com\/tarima-exterior\/2023\/07\/19\/como-queda-el-mantenimiento-con-el-cetol-en-la-tarima-de-bambu-exterior\/\",\"name\":\"Cetol en la tarima de bamb\u00fa exterior con resultados sobresalientes\",\"isPartOf\":{\"@id\":\"https:\/\/instalaciondetarimas.com\/tarima-exterior\/#website\"},\"primaryImageOfPage\":{\"@id\":\"https:\/\/instalaciondetarimas.com\/tarima-exterior\/2023\/07\/19\/como-queda-el-mantenimiento-con-el-cetol-en-la-tarima-de-bambu-exterior\/#primaryimage\"},\"image\":{\"@id\":\"https:\/\/instalaciondetarimas.com\/tarima-exterior\/2023\/07\/19\/como-queda-el-mantenimiento-con-el-cetol-en-la-tarima-de-bambu-exterior\/#primaryimage\"},\"thumbnailUrl\":\"https:\/\/instalaciondetarimas.com\/tarima-exterior\/wp-content\/uploads\/sites\/11\/2023\/07\/CARATULA-copy.jpg\",\"datePublished\":\"2023-07-19T11:09:35+00:00\",\"dateModified\":\"2025-03-25T01:08:00+00:00\",\"author\":{\"@id\":\"https:\/\/instalaciondetarimas.com\/tarima-exterior\/#\/schema\/person\/080df099c3c04ec9642544e2451b38c2\"},\"description\":\"\u00bfC\u00f3mo queda el mantenimiento con el Cetol en la tarima de bamb\u00fa exterior? Probamos el color teka y el color ip\u00e9\",\"breadcrumb\":{\"@id\":\"https:\/\/instalaciondetarimas.com\/tarima-exterior\/2023\/07\/19\/como-queda-el-mantenimiento-con-el-cetol-en-la-tarima-de-bambu-exterior\/#breadcrumb\"},\"inLanguage\":\"es\",\"potentialAction\":[{\"@type\":\"ReadAction\",\"target\":[\"https:\/\/instalaciondetarimas.com\/tarima-exterior\/2023\/07\/19\/como-queda-el-mantenimiento-con-el-cetol-en-la-tarima-de-bambu-exterior\/\"]}]},{\"@type\":\"ImageObject\",\"inLanguage\":\"es\",\"@id\":\"https:\/\/instalaciondetarimas.com\/tarima-exterior\/2023\/07\/19\/como-queda-el-mantenimiento-con-el-cetol-en-la-tarima-de-bambu-exterior\/#primaryimage\",\"url\":\"https:\/\/instalaciondetarimas.com\/tarima-exterior\/wp-content\/uploads\/sites\/11\/2023\/07\/CARATULA-copy.jpg\",\"contentUrl\":\"https:\/\/instalaciondetarimas.com\/tarima-exterior\/wp-content\/uploads\/sites\/11\/2023\/07\/CARATULA-copy.jpg\",\"width\":700,\"height\":527,\"caption\":\"Comparativa de color ip\u00e9 y teka con el Cetol en la tarima de bamb\u00fa\"},{\"@type\":\"BreadcrumbList\",\"@id\":\"https:\/\/instalaciondetarimas.com\/tarima-exterior\/2023\/07\/19\/como-queda-el-mantenimiento-con-el-cetol-en-la-tarima-de-bambu-exterior\/#breadcrumb\",\"itemListElement\":[{\"@type\":\"ListItem\",\"position\":1,\"name\":\"Portada\",\"item\":\"https:\/\/instalaciondetarimas.com\/tarima-exterior\/\"},{\"@type\":\"ListItem\",\"position\":2,\"name\":\"\u00bfC\u00f3mo queda el mantenimiento con el Cetol en la tarima de bamb\u00fa exterior?\"}]},{\"@type\":\"WebSite\",\"@id\":\"https:\/\/instalaciondetarimas.com\/tarima-exterior\/#website\",\"url\":\"https:\/\/instalaciondetarimas.com\/tarima-exterior\/\",\"name\":\"ofertas de tarima exterior con la mejor calidad y precio\",\"description\":\"ofertas de tarima exterior\",\"potentialAction\":[{\"@type\":\"SearchAction\",\"target\":{\"@type\":\"EntryPoint\",\"urlTemplate\":\"https:\/\/instalaciondetarimas.com\/tarima-exterior\/?s={search_term_string}\"},\"query-input\":{\"@type\":\"PropertyValueSpecification\",\"valueRequired\":true,\"valueName\":\"search_term_string\"}}],\"inLanguage\":\"es\"},{\"@type\":\"Person\",\"@id\":\"https:\/\/instalaciondetarimas.com\/tarima-exterior\/#\/schema\/person\/080df099c3c04ec9642544e2451b38c2\",\"name\":\"Ribas\",\"image\":{\"@type\":\"ImageObject\",\"inLanguage\":\"es\",\"@id\":\"https:\/\/instalaciondetarimas.com\/tarima-exterior\/#\/schema\/person\/image\/\",\"url\":\"https:\/\/secure.gravatar.com\/avatar\/53f051e804b18764c53f9952c629b135af8edb7bb2b61711c5175ce506878789?s=96&d=mm&r=g\",\"contentUrl\":\"https:\/\/secure.gravatar.com\/avatar\/53f051e804b18764c53f9952c629b135af8edb7bb2b61711c5175ce506878789?s=96&d=mm&r=g\",\"caption\":\"Ribas\"},\"url\":\"https:\/\/instalaciondetarimas.com\/tarima-exterior\/author\/admin\/\"}]}<\/script>\n<!-- \/ Yoast SEO plugin. -->","yoast_head_json":{"title":"Cetol en la tarima de bamb\u00fa exterior con resultados sobresalientes","description":"\u00bfC\u00f3mo queda el mantenimiento con el Cetol en la tarima de bamb\u00fa exterior? Probamos el color teka y el color ip\u00e9","robots":{"index":"index","follow":"follow","max-snippet":"max-snippet:-1","max-image-preview":"max-image-preview:large","max-video-preview":"max-video-preview:-1"},"canonical":"https:\/\/instalaciondetarimas.com\/tarima-exterior\/2023\/07\/19\/como-queda-el-mantenimiento-con-el-cetol-en-la-tarima-de-bambu-exterior\/","og_locale":"es_ES","og_type":"article","og_title":"Cetol en la tarima de bamb\u00fa exterior con resultados sobresalientes","og_description":"\u00bfC\u00f3mo queda el mantenimiento con el Cetol en la tarima de bamb\u00fa exterior? Probamos el color teka y el color ip\u00e9","og_url":"https:\/\/instalaciondetarimas.com\/tarima-exterior\/2023\/07\/19\/como-queda-el-mantenimiento-con-el-cetol-en-la-tarima-de-bambu-exterior\/","og_site_name":"ofertas de tarima exterior con la mejor calidad y precio","article_published_time":"2023-07-19T11:09:35+00:00","article_modified_time":"2025-03-25T01:08:00+00:00","og_image":[{"width":700,"height":527,"url":"https:\/\/instalaciondetarimas.com\/tarima-exterior\/wp-content\/uploads\/sites\/11\/2023\/07\/CARATULA-copy.jpg","type":"image\/jpeg"}],"author":"Ribas","twitter_card":"summary_large_image","twitter_misc":{"Escrito por":"Ribas","Tiempo de lectura":"6 minutos"},"schema":{"@context":"https:\/\/schema.org","@graph":[{"@type":"Article","@id":"https:\/\/instalaciondetarimas.com\/tarima-exterior\/2023\/07\/19\/como-queda-el-mantenimiento-con-el-cetol-en-la-tarima-de-bambu-exterior\/#article","isPartOf":{"@id":"https:\/\/instalaciondetarimas.com\/tarima-exterior\/2023\/07\/19\/como-queda-el-mantenimiento-con-el-cetol-en-la-tarima-de-bambu-exterior\/"},"author":{"name":"Ribas","@id":"https:\/\/instalaciondetarimas.com\/tarima-exterior\/#\/schema\/person\/080df099c3c04ec9642544e2451b38c2"},"headline":"\u00bfC\u00f3mo queda el mantenimiento con el Cetol en la tarima de bamb\u00fa exterior?","datePublished":"2023-07-19T11:09:35+00:00","dateModified":"2025-03-25T01:08:00+00:00","mainEntityOfPage":{"@id":"https:\/\/instalaciondetarimas.com\/tarima-exterior\/2023\/07\/19\/como-queda-el-mantenimiento-con-el-cetol-en-la-tarima-de-bambu-exterior\/"},"wordCount":863,"commentCount":5,"image":{"@id":"https:\/\/instalaciondetarimas.com\/tarima-exterior\/2023\/07\/19\/como-queda-el-mantenimiento-con-el-cetol-en-la-tarima-de-bambu-exterior\/#primaryimage"},"thumbnailUrl":"https:\/\/instalaciondetarimas.com\/tarima-exterior\/wp-content\/uploads\/sites\/11\/2023\/07\/CARATULA-copy.jpg","keywords":["Cetol en la tarima de bamb\u00fa"],"articleSection":["SUELOS DE MADERA EXTERIOR"],"inLanguage":"es","potentialAction":[{"@type":"CommentAction","name":"Comment","target":["https:\/\/instalaciondetarimas.com\/tarima-exterior\/2023\/07\/19\/como-queda-el-mantenimiento-con-el-cetol-en-la-tarima-de-bambu-exterior\/#respond"]}]},{"@type":"WebPage","@id":"https:\/\/instalaciondetarimas.com\/tarima-exterior\/2023\/07\/19\/como-queda-el-mantenimiento-con-el-cetol-en-la-tarima-de-bambu-exterior\/","url":"https:\/\/instalaciondetarimas.com\/tarima-exterior\/2023\/07\/19\/como-queda-el-mantenimiento-con-el-cetol-en-la-tarima-de-bambu-exterior\/","name":"Cetol en la tarima de bamb\u00fa exterior con resultados sobresalientes","isPartOf":{"@id":"https:\/\/instalaciondetarimas.com\/tarima-exterior\/#website"},"primaryImageOfPage":{"@id":"https:\/\/instalaciondetarimas.com\/tarima-exterior\/2023\/07\/19\/como-queda-el-mantenimiento-con-el-cetol-en-la-tarima-de-bambu-exterior\/#primaryimage"},"image":{"@id":"https:\/\/instalaciondetarimas.com\/tarima-exterior\/2023\/07\/19\/como-queda-el-mantenimiento-con-el-cetol-en-la-tarima-de-bambu-exterior\/#primaryimage"},"thumbnailUrl":"https:\/\/instalaciondetarimas.com\/tarima-exterior\/wp-content\/uploads\/sites\/11\/2023\/07\/CARATULA-copy.jpg","datePublished":"2023-07-19T11:09:35+00:00","dateModified":"2025-03-25T01:08:00+00:00","author":{"@id":"https:\/\/instalaciondetarimas.com\/tarima-exterior\/#\/schema\/person\/080df099c3c04ec9642544e2451b38c2"},"description":"\u00bfC\u00f3mo queda el mantenimiento con el Cetol en la tarima de bamb\u00fa exterior? Probamos el color teka y el color ip\u00e9","breadcrumb":{"@id":"https:\/\/instalaciondetarimas.com\/tarima-exterior\/2023\/07\/19\/como-queda-el-mantenimiento-con-el-cetol-en-la-tarima-de-bambu-exterior\/#breadcrumb"},"inLanguage":"es","potentialAction":[{"@type":"ReadAction","target":["https:\/\/instalaciondetarimas.com\/tarima-exterior\/2023\/07\/19\/como-queda-el-mantenimiento-con-el-cetol-en-la-tarima-de-bambu-exterior\/"]}]},{"@type":"ImageObject","inLanguage":"es","@id":"https:\/\/instalaciondetarimas.com\/tarima-exterior\/2023\/07\/19\/como-queda-el-mantenimiento-con-el-cetol-en-la-tarima-de-bambu-exterior\/#primaryimage","url":"https:\/\/instalaciondetarimas.com\/tarima-exterior\/wp-content\/uploads\/sites\/11\/2023\/07\/CARATULA-copy.jpg","contentUrl":"https:\/\/instalaciondetarimas.com\/tarima-exterior\/wp-content\/uploads\/sites\/11\/2023\/07\/CARATULA-copy.jpg","width":700,"height":527,"caption":"Comparativa de color ip\u00e9 y teka con el Cetol en la tarima de bamb\u00fa"},{"@type":"BreadcrumbList","@id":"https:\/\/instalaciondetarimas.com\/tarima-exterior\/2023\/07\/19\/como-queda-el-mantenimiento-con-el-cetol-en-la-tarima-de-bambu-exterior\/#breadcrumb","itemListElement":[{"@type":"ListItem","position":1,"name":"Portada","item":"https:\/\/instalaciondetarimas.com\/tarima-exterior\/"},{"@type":"ListItem","position":2,"name":"\u00bfC\u00f3mo queda el mantenimiento con el Cetol en la tarima de bamb\u00fa exterior?"}]},{"@type":"WebSite","@id":"https:\/\/instalaciondetarimas.com\/tarima-exterior\/#website","url":"https:\/\/instalaciondetarimas.com\/tarima-exterior\/","name":"ofertas de tarima exterior con la mejor calidad y precio","description":"ofertas de tarima exterior","potentialAction":[{"@type":"SearchAction","target":{"@type":"EntryPoint","urlTemplate":"https:\/\/instalaciondetarimas.com\/tarima-exterior\/?s={search_term_string}"},"query-input":{"@type":"PropertyValueSpecification","valueRequired":true,"valueName":"search_term_string"}}],"inLanguage":"es"},{"@type":"Person","@id":"https:\/\/instalaciondetarimas.com\/tarima-exterior\/#\/schema\/person\/080df099c3c04ec9642544e2451b38c2","name":"Ribas","image":{"@type":"ImageObject","inLanguage":"es","@id":"https:\/\/instalaciondetarimas.com\/tarima-exterior\/#\/schema\/person\/image\/","url":"https:\/\/secure.gravatar.com\/avatar\/53f051e804b18764c53f9952c629b135af8edb7bb2b61711c5175ce506878789?s=96&d=mm&r=g","contentUrl":"https:\/\/secure.gravatar.com\/avatar\/53f051e804b18764c53f9952c629b135af8edb7bb2b61711c5175ce506878789?s=96&d=mm&r=g","caption":"Ribas"},"url":"https:\/\/instalaciondetarimas.com\/tarima-exterior\/author\/admin\/"}]}},"_links":{"self":[{"href":"https:\/\/instalaciondetarimas.com\/tarima-exterior\/wp-json\/wp\/v2\/posts\/1400","targetHints":{"allow":["GET"]}}],"collection":[{"href":"https:\/\/instalaciondetarimas.com\/tarima-exterior\/wp-json\/wp\/v2\/posts"}],"about":[{"href":"https:\/\/instalaciondetarimas.com\/tarima-exterior\/wp-json\/wp\/v2\/types\/post"}],"author":[{"embeddable":true,"href":"https:\/\/instalaciondetarimas.com\/tarima-exterior\/wp-json\/wp\/v2\/users\/1"}],"replies":[{"embeddable":true,"href":"https:\/\/instalaciondetarimas.com\/tarima-exterior\/wp-json\/wp\/v2\/comments?post=1400"}],"version-history":[{"count":8,"href":"https:\/\/instalaciondetarimas.com\/tarima-exterior\/wp-json\/wp\/v2\/posts\/1400\/revisions"}],"predecessor-version":[{"id":1800,"href":"https:\/\/instalaciondetarimas.com\/tarima-exterior\/wp-json\/wp\/v2\/posts\/1400\/revisions\/1800"}],"wp:featuredmedia":[{"embeddable":true,"href":"https:\/\/instalaciondetarimas.com\/tarima-exterior\/wp-json\/wp\/v2\/media\/1404"}],"wp:attachment":[{"href":"https:\/\/instalaciondetarimas.com\/tarima-exterior\/wp-json\/wp\/v2\/media?parent=1400"}],"wp:term":[{"taxonomy":"category","embeddable":true,"href":"https:\/\/instalaciondetarimas.com\/tarima-exterior\/wp-json\/wp\/v2\/categories?post=1400"},{"taxonomy":"post_tag","embeddable":true,"href":"https:\/\/instalaciondetarimas.com\/tarima-exterior\/wp-json\/wp\/v2\/tags?post=1400"}],"curies":[{"name":"wp","href":"https:\/\/api.w.org\/{rel}","templated":true}]}}