{"id":1224,"date":"2021-12-28T01:00:27","date_gmt":"2021-12-28T00:00:27","guid":{"rendered":"https:\/\/instalaciondetarimas.com\/tarima-exterior\/?p=1224"},"modified":"2025-03-25T02:16:57","modified_gmt":"2025-03-25T01:16:57","slug":"tarima-de-massaranduba-exterior","status":"publish","type":"post","link":"https:\/\/instalaciondetarimas.com\/tarima-exterior\/2021\/12\/28\/tarima-de-massaranduba-exterior\/","title":{"rendered":"Tarima de massaranduba para usos en la intemperie: resistencia asegurada"},"content":{"rendered":"<h1>Tarima de massaranduba exterior para usos en la intemperie: resistencia asegurada.<\/h1>\n<p><span style=\"font-size: medium; font-family: arial,helvetica,sans-serif;\"><span style=\"font-size: medium; font-family: arial,helvetica,sans-serif;\"><strong>La tarima de massaranduba exterior\u00a0<\/strong>es una <strong>opci\u00f3n perfecta para estar al aire libre<\/strong>, <a href=\"https:\/\/dle.rae.es\/%C3%B3ptimo\" target=\"_blank\" rel=\"nofollow noopener sponsored\">\u00f3ptima<\/a> para resistir la lluvia, la nieve, climas h\u00famedos, secos o muy contrastados. Debido a su <strong>dureza<\/strong>, y <strong>aguante natural<\/strong> extraordinario contra los insectos, la madera de massaranduba es perfecta para usar en <a href=\"https:\/\/instalaciondetarimas.com\/blog\/2020\/02\/18\/la-mejor-colocacion-de-los-rastreles-en-una-terraza\/\" target=\"_blank\" rel=\"noopener sponsored\">instalaciones de suelos en terrazas<\/a> o en <a href=\"https:\/\/instalaciondetarimas.com\/madera-maciza-interior\/2015\/11\/25\/la-mejor-tarima-maciza-para-casas-de-campo\/\" target=\"_blank\" rel=\"noopener sponsored\">casas de campo<\/a>. Tambi\u00e9n para recubrir muros de exterior, <a href=\"https:\/\/ingenieromarino.com\/construccion-naval-nomenclatura-basica\/\" target=\"_blank\" rel=\"nofollow noopener sponsored\">construcci\u00f3n naval<\/a>, postes, <a href=\"https:\/\/es.wikipedia.org\/wiki\/Traviesa\" target=\"_blank\" rel=\"nofollow noopener sponsored\">traviesas<\/a>, mangos de herramientas. Adem\u00e1s la madera de massaranduba es adecuada para la carpinter\u00eda interior, para frisos, para escaleras y para muebles. <\/span><\/span><\/p>\n<p><span style=\"font-size: medium; font-family: arial,helvetica,sans-serif;\"><span style=\"font-size: medium; font-family: arial,helvetica,sans-serif;\">As\u00ed que es una madera insuperable para fabricar <strong>tarimas de exterior<\/strong>. Que es lo que os traemos. Una oferta de tarima de massaranduba exterior perfecta para <a href=\"https:\/\/instalaciondetarimas.com\/blog\/2021\/06\/30\/una-instalacion-duradera-con-una-tarima-de-ipe-exterior\/\" target=\"_blank\" rel=\"noopener sponsored\">una instalaci\u00f3n duradera<\/a>. Ll\u00e1manos sin compromiso para consultar precios.<\/span><\/span><\/p>\n<p class=\"size-full wp-image-2064\" style=\"text-align: center;\"><span style=\"font-size: x-medium;\"><strong><span style=\"font-size: x-large;\">Asesoramiento y presupuestos sin compromiso por tel\u00e9fono ( 91 890 51 61 &#8211; 636 52 04 08)\u00a0<\/span><\/strong><\/span><\/p>\n<div id=\"attachment_1235\" style=\"width: 235px\" class=\"wp-caption aligncenter\"><a href=\"https:\/\/instalaciondetarimas.com\/tarima-exterior\/wp-content\/uploads\/sites\/11\/2021\/12\/massaranduba-deck-wood-250x250.jpg\"><img loading=\"lazy\" decoding=\"async\" aria-describedby=\"caption-attachment-1235\" class=\"size-full wp-image-1235\" src=\"https:\/\/instalaciondetarimas.com\/tarima-exterior\/wp-content\/uploads\/sites\/11\/2021\/12\/massaranduba-deck-wood-250x250.jpg\" alt=\"tarima de massaranduba\" width=\"225\" height=\"225\" srcset=\"https:\/\/instalaciondetarimas.com\/tarima-exterior\/wp-content\/uploads\/sites\/11\/2021\/12\/massaranduba-deck-wood-250x250.jpg 225w, https:\/\/instalaciondetarimas.com\/tarima-exterior\/wp-content\/uploads\/sites\/11\/2021\/12\/massaranduba-deck-wood-250x250-150x150.jpg 150w, https:\/\/instalaciondetarimas.com\/tarima-exterior\/wp-content\/uploads\/sites\/11\/2021\/12\/massaranduba-deck-wood-250x250-80x80.jpg 80w, https:\/\/instalaciondetarimas.com\/tarima-exterior\/wp-content\/uploads\/sites\/11\/2021\/12\/massaranduba-deck-wood-250x250-184x184.jpg 184w, https:\/\/instalaciondetarimas.com\/tarima-exterior\/wp-content\/uploads\/sites\/11\/2021\/12\/massaranduba-deck-wood-250x250-100x100.jpg 100w\" sizes=\"auto, (max-width: 225px) 100vw, 225px\" \/><\/a><p id=\"caption-attachment-1235\" class=\"wp-caption-text\">Tarima de massaranduba exterior<\/p><\/div>\n<p>&nbsp;<\/p>\n<h2 style=\"text-align: left;\"><span style=\"font-size: x-large; font-family: arial,helvetica,sans-serif;\">Denominaciones\u00a0<\/span><span style=\"font-size: x-large; font-family: arial,helvetica,sans-serif;\">de la madera de massaranduba<\/span><\/h2>\n<p><span style=\"font-size: medium; font-family: arial,helvetica,sans-serif;\">Esta madera se denomina en espa\u00f1ol como<em> masssaranduba<\/em>, <em>balata roja, purgio, ausubo o balta rouge<\/em>. Pero en cada pa\u00eds tiene denominaciones distintas:<\/span><\/p>\n<ul>\n<li><span style=\"font-size: medium; font-family: arial,helvetica,sans-serif;\"><strong>Brasil<\/strong>: <em>ma\u00e7aranduba, maparanjuba, paraju.<\/em><\/span><\/li>\n<li><span style=\"font-size: medium; font-family: arial,helvetica,sans-serif;\"><strong>Colombia<\/strong>: <em>balata, nispero<\/em>. <\/span><\/li>\n<li><span style=\"font-size: medium; font-family: arial,helvetica,sans-serif;\"><strong>Guayana<\/strong>: <em>balata, bulletwood, beefwood<\/em>. <\/span><\/li>\n<li><span style=\"font-size: medium; font-family: arial,helvetica,sans-serif;\"><strong>Per\u00fa<\/strong>: <em>pamashto, quinilla colorada<\/em>. <\/span><\/li>\n<li><span style=\"font-size: medium; font-family: arial,helvetica,sans-serif;\"><strong>Surinan<\/strong>: <em>bolletrie<\/em>. <\/span><\/li>\n<li><span style=\"font-size: medium; font-family: arial,helvetica,sans-serif;\"><strong>Venezuela<\/strong>: <em>balata, massarandu, massa randu<\/em>. <\/span><\/li>\n<\/ul>\n<p><span style=\"font-size: medium; font-family: arial,helvetica,sans-serif;\"><span style=\"font-size: medium; font-family: arial,helvetica,sans-serif;\">Nomenclaturas de la madera de massaranduba por idiomas:<\/span><\/span><\/p>\n<ul>\n<li><span style=\"font-size: medium; font-family: arial,helvetica,sans-serif;\"><span style=\"font-size: medium; font-family: arial,helvetica,sans-serif;\"><strong>Ingl\u00e9s<\/strong>: <em>bulletrie, bulletwood (m.bidentata)<\/em>.\u00a0 <\/span><\/span><\/li>\n<li><span style=\"font-size: medium; font-family: arial,helvetica,sans-serif;\"><span style=\"font-size: medium; font-family: arial,helvetica,sans-serif;\"><strong>Franc\u00e9s<\/strong>: <em>balata rouge, balata franc<\/em>.\u00a0<\/span><\/span><\/li>\n<li><span style=\"font-size: medium; font-family: arial,helvetica,sans-serif;\"><span style=\"font-size: medium; font-family: arial,helvetica,sans-serif;\"><strong>Italiano<\/strong>: <em>balata rossa<\/em>.\u00a0<\/span><\/span><\/li>\n<li><span style=\"font-size: medium; font-family: arial,helvetica,sans-serif;\"><strong>Portugu\u00e9s<\/strong>: <em>ma\u00e7aranduba. <\/em><\/span><\/li>\n<li><span style=\"font-size: medium; font-family: arial,helvetica,sans-serif;\"><strong>Alem\u00e1n<\/strong><em>: pferdefleisscholz<\/em><\/span><\/li>\n<\/ul>\n<h3>Caracter\u00edsticas f\u00edsicas de la tarima de massaranduba exterior.<\/h3>\n<p><span style=\"font-size: medium; font-family: arial,helvetica,sans-serif;\"><span style=\"font-size: medium; font-family: arial,helvetica,sans-serif;\"> dec\u00edamos esta tarima se encuentra entre las <span style=\"color: #000080;\"><a style=\"color: #000080;\" href=\"https:\/\/instalaciondetarimas.com\/blog\/2021\/12\/24\/las-maderas-mas-duras-para-la-fabricacion-de-la-tarima-maciza-de-interior-o-exterior\/\" target=\"_blank\" rel=\"noopener sponsored\">maderas m\u00e1s duras<\/a>\u00a0<\/span>y con <span style=\"color: #000080;\"><a style=\"color: #000080;\" href=\"https:\/\/instalaciondetarimas.com\/blog\/2017\/04\/21\/la-clasificacion-de-la-madera-por-su-densidad\/\" target=\"_blank\" rel=\"nofollow noopener sponsored\">m\u00e1s densidad<\/a> <\/span>para uso comercial, por no decir la m\u00e1s dura.\u00a0Con una\u00a0densidad, secada al 12%, que puede variar entre 1.050 kg\/m3 y 1.200 kg\/m3. De modo que iguala y supera al <a href=\"https:\/\/instalaciondetarimas.com\/blog\/2015\/10\/16\/historia-de-la-tarima-de-ipe-del-brasil\/\" target=\"_blank\" rel=\"nofollow noopener sponsored\">ip\u00e9<\/a> (1.050 kg\/m3), iguala o supera al cumar\u00fa (densidad de 1.070 kg\/m3).\u00a0<\/span><\/span><\/p>\n<p><span style=\"font-size: medium; font-family: arial,helvetica,sans-serif;\"><span style=\"font-size: medium; font-family: arial,helvetica,sans-serif;\">Es decir, la tarima de massaranduba ( es una\u00a0<\/span><\/span><span style=\"font-size: medium; font-family: arial,helvetica,sans-serif;\"><span style=\"font-size: medium; font-family: arial,helvetica,sans-serif;\">madera<strong><em>\u00a0muy dura.<\/em><\/strong> Con una puntuaci\u00f3n de <strong>14,6,\u00a0<\/strong>en la escala de <strong><em>Chal\u00e1is Meudon,<\/em><\/strong> su dureza es el doble que el <strong>roble<\/strong>. Adem\u00e1s supera con diferencia a otras maderas duras como la\u00a0<strong>tatajuba<\/strong>: madera<strong><em>\u00a0dura (6- 7).\u00a0<\/em>Walaba<\/strong> madera\u00a0<em><strong>dura<\/strong> <\/em>(6,8)\u00a0(densidad de 890- 910 kg\/m3).\u00a0<strong>Wenge<\/strong>: madera\u00a0muy dura (9)\u00a0(densidad de 780- 830- 900 kg\/m3).\u00a0<strong>Zapatero<\/strong>: madera<strong><em>\u00a0muy dura (10)\u00a0<\/em><\/strong>(densidad de 800- 900 kg\/m3).\u00a0<strong>Merbau<\/strong>: madera<strong><em>\u00a0dura\u00a0<\/em><\/strong>(densidad de 730 &#8211; 800 &#8211; 830 kg\/m3).\u00a0<strong>Jatoba<\/strong>: madera<strong><em>\u00a0dura\u00a0\u00a0<\/em><\/strong>(densidad de 955 &#8211; 970 kg\/m3).\u00a0<span style=\"color: #000080;\"><a style=\"color: #000080;\" href=\"https:\/\/instalaciondetarimas.com\/madera-maciza-interior\/2015\/12\/06\/oferta-de-tarima-maciza-de-grapia-o-teca-dorada\/\" target=\"_blank\" rel=\"nofollow noopener sponsored\"><strong>Grapia<\/strong><\/a><\/span>: madera<strong><em>\u00a0muy dura (7,8)\u00a0<\/em><\/strong>( densidad de 880 kg\/m3).\u00a0<strong>Elondo<\/strong>: madera<strong><em>\u00a0muy dura (8,5 &#8211; 10)\u00a0\u00a0<\/em><\/strong>(densidad de 890 &#8211; 960 kg\/m3)<\/span><\/span><\/p>\n<p><span style=\"font-size: medium; font-family: arial,helvetica,sans-serif;\"><span style=\"font-size: medium; font-family: arial,helvetica,sans-serif;\">S\u00f3lo es casi igualada por la\u00a0<\/span><\/span><span style=\"font-size: medium; font-family: arial,helvetica,sans-serif;\"><strong>encina<\/strong>: madera<strong><em>\u00a0muy dura (14,3)\u00a0\u00a0<\/em><\/strong>(densidad de 960 &#8211; 1.045 kg\/m3). Flexi\u00f3n est\u00e1tica 100 N\/mm2. Buena durabilidad natural. Tambi\u00e9n es similar su dureza al\u00a0<\/span><span style=\"font-size: medium; font-family: arial,helvetica,sans-serif;\"><strong>\u00e9bano de \u00c1sia<\/strong>: madera<strong><em>\u00a0dura\u00a0\u00a0<\/em><\/strong>(densidad de 1.010 &#8211; 1.090 &#8211; 1.270 kg\/m3). <\/span><\/p>\n<p><span style=\"font-size: x-large; font-family: arial,helvetica,sans-serif;\">Durabilidad natural<\/span><\/p>\n<p><span style=\"font-size: medium; font-family: arial,helvetica,sans-serif;\"><span style=\"font-size: medium; font-family: arial,helvetica,sans-serif;\">La flexi\u00f3n est\u00e1tica de la tarima de massaranduba es de 190 &#8211; 246 N\/mm2. Tiene una durabilidad natural extraordinaria. Es muy resistente al ataque de las <span style=\"color: #000080;\"><a style=\"color: #000080;\" href=\"https:\/\/instalaciondetarimas.com\/blog\/2021\/12\/08\/clasificacion-de-tarimas-resistentes-al-ataque-de-las-termitas-capitulo-1-a\/\" target=\"_blank\" rel=\"noopener sponsored\">termitas<\/a><\/span>, la <a href=\"https:\/\/instalaciondetarimas.com\/blog\/2015\/10\/03\/tarima-de-exterior-resistente-a-los-lictidos-o-la-\u00adpolilla-de-la-madera\/\" target=\"_blank\" rel=\"noopener sponsored\">polilla de la madera<\/a>, <a href=\"https:\/\/instalaciondetarimas.com\/blog\/2014\/08\/13\/instalacion-de-tarimas-resistentes-a-la-carcoma\/\" target=\"_blank\" rel=\"noopener sponsored\"><span style=\"color: #000080;\">carcoma<\/span><\/a> y los hongos, y resistente a los <a href=\"https:\/\/normadera.tknika.eus\/es\/content\/galerias-orificios.html\" target=\"_blank\" rel=\"nofollow noopener sponsored\">xil\u00f3fagos marinos<\/a>.\u00a0<\/span><\/span><\/p>\n<h3>Instalaci\u00f3n de la tarima de massaranduba exterior.<\/h3>\n<p><span style=\"font-size: medium; font-family: arial,helvetica,sans-serif;\">Como la mayor\u00eda de las <a href=\"https:\/\/instalaciondetarimas.com\/blog\/2015\/10\/14\/por-que-la-tarima-exterior-de-madera-tropical-tiene-mas-ventajas-que-otros-suelos-para-una-terraza\/\" target=\"_blank\" rel=\"noopener sponsored\">maderas <span style=\"color: #000080;\">tropicales<\/span><\/a> que son maderas nerviosas. De modo que por ser una madera extraordinariamente dura la tarima de massaranuba exterior es muy nerviosa. Es decir, es una tarima que se podr\u00eda mover si se instala mal. Se debe poner el rastrel cada 30 cm para que haya suficientes grapas por m3 (36 unidades por m2). Por supuesto, no nos podemos olvidar del empleo de <a href=\"https:\/\/instalaciondetarimas.com\/blog\/2017\/09\/25\/como-aplicar-los-adhesivos-en-la-tarima-de-exterior\/\" target=\"_blank\" rel=\"noopener sponsored\"><span style=\"color: #000080;\">adhesivos certificados D4 en la instalaci\u00f3n de la tarima exterior<\/span><\/a>.<\/span><\/p>\n<blockquote class=\"wp-embedded-content\" data-secret=\"STsfsJTN66\"><p><a href=\"https:\/\/instalaciondetarimas.com\/blog\/2015\/09\/13\/la-instalacion-de-tarima-exterior\/\">Las 7 claves de la instalaci\u00f3n de la tarima de exterior<\/a><\/p><\/blockquote>\n<p><iframe loading=\"lazy\" class=\"wp-embedded-content\" sandbox=\"allow-scripts\" security=\"restricted\" style=\"position: absolute; visibility: hidden;\" title=\"\u00abLas 7 claves de la instalaci\u00f3n de la tarima de exterior\u00bb \u2014 Instalaci\u00f3n de tarima exterior y venta de tarima\" src=\"https:\/\/instalaciondetarimas.com\/blog\/2015\/09\/13\/la-instalacion-de-tarima-exterior\/embed\/#?secret=q4ZA5nuHyv#?secret=STsfsJTN66\" data-secret=\"STsfsJTN66\" width=\"500\" height=\"282\" frameborder=\"0\" marginwidth=\"0\" marginheight=\"0\" scrolling=\"no\"><\/iframe><\/p>\n<p>&nbsp;<\/p>\n<p><span style=\"font-size: medium; font-family: arial,helvetica,sans-serif;\">Si la instalaci\u00f3n lo permite para realizar una instalaci\u00f3n duradera debemos emplear sargentos de apriete. <span style=\"color: #000080;\"><a style=\"color: #000080;\" href=\"https:\/\/instalaciondetarimas.com\/blog\/2017\/04\/12\/rastrel-con-clavos-de-acero-inoxidable-o-bricomatados\/\" target=\"_blank\" rel=\"nofollow noopener sponsored\">Acero inoxidable<\/a><\/span>\u00a0en las grapas y <a href=\"https:\/\/instalaciondetarimas.com\/tarima-exterior\/2017\/09\/29\/tornillos-de-acero-inoxidable-para-madera\/\" target=\"_blank\" rel=\"noopener sponsored\">tornillos de acero inoxidable<\/a>\u00a0y los mejores <a href=\"https:\/\/instalaciondetarimas.com\/blog\/2016\/07\/27\/calidad-de-la-instalacion-exterior\/\" target=\"_blank\" rel=\"noopener sponsored\">calidades de accesorios<\/a> para el exterior. <\/span><\/p>\n<p><span style=\"font-size: medium; font-family: arial,helvetica,sans-serif;\">Es absolutamente obligatorio pagar el <span style=\"color: #000080;\"><a style=\"color: #000080;\" href=\"https:\/\/instalaciondetarimas.com\/madera-maciza-interior\/2019\/04\/12\/precio-de-los-rastreles-para-montar-la-tarima\/\" target=\"_blank\" rel=\"noopener sponsored\">precio de los rastreles tropicales<\/a><\/span>, si no pagaremos mucho m\u00e1s por una <a href=\"https:\/\/instalaciondetarimas.com\/blog\/2016\/07\/12\/restaurar-una-tarima-exterior\/\" target=\"_blank\" rel=\"noopener sponsored\">restauraci\u00f3n<\/a>. Si en cualquier otra tarima tropical no es adecuado el pino en la tarima exterior de massaranduba menos. Porque su nerviosismo romper\u00eda el rastrel de pino.<\/span><\/p>\n<blockquote class=\"wp-embedded-content\" data-secret=\"RP9dTNj0rx\"><p><a href=\"https:\/\/instalaciondetarimas.com\/blog\/2021\/03\/28\/por-que-no-es-una-buena-idea-emplear-el-rastrel-de-pino-autoclave\/\">\u00bfPor qu\u00e9 no es una buena idea emplear el rastrel de pino autoclave en una instalaci\u00f3n de exterior?<\/a><\/p><\/blockquote>\n<p><iframe loading=\"lazy\" class=\"wp-embedded-content\" sandbox=\"allow-scripts\" security=\"restricted\" style=\"position: absolute; visibility: hidden;\" title=\"\u00ab\u00bfPor qu\u00e9 no es una buena idea emplear el rastrel de pino autoclave en una instalaci\u00f3n de exterior?\u00bb \u2014 Instalaci\u00f3n de tarima exterior y venta de tarima\" src=\"https:\/\/instalaciondetarimas.com\/blog\/2021\/03\/28\/por-que-no-es-una-buena-idea-emplear-el-rastrel-de-pino-autoclave\/embed\/#?secret=o5son3z0yq#?secret=RP9dTNj0rx\" data-secret=\"RP9dTNj0rx\" width=\"500\" height=\"282\" frameborder=\"0\" marginwidth=\"0\" marginheight=\"0\" scrolling=\"no\"><\/iframe><\/p><!--CusAds0-->\n<h6><span style=\"font-size: medium; font-family: arial,helvetica,sans-serif;\">Textos relacionados con el <a href=\"https:\/\/instalaciondetarimas.com\/madera-maciza-interior\/2019\/04\/12\/precio-de-los-rastreles-para-montar-la-tarima\/\" target=\"_blank\" rel=\"noopener sponsored\">rastrel<\/a>:<\/span><\/h6>\n<ul>\n<li><a href=\"https:\/\/instalaciondetarimas.com\/blog\/2016\/07\/04\/colocacion-de-los-rastreles-tropicales-tumbados-o-de-pie\" target=\"_blank\" rel=\"noopener sponsored\"><span style=\"font-size: medium; font-family: arial,helvetica,sans-serif;\">\u00bfC\u00f3mo colocamos el rastrel, tumbado o de pi\u00e9? <\/span><\/a><\/li>\n<li><span style=\"font-size: medium; font-family: arial,helvetica,sans-serif;\"><a href=\"https:\/\/instalaciondetarimas.com\/blog\/2019\/02\/09\/colocacion-de-tarima-de-exterior-sobre-rastreles-tropicales-cruzados\/\" target=\"_blank\" rel=\"noopener sponsored\">Rastreles cruzados <\/a><\/span><\/li>\n<li><span style=\"font-size: medium; font-family: arial,helvetica,sans-serif;\"><a href=\"https:\/\/instalaciondetarimas.com\/blog\/2020\/02\/18\/la-mejor-colocacion-de-los-rastreles-en-una-terraza\/\" target=\"_blank\" rel=\"noopener sponsored\">Rastreles en una terraza <\/a><\/span><\/li>\n<li><span style=\"font-size: medium; font-family: arial,helvetica,sans-serif;\"><a href=\"https:\/\/instalaciondetarimas.com\/blog\/2017\/09\/25\/como-aplicar-los-adhesivos-en-la-tarima-de-exterior\/\" target=\"_blank\" rel=\"noopener sponsored\">Sujetar el rastrel con adhesivos <\/a><\/span><\/li>\n<li><span style=\"font-size: medium; font-family: arial,helvetica,sans-serif;\"><a href=\"https:\/\/instalaciondetarimas.com\/blog\/2017\/04\/12\/rastrel-con-clavos-de-acero-inoxidable-o-bricomatados\/\" target=\"_blank\" rel=\"noopener sponsored\">Sujetar rastreles con acero inoxidable <\/a><\/span><\/li>\n<li><span style=\"font-size: medium; font-family: arial,helvetica,sans-serif;\"><a href=\"https:\/\/instalaciondetarimas.com\/blog\/2016\/11\/23\/10-anos-de-garantia-en-la-instalacion-de-la-tarima-de-exterior\/\" target=\"_blank\" rel=\"noopener sponsored\">La distancia del rastrel forma parte de la garant\u00eda. <\/a><\/span><\/li>\n<li><span style=\"font-size: medium; font-family: arial,helvetica,sans-serif;\"><a href=\"https:\/\/instalaciondetarimas.com\/tarima-exterior\/2021\/12\/19\/como-calcular-los-metros-lineales-de-rastrel-en-funcion-de-la-superficie\/\" target=\"_blank\" rel=\"noopener sponsored\"><span style=\"font-size: medium; font-family: arial,helvetica,sans-serif;\">Calcular los metros lineales de rastrel en funci\u00f3n de la superficie.<\/span><\/a><\/span><\/li>\n<\/ul>\n<p><span style=\"font-size: medium; font-family: arial,helvetica,sans-serif;\">Te puede interesar en relaci\u00f3n a las grapas:<\/span><\/p>\n<ul>\n<li><span style=\"font-size: medium; font-family: arial,helvetica,sans-serif;\"><a href=\"https:\/\/instalaciondetarimas.com\/tarima-exterior\/2021\/07\/03\/cuantas-grapas-de-exterior-se-necesitan\/\" target=\"_blank\" rel=\"noopener sponsored\">Calcular el n\u00famero de grapas<\/a><\/span><\/li>\n<li><span style=\"font-size: medium; font-family: arial,helvetica,sans-serif;\"><a href=\"https:\/\/instalaciondetarimas.com\/tarima-exterior\/2021\/07\/11\/tecnica-del-atornillado-de-las-grapas\/\" target=\"_blank\" rel=\"noopener sponsored\">Como atornillar las grapas <\/a><\/span><\/li>\n<li><span style=\"font-size: medium; font-family: arial,helvetica,sans-serif;\"><a href=\"https:\/\/instalaciondetarimas.com\/blog\/2015\/09\/13\/la-instalacion-de-tarima-exterior\/\" target=\"_blank\" rel=\"noopener sponsored\">La separaci\u00f3n adecuada es una de las 7 claves de la instalaci\u00f3n exterior<\/a><\/span><\/li>\n<\/ul>\n<p>&nbsp;<\/p>\n<h4 class=\"size-full wp-image-2064\" style=\"text-align: center;\"><span style=\"font-size: x-medium;\"><strong><span style=\"font-size: x-large;\">Asesoramiento y presupuestos sin compromiso por tel\u00e9fono ( 91 890 51 61, 636 52 04 08) o en nuestra tienda online:<span style=\"color: #ff0000;\"><br \/>\n<\/span><\/span><\/strong><\/span><\/h4>\n<p><a href=\"https:\/\/shop.instalaciondetarimas.com\/\" target=\"_blank\" rel=\"noopener sponsored\"><img loading=\"lazy\" decoding=\"async\" class=\"aligncenter size-full wp-image-1189\" src=\"https:\/\/instalaciondetarimas.com\/tarima-exterior\/wp-content\/uploads\/sites\/11\/2016\/01\/TIENDA-copy-400x400.png\" alt=\"\" width=\"400\" height=\"400\" srcset=\"https:\/\/instalaciondetarimas.com\/tarima-exterior\/wp-content\/uploads\/sites\/11\/2016\/01\/TIENDA-copy-400x400.png 400w, https:\/\/instalaciondetarimas.com\/tarima-exterior\/wp-content\/uploads\/sites\/11\/2016\/01\/TIENDA-copy-400x400-150x150.png 150w, https:\/\/instalaciondetarimas.com\/tarima-exterior\/wp-content\/uploads\/sites\/11\/2016\/01\/TIENDA-copy-400x400-300x300.png 300w, https:\/\/instalaciondetarimas.com\/tarima-exterior\/wp-content\/uploads\/sites\/11\/2016\/01\/TIENDA-copy-400x400-80x80.png 80w, https:\/\/instalaciondetarimas.com\/tarima-exterior\/wp-content\/uploads\/sites\/11\/2016\/01\/TIENDA-copy-400x400-266x266.png 266w, https:\/\/instalaciondetarimas.com\/tarima-exterior\/wp-content\/uploads\/sites\/11\/2016\/01\/TIENDA-copy-400x400-184x184.png 184w, https:\/\/instalaciondetarimas.com\/tarima-exterior\/wp-content\/uploads\/sites\/11\/2016\/01\/TIENDA-copy-400x400-100x100.png 100w\" sizes=\"auto, (max-width: 400px) 100vw, 400px\" \/><\/a><\/p>\n<h5><span style=\"font-size: x-large; font-family: arial,helvetica,sans-serif;\">Textos sobre tarima maciza interior:<\/span><\/h5>\n<ul>\n<li><span style=\"font-size: medium; font-family: arial, helvetica, sans-serif; color: #333333;\"><a style=\"color: #333333;\" href=\"https:\/\/instalaciondetarimas.com\/madera-maciza-interior\/2017\/12\/08\/el-encolado-con-la-espatula-dentada\/\" target=\"_blank\" rel=\"noopener\">El encolado de la tarima al suelo con esp\u00e1tula dentada <\/a><\/span><\/li>\n<li><span style=\"font-size: medium; font-family: arial, helvetica, sans-serif; color: #333333;\"><a style=\"color: #333333;\" href=\"https:\/\/instalaciondetarimas.com\/tarima-maciza-barnizada\/2015\/12\/30\/como-hacer-la-instalacion-de-la-tarima-maciza-barnizada\/\" target=\"_blank\" rel=\"noopener\">Instalar la tarima que ya viene barnizada en la f\u00e1brica. <\/a><\/span><\/li>\n<li><span style=\"font-size: medium; font-family: arial, helvetica, sans-serif; color: #333333;\"><a style=\"color: #333333;\" href=\"https:\/\/instalaciondetarimas.com\/tarima-maciza-barnizada\/2017\/06\/21\/las-ventajas-del-barnizado-de-fabrica-en-la-tarima-maciza\/\" target=\"_blank\" rel=\"noopener\">Las ventajas de la tarima barnizada de f\u00e1brica<\/a><\/span><\/li>\n<li><span style=\"font-size: medium; font-family: arial, helvetica, sans-serif; color: #333333;\"><a style=\"color: #333333;\" href=\"https:\/\/instalaciondetarimas.com\/madera-maciza-interior\/2017\/05\/08\/la-instalacion-de-la-madera-en-el-suelo-radiante\/\" target=\"_blank\" rel=\"noopener\">La instalaci\u00f3n de la tarima sobre un suelo radiante <\/a><\/span><\/li>\n<li><span style=\"font-size: medium; font-family: arial, helvetica, sans-serif; color: #333333;\"><a style=\"color: #333333;\" href=\"https:\/\/instalaciondetarimas.com\/tarima-maciza-barnizada\/2017\/03\/29\/fotos-tarima-maciza-roble-barnizado\/\" target=\"_blank\" rel=\"noopener\">Fotos de tarima de roble barnizado en la f\u00e1brica. <\/a><\/span><\/li>\n<li><span style=\"font-size: medium; font-family: arial, helvetica, sans-serif; color: #333333;\"><a style=\"color: #333333;\" href=\"https:\/\/instalaciondetarimas.com\/madera-maciza-interior\/2018\/01\/11\/como-secar-el-suelo-al-2-de-humedad-para-poder-pegar-la-tarima-maciza-al-suelo-sin-emplear-el-rastrel\/\" target=\"_blank\" rel=\"noopener\">\u00bfC\u00f3mo secar el suelo al 2% de humedad para poder pegar la tarima maciza al suelo, sin emplear el rastrel?. <\/a><\/span><\/li>\n<li><span style=\"font-size: medium; font-family: arial, helvetica, sans-serif; color: #333333;\"><a style=\"color: #333333;\" href=\"https:\/\/instalaciondetarimas.com\/madera-maciza-interior\/2015\/12\/18\/las-ventajas-de-la-tarima-maciza\/\" target=\"_blank\" rel=\"noopener sponsored\">Las ventajas de la tarima maciza<\/a>. <\/span><\/li>\n<li><span style=\"font-size: medium; font-family: arial, helvetica, sans-serif; color: #333333;\"><a style=\"color: #333333;\" href=\"https:\/\/instalaciondetarimas.com\/enciclopedia-de-la-madera\/2021\/12\/03\/que-es-mejor-una-tarima-flotante-o-maciza\/\" target=\"_blank\" rel=\"noopener sponsored\">\u00bfQu\u00e9 es mejor la tarima maciza o la flotante?<\/a>. <\/span><\/li>\n<li><span style=\"font-size: medium; font-family: arial, helvetica, sans-serif; color: #333333;\"><a href=\"https:\/\/instalaciondetarimas.com\/madera-maciza-interior\/2018\/09\/07\/ficha-de-la-limpieza-del-suelo-tratado-con-el-aceite-de-interior-rubio-monocoat\/\" target=\"_blank\" rel=\"noopener sponsored\">Mantenimiento y limpieza de la tarima interior<\/a>.<\/span><\/li>\n<\/ul>\n<p><strong><span style=\"font-size: x-large; font-family: arial,helvetica,sans-serif;\">Consejos de instalaci\u00f3n generales de la tarima exterior:<\/span><\/strong><\/p>\n<ul>\n<li><span style=\"font-size: medium; font-family: arial, helvetica, sans-serif; color: #333333;\"><a href=\"https:\/\/instalaciondetarimas.com\/tarima-exterior\/2016\/08\/05\/saturador-cetol-wf771-de-sikkens\/\" target=\"_blank\" rel=\"noopener noreferrer\"><span style=\"color: #333333;\">\u00bfLa solera de hormig\u00f3n?<\/span><\/a><\/span><\/li>\n<li><span style=\"font-size: medium; font-family: arial, helvetica, sans-serif; color: #333333;\"><a style=\"color: #333333;\" href=\"https:\/\/instalaciondetarimas.com\/blog\/2016\/07\/04\/colocacion-de-los-rastreles-tropicales-tumbados-o-de-pie\/\" target=\"_blank\" rel=\"noopener noreferrer\">\u00bfC\u00f3mo colocamos los rastreles tumbados o de pie?<\/a><\/span><\/li>\n<li><span style=\"font-size: medium; font-family: arial, helvetica, sans-serif; color: #333333;\"><a style=\"color: #333333;\" href=\"https:\/\/instalaciondetarimas.com\/blog\/2017\/04\/12\/rastrel-con-clavos-de-acero-inoxidable-o-bricomatados\/\" target=\"_blank\" rel=\"noopener noreferrer\">\u00bfC\u00f3mo fijamos los rastreles al suelo? <\/a><\/span><\/li>\n<li><span style=\"font-size: medium; font-family: arial, helvetica, sans-serif; color: #333333;\"><a style=\"color: #333333;\" href=\"https:\/\/instalaciondetarimas.com\/blog\/2014\/08\/03\/las-ventajas-de-la-instalacin-de-tarima-de-exterior-con-rastreles-tropicales\/\" target=\"_blank\" rel=\"noopener noreferrer\">\u00bfPor qu\u00e9 los rastreles deben ser tropicales? <\/a><\/span><\/li>\n<li><span style=\"font-size: medium; font-family: arial, helvetica, sans-serif; color: #333333;\"><a style=\"color: #333333;\" href=\"https:\/\/instalaciondetarimas.com\/tarima-exterior\/2016\/03\/09\/remates-en-la-tarima-exterior-con-grapia\/\" target=\"_blank\" rel=\"noopener noreferrer\">\u00bfC\u00f3mo instalamos la primera l\u00ednea de tarima, atornillada o sin atornillar? <\/a><\/span><\/li>\n<li><span style=\"font-size: medium; font-family: arial, helvetica, sans-serif; color: #333333;\"><a style=\"color: #333333;\" href=\"https:\/\/instalaciondetarimas.com\/blog\/2016\/12\/15\/la-direccion-de-la-instalacion-de-la-tarima\/\" target=\"_blank\" rel=\"noopener noreferrer\">\u00bfCu\u00e1l es la direcci\u00f3n correcta que debe llevar la tarima en la instalaci\u00f3n? <\/a><\/span><\/li>\n<li><span style=\"font-size: medium; font-family: arial, helvetica, sans-serif; color: #333333;\"><a style=\"color: #333333;\" href=\"https:\/\/instalaciondetarimas.com\/tarima-exterior\/2016\/01\/23\/tarima-exterior-con-grapa-vista\/\" target=\"_blank\" rel=\"noopener noreferrer\">\u00bfTarima con sistema de grapa vista o con grapa oculta? <\/a><\/span><\/li>\n<li><span style=\"font-size: medium; font-family: arial, helvetica, sans-serif; color: #333333;\"><a style=\"color: #333333;\" href=\"https:\/\/instalaciondetarimas.com\/blog\/2015\/10\/03\/tarima-de-exterior-resistente-a-los-lictidos-o-la-polilla-de-la-madera\/\" target=\"_blank\" rel=\"noopener noreferrer\">\u00bfQu\u00e9 maderas son las m\u00e1s resistentes?<\/a><\/span><\/li>\n<li><span style=\"font-size: medium; font-family: arial, helvetica, sans-serif; color: #333333;\"><a style=\"color: #333333;\" href=\"https:\/\/instalaciondetarimas.com\/blog\/2016\/11\/23\/10-anos-garantia-la-instalacion-la-tarima-exterior\/\" target=\"_blank\" rel=\"noopener noreferrer\">\u00bfLa instalaci\u00f3n es la clave o son los materiales? <\/a><\/span><\/li>\n<li><span style=\"font-size: medium; font-family: arial, helvetica, sans-serif; color: #333333;\"><a style=\"color: #333333;\" href=\"https:\/\/instalaciondetarimas.com\/blog\/2014\/08\/07\/comparativa-entre-la-tarima-de-exterior-tecnolgica-madera-maciza-de-exterior\/\" target=\"_blank\" rel=\"noopener noreferrer\">\u00bfTarima sint\u00e9tica? No, gracias <\/a><\/span><\/li>\n<li><span style=\"font-size: medium; font-family: arial, helvetica, sans-serif; color: #333333;\"><a style=\"color: #333333;\" href=\"https:\/\/instalaciondetarimas.com\/tarima-exterior\/2017\/05\/30\/las-medidas-las-grapas-tarima-exterior\/\" target=\"_blank\" rel=\"noopener\">Medidas de las grapas para tarima de exterior.<\/a> <\/span><\/li>\n<li><span style=\"font-size: medium; font-family: arial, helvetica, sans-serif; color: #333333;\"><a style=\"color: #333333;\" href=\"https:\/\/instalaciondetarimas.com\/tarima-exterior\/2021\/07\/11\/tecnica-del-atornillado-de-las-grapas\/\" target=\"_blank\" rel=\"noopener sponsored\">\u00bfC\u00f3mo es la t\u00e9cnica del atornillado de las grapas?<\/a>. <\/span><\/li>\n<li><span style=\"font-size: medium; font-family: arial, helvetica, sans-serif; color: #333333;\"><a style=\"color: #333333;\" href=\"https:\/\/instalaciondetarimas.com\/tarima-exterior\/2021\/07\/03\/cuantas-grapas-de-exterior-se-necesitan\/\" target=\"_blank\" rel=\"noopener sponsored\">C\u00f3mo calcular el n\u00famero de grapas que necesitar\u00edamos por m2<\/a>.<\/span><\/li>\n<li><a href=\"https:\/\/instalaciondetarimas.com\/blog\/2016\/11\/23\/10-anos-garantia-la-instalacion-la-tarima-exterior\/\" target=\"_blank\" rel=\"noopener noreferrer\"><span style=\"font-size: medium; font-family: arial, helvetica, sans-serif; color: #333333;\">\u00bfLa instalaci\u00f3n es la clave o son los materiales?<\/span><\/a><\/li>\n<li><a href=\"https:\/\/instalaciondetarimas.com\/tarima-exterior\/2017\/05\/30\/las-medidas-las-grapas-tarima-exterior\/\" target=\"_blank\" rel=\"noopener\"><span style=\"font-size: medium; font-family: arial, helvetica, sans-serif; color: #333333;\">Medidas de las grapas para tarima de exterior <\/span><\/a><\/li>\n<li><a href=\"https:\/\/instalaciondetarimas.com\/blog\/2015\/09\/13\/la-instalacion-de-tarima-exterior\/\" target=\"_blank\" rel=\"noopener sponsored\"><span style=\"font-size: medium; font-family: arial, helvetica, sans-serif; color: #333333;\">7 claves de la instalaci\u00f3n exterior<\/span><\/a><\/li>\n<li><a href=\"https:\/\/instalaciondetarimas.com\/blog\/2021\/06\/30\/una-instalacion-duradera-con-una-tarima-de-ipe-exterior\/\" target=\"_blank\" rel=\"noopener sponsored\"><span style=\"font-size: medium; font-family: arial, helvetica, sans-serif; color: #333333;\">Como lograr una instalaci\u00f3n duradera. <\/span><\/a><\/li>\n<li><span style=\"font-size: medium; font-family: arial, helvetica, sans-serif; color: #333333;\"><a href=\"https:\/\/instalaciondetarimas.com\/blog\/2015\/11\/12\/consejos-de-aplicacion-de-lasur-o-aceite-para-tarima-de-exterior\/\" target=\"_blank\" rel=\"noopener sponsored\">Aceite para tarima exterior <\/a><\/span><\/li>\n<li><a href=\"https:\/\/instalaciondetarimas.com\/categoria-producto\/mantenimiento-madera-exterior\/\" target=\"_blank\" rel=\"noopener sponsored\"><span style=\"font-size: medium; font-family: arial, helvetica, sans-serif; color: #333333;\">Todo sobre el mantenimiento<\/span><\/a><\/li>\n<\/ul>\n<p>&nbsp;<\/p>\n<p><span style=\"font-size: x-large; font-family: arial,helvetica,sans-serif;\">| Venta directa en Espa\u00f1a y cualquier parte de Europa | <strong>636 52 04 08<\/strong> | 91 890 51 61 | <a title=\"mailto:tarima@instalaciondetarimas.com?subject=\" href=\"mailto:tarima@instalaciondetarimas.com?subject=\">tarima@instalaciondetarimas.com<\/a> | Especialistas en instalaci\u00f3n en tarimas de exterior y tarima de madera maciza interior | Tarima maciza de exterior: N\u00famero de grapas de exterior por m2 |<\/span><\/p>\n<p style=\"text-align: center;\"><span style=\"font-size: x-large; font-family: arial,helvetica,sans-serif;\">Presupuestos sin compromiso y asesor\u00eda<\/span><\/p>\n<p style=\"text-align: center;\"><span style=\"font-size: x-large; font-family: arial,helvetica,sans-serif;\"> | <strong>636 52 04 08<\/strong> | 91 890 51 61 |<\/span><\/p>\n<div class=\"7d133950727d7d7fabd868cef9729e91\" data-index=\"1\" style=\"float: none; margin:10px 0 10px 0; text-align:center;\">\n<script async src=\"\/\/pagead2.googlesyndication.com\/pagead\/js\/adsbygoogle.js\"><\/script>\r\n<!-- MINIMAL -->\r\n<ins class=\"adsbygoogle\"\r\n     style=\"display:block\"\r\n     data-ad-client=\"ca-pub-5350189522639204\"\r\n     data-ad-slot=\"2323043779\"\r\n     data-ad-format=\"auto\"><\/ins>\r\n<script>\r\n(adsbygoogle = window.adsbygoogle || []).push({});\r\n<\/script>\n<\/div>\n\n<div style=\"font-size: 0px; height: 0px; line-height: 0px; margin: 0; padding: 0; clear: both;\"><\/div>","protected":false},"excerpt":{"rendered":"<p>Tarima de massaranduba exterior para usos en la intemperie: resistencia asegurada. La tarima de massaranduba exterior\u00a0es una opci\u00f3n perfecta para estar al aire libre, \u00f3ptima para resistir la lluvia, la nieve, climas h\u00famedos, secos o muy contrastados. Debido a su dureza, y aguante natural extraordinario contra los insectos, la madera de massaranduba es perfecta para [&hellip;]<\/p>\n","protected":false},"author":1,"featured_media":1232,"comment_status":"open","ping_status":"open","sticky":false,"template":"","format":"standard","meta":{"footnotes":""},"categories":[77,11,2],"tags":[76],"class_list":["post-1224","post","type-post","status-publish","format-standard","has-post-thumbnail","hentry","category-cabecera","category-suelo-de-madera-exterior","category-tarima-exterior","tag-tarima-de-massaranduba-exterior"],"yoast_head":"<!-- This site is optimized with the Yoast SEO plugin v27.1.1 - https:\/\/yoast.com\/product\/yoast-seo-wordpress\/ -->\n<title>Tarima de massaranduba en el exterior: La madera m\u00e1s dura<\/title>\n<meta name=\"description\" content=\"Tarima de massaranduba exterior, LA MADERA M\u00c1S DURA para la intemperie. PRECIOS DE F\u00c1BRICA por restos de stock. La mejor calidad.\" \/>\n<meta name=\"robots\" content=\"index, follow, max-snippet:-1, max-image-preview:large, max-video-preview:-1\" \/>\n<link rel=\"canonical\" href=\"https:\/\/instalaciondetarimas.com\/tarima-exterior\/2021\/12\/28\/tarima-de-massaranduba-exterior\/\" \/>\n<meta property=\"og:locale\" content=\"es_ES\" \/>\n<meta property=\"og:type\" content=\"article\" \/>\n<meta property=\"og:title\" content=\"Tarima de massaranduba en el exterior: La madera m\u00e1s dura\" \/>\n<meta property=\"og:description\" content=\"Tarima de massaranduba exterior, LA MADERA M\u00c1S DURA para la intemperie. PRECIOS DE F\u00c1BRICA por restos de stock. La mejor calidad.\" \/>\n<meta property=\"og:url\" content=\"https:\/\/instalaciondetarimas.com\/tarima-exterior\/2021\/12\/28\/tarima-de-massaranduba-exterior\/\" \/>\n<meta property=\"og:site_name\" content=\"ofertas de tarima exterior con la mejor calidad y precio\" \/>\n<meta property=\"article:published_time\" content=\"2021-12-28T00:00:27+00:00\" \/>\n<meta property=\"article:modified_time\" content=\"2025-03-25T01:16:57+00:00\" \/>\n<meta property=\"og:image\" content=\"https:\/\/instalaciondetarimas.com\/tarima-exterior\/wp-content\/uploads\/sites\/11\/2021\/12\/tarima-maciza-massaranduba2.jpg\" \/>\n\t<meta property=\"og:image:width\" content=\"1852\" \/>\n\t<meta property=\"og:image:height\" content=\"624\" \/>\n\t<meta property=\"og:image:type\" content=\"image\/jpeg\" \/>\n<meta name=\"author\" content=\"Ribas\" \/>\n<meta name=\"twitter:card\" content=\"summary_large_image\" \/>\n<meta name=\"twitter:label1\" content=\"Escrito por\" \/>\n\t<meta name=\"twitter:data1\" content=\"Ribas\" \/>\n\t<meta name=\"twitter:label2\" content=\"Tiempo de lectura\" \/>\n\t<meta name=\"twitter:data2\" content=\"6 minutos\" \/>\n<script type=\"application\/ld+json\" class=\"yoast-schema-graph\">{\"@context\":\"https:\/\/schema.org\",\"@graph\":[{\"@type\":\"Article\",\"@id\":\"https:\/\/instalaciondetarimas.com\/tarima-exterior\/2021\/12\/28\/tarima-de-massaranduba-exterior\/#article\",\"isPartOf\":{\"@id\":\"https:\/\/instalaciondetarimas.com\/tarima-exterior\/2021\/12\/28\/tarima-de-massaranduba-exterior\/\"},\"author\":{\"name\":\"Ribas\",\"@id\":\"https:\/\/instalaciondetarimas.com\/tarima-exterior\/#\/schema\/person\/080df099c3c04ec9642544e2451b38c2\"},\"headline\":\"Tarima de massaranduba para usos en la intemperie: resistencia asegurada\",\"datePublished\":\"2021-12-28T00:00:27+00:00\",\"dateModified\":\"2025-03-25T01:16:57+00:00\",\"mainEntityOfPage\":{\"@id\":\"https:\/\/instalaciondetarimas.com\/tarima-exterior\/2021\/12\/28\/tarima-de-massaranduba-exterior\/\"},\"wordCount\":1116,\"commentCount\":6,\"image\":{\"@id\":\"https:\/\/instalaciondetarimas.com\/tarima-exterior\/2021\/12\/28\/tarima-de-massaranduba-exterior\/#primaryimage\"},\"thumbnailUrl\":\"https:\/\/instalaciondetarimas.com\/tarima-exterior\/wp-content\/uploads\/sites\/11\/2021\/12\/tarima-maciza-massaranduba2.jpg\",\"keywords\":[\"tarima de massaranduba exterior\"],\"articleSection\":[\"CABECERA\",\"SUELOS DE MADERA EXTERIOR\",\"TARIMA DE EXTERIOR\"],\"inLanguage\":\"es\",\"potentialAction\":[{\"@type\":\"CommentAction\",\"name\":\"Comment\",\"target\":[\"https:\/\/instalaciondetarimas.com\/tarima-exterior\/2021\/12\/28\/tarima-de-massaranduba-exterior\/#respond\"]}]},{\"@type\":\"WebPage\",\"@id\":\"https:\/\/instalaciondetarimas.com\/tarima-exterior\/2021\/12\/28\/tarima-de-massaranduba-exterior\/\",\"url\":\"https:\/\/instalaciondetarimas.com\/tarima-exterior\/2021\/12\/28\/tarima-de-massaranduba-exterior\/\",\"name\":\"Tarima de massaranduba en el exterior: La madera m\u00e1s dura\",\"isPartOf\":{\"@id\":\"https:\/\/instalaciondetarimas.com\/tarima-exterior\/#website\"},\"primaryImageOfPage\":{\"@id\":\"https:\/\/instalaciondetarimas.com\/tarima-exterior\/2021\/12\/28\/tarima-de-massaranduba-exterior\/#primaryimage\"},\"image\":{\"@id\":\"https:\/\/instalaciondetarimas.com\/tarima-exterior\/2021\/12\/28\/tarima-de-massaranduba-exterior\/#primaryimage\"},\"thumbnailUrl\":\"https:\/\/instalaciondetarimas.com\/tarima-exterior\/wp-content\/uploads\/sites\/11\/2021\/12\/tarima-maciza-massaranduba2.jpg\",\"datePublished\":\"2021-12-28T00:00:27+00:00\",\"dateModified\":\"2025-03-25T01:16:57+00:00\",\"author\":{\"@id\":\"https:\/\/instalaciondetarimas.com\/tarima-exterior\/#\/schema\/person\/080df099c3c04ec9642544e2451b38c2\"},\"description\":\"Tarima de massaranduba exterior, LA MADERA M\u00c1S DURA para la intemperie. PRECIOS DE F\u00c1BRICA por restos de stock. La mejor calidad.\",\"breadcrumb\":{\"@id\":\"https:\/\/instalaciondetarimas.com\/tarima-exterior\/2021\/12\/28\/tarima-de-massaranduba-exterior\/#breadcrumb\"},\"inLanguage\":\"es\",\"potentialAction\":[{\"@type\":\"ReadAction\",\"target\":[\"https:\/\/instalaciondetarimas.com\/tarima-exterior\/2021\/12\/28\/tarima-de-massaranduba-exterior\/\"]}]},{\"@type\":\"ImageObject\",\"inLanguage\":\"es\",\"@id\":\"https:\/\/instalaciondetarimas.com\/tarima-exterior\/2021\/12\/28\/tarima-de-massaranduba-exterior\/#primaryimage\",\"url\":\"https:\/\/instalaciondetarimas.com\/tarima-exterior\/wp-content\/uploads\/sites\/11\/2021\/12\/tarima-maciza-massaranduba2.jpg\",\"contentUrl\":\"https:\/\/instalaciondetarimas.com\/tarima-exterior\/wp-content\/uploads\/sites\/11\/2021\/12\/tarima-maciza-massaranduba2.jpg\",\"width\":1852,\"height\":624,\"caption\":\"tarima de massaranduba exterior\"},{\"@type\":\"BreadcrumbList\",\"@id\":\"https:\/\/instalaciondetarimas.com\/tarima-exterior\/2021\/12\/28\/tarima-de-massaranduba-exterior\/#breadcrumb\",\"itemListElement\":[{\"@type\":\"ListItem\",\"position\":1,\"name\":\"Portada\",\"item\":\"https:\/\/instalaciondetarimas.com\/tarima-exterior\/\"},{\"@type\":\"ListItem\",\"position\":2,\"name\":\"Tarima de massaranduba para usos en la intemperie: resistencia asegurada\"}]},{\"@type\":\"WebSite\",\"@id\":\"https:\/\/instalaciondetarimas.com\/tarima-exterior\/#website\",\"url\":\"https:\/\/instalaciondetarimas.com\/tarima-exterior\/\",\"name\":\"ofertas de tarima exterior con la mejor calidad y precio\",\"description\":\"ofertas de tarima exterior\",\"potentialAction\":[{\"@type\":\"SearchAction\",\"target\":{\"@type\":\"EntryPoint\",\"urlTemplate\":\"https:\/\/instalaciondetarimas.com\/tarima-exterior\/?s={search_term_string}\"},\"query-input\":{\"@type\":\"PropertyValueSpecification\",\"valueRequired\":true,\"valueName\":\"search_term_string\"}}],\"inLanguage\":\"es\"},{\"@type\":\"Person\",\"@id\":\"https:\/\/instalaciondetarimas.com\/tarima-exterior\/#\/schema\/person\/080df099c3c04ec9642544e2451b38c2\",\"name\":\"Ribas\",\"image\":{\"@type\":\"ImageObject\",\"inLanguage\":\"es\",\"@id\":\"https:\/\/instalaciondetarimas.com\/tarima-exterior\/#\/schema\/person\/image\/\",\"url\":\"https:\/\/secure.gravatar.com\/avatar\/53f051e804b18764c53f9952c629b135af8edb7bb2b61711c5175ce506878789?s=96&d=mm&r=g\",\"contentUrl\":\"https:\/\/secure.gravatar.com\/avatar\/53f051e804b18764c53f9952c629b135af8edb7bb2b61711c5175ce506878789?s=96&d=mm&r=g\",\"caption\":\"Ribas\"},\"url\":\"https:\/\/instalaciondetarimas.com\/tarima-exterior\/author\/admin\/\"}]}<\/script>\n<!-- \/ Yoast SEO plugin. -->","yoast_head_json":{"title":"Tarima de massaranduba en el exterior: La madera m\u00e1s dura","description":"Tarima de massaranduba exterior, LA MADERA M\u00c1S DURA para la intemperie. PRECIOS DE F\u00c1BRICA por restos de stock. La mejor calidad.","robots":{"index":"index","follow":"follow","max-snippet":"max-snippet:-1","max-image-preview":"max-image-preview:large","max-video-preview":"max-video-preview:-1"},"canonical":"https:\/\/instalaciondetarimas.com\/tarima-exterior\/2021\/12\/28\/tarima-de-massaranduba-exterior\/","og_locale":"es_ES","og_type":"article","og_title":"Tarima de massaranduba en el exterior: La madera m\u00e1s dura","og_description":"Tarima de massaranduba exterior, LA MADERA M\u00c1S DURA para la intemperie. PRECIOS DE F\u00c1BRICA por restos de stock. La mejor calidad.","og_url":"https:\/\/instalaciondetarimas.com\/tarima-exterior\/2021\/12\/28\/tarima-de-massaranduba-exterior\/","og_site_name":"ofertas de tarima exterior con la mejor calidad y precio","article_published_time":"2021-12-28T00:00:27+00:00","article_modified_time":"2025-03-25T01:16:57+00:00","og_image":[{"width":1852,"height":624,"url":"https:\/\/instalaciondetarimas.com\/tarima-exterior\/wp-content\/uploads\/sites\/11\/2021\/12\/tarima-maciza-massaranduba2.jpg","type":"image\/jpeg"}],"author":"Ribas","twitter_card":"summary_large_image","twitter_misc":{"Escrito por":"Ribas","Tiempo de lectura":"6 minutos"},"schema":{"@context":"https:\/\/schema.org","@graph":[{"@type":"Article","@id":"https:\/\/instalaciondetarimas.com\/tarima-exterior\/2021\/12\/28\/tarima-de-massaranduba-exterior\/#article","isPartOf":{"@id":"https:\/\/instalaciondetarimas.com\/tarima-exterior\/2021\/12\/28\/tarima-de-massaranduba-exterior\/"},"author":{"name":"Ribas","@id":"https:\/\/instalaciondetarimas.com\/tarima-exterior\/#\/schema\/person\/080df099c3c04ec9642544e2451b38c2"},"headline":"Tarima de massaranduba para usos en la intemperie: resistencia asegurada","datePublished":"2021-12-28T00:00:27+00:00","dateModified":"2025-03-25T01:16:57+00:00","mainEntityOfPage":{"@id":"https:\/\/instalaciondetarimas.com\/tarima-exterior\/2021\/12\/28\/tarima-de-massaranduba-exterior\/"},"wordCount":1116,"commentCount":6,"image":{"@id":"https:\/\/instalaciondetarimas.com\/tarima-exterior\/2021\/12\/28\/tarima-de-massaranduba-exterior\/#primaryimage"},"thumbnailUrl":"https:\/\/instalaciondetarimas.com\/tarima-exterior\/wp-content\/uploads\/sites\/11\/2021\/12\/tarima-maciza-massaranduba2.jpg","keywords":["tarima de massaranduba exterior"],"articleSection":["CABECERA","SUELOS DE MADERA EXTERIOR","TARIMA DE EXTERIOR"],"inLanguage":"es","potentialAction":[{"@type":"CommentAction","name":"Comment","target":["https:\/\/instalaciondetarimas.com\/tarima-exterior\/2021\/12\/28\/tarima-de-massaranduba-exterior\/#respond"]}]},{"@type":"WebPage","@id":"https:\/\/instalaciondetarimas.com\/tarima-exterior\/2021\/12\/28\/tarima-de-massaranduba-exterior\/","url":"https:\/\/instalaciondetarimas.com\/tarima-exterior\/2021\/12\/28\/tarima-de-massaranduba-exterior\/","name":"Tarima de massaranduba en el exterior: La madera m\u00e1s dura","isPartOf":{"@id":"https:\/\/instalaciondetarimas.com\/tarima-exterior\/#website"},"primaryImageOfPage":{"@id":"https:\/\/instalaciondetarimas.com\/tarima-exterior\/2021\/12\/28\/tarima-de-massaranduba-exterior\/#primaryimage"},"image":{"@id":"https:\/\/instalaciondetarimas.com\/tarima-exterior\/2021\/12\/28\/tarima-de-massaranduba-exterior\/#primaryimage"},"thumbnailUrl":"https:\/\/instalaciondetarimas.com\/tarima-exterior\/wp-content\/uploads\/sites\/11\/2021\/12\/tarima-maciza-massaranduba2.jpg","datePublished":"2021-12-28T00:00:27+00:00","dateModified":"2025-03-25T01:16:57+00:00","author":{"@id":"https:\/\/instalaciondetarimas.com\/tarima-exterior\/#\/schema\/person\/080df099c3c04ec9642544e2451b38c2"},"description":"Tarima de massaranduba exterior, LA MADERA M\u00c1S DURA para la intemperie. PRECIOS DE F\u00c1BRICA por restos de stock. La mejor calidad.","breadcrumb":{"@id":"https:\/\/instalaciondetarimas.com\/tarima-exterior\/2021\/12\/28\/tarima-de-massaranduba-exterior\/#breadcrumb"},"inLanguage":"es","potentialAction":[{"@type":"ReadAction","target":["https:\/\/instalaciondetarimas.com\/tarima-exterior\/2021\/12\/28\/tarima-de-massaranduba-exterior\/"]}]},{"@type":"ImageObject","inLanguage":"es","@id":"https:\/\/instalaciondetarimas.com\/tarima-exterior\/2021\/12\/28\/tarima-de-massaranduba-exterior\/#primaryimage","url":"https:\/\/instalaciondetarimas.com\/tarima-exterior\/wp-content\/uploads\/sites\/11\/2021\/12\/tarima-maciza-massaranduba2.jpg","contentUrl":"https:\/\/instalaciondetarimas.com\/tarima-exterior\/wp-content\/uploads\/sites\/11\/2021\/12\/tarima-maciza-massaranduba2.jpg","width":1852,"height":624,"caption":"tarima de massaranduba exterior"},{"@type":"BreadcrumbList","@id":"https:\/\/instalaciondetarimas.com\/tarima-exterior\/2021\/12\/28\/tarima-de-massaranduba-exterior\/#breadcrumb","itemListElement":[{"@type":"ListItem","position":1,"name":"Portada","item":"https:\/\/instalaciondetarimas.com\/tarima-exterior\/"},{"@type":"ListItem","position":2,"name":"Tarima de massaranduba para usos en la intemperie: resistencia asegurada"}]},{"@type":"WebSite","@id":"https:\/\/instalaciondetarimas.com\/tarima-exterior\/#website","url":"https:\/\/instalaciondetarimas.com\/tarima-exterior\/","name":"ofertas de tarima exterior con la mejor calidad y precio","description":"ofertas de tarima exterior","potentialAction":[{"@type":"SearchAction","target":{"@type":"EntryPoint","urlTemplate":"https:\/\/instalaciondetarimas.com\/tarima-exterior\/?s={search_term_string}"},"query-input":{"@type":"PropertyValueSpecification","valueRequired":true,"valueName":"search_term_string"}}],"inLanguage":"es"},{"@type":"Person","@id":"https:\/\/instalaciondetarimas.com\/tarima-exterior\/#\/schema\/person\/080df099c3c04ec9642544e2451b38c2","name":"Ribas","image":{"@type":"ImageObject","inLanguage":"es","@id":"https:\/\/instalaciondetarimas.com\/tarima-exterior\/#\/schema\/person\/image\/","url":"https:\/\/secure.gravatar.com\/avatar\/53f051e804b18764c53f9952c629b135af8edb7bb2b61711c5175ce506878789?s=96&d=mm&r=g","contentUrl":"https:\/\/secure.gravatar.com\/avatar\/53f051e804b18764c53f9952c629b135af8edb7bb2b61711c5175ce506878789?s=96&d=mm&r=g","caption":"Ribas"},"url":"https:\/\/instalaciondetarimas.com\/tarima-exterior\/author\/admin\/"}]}},"_links":{"self":[{"href":"https:\/\/instalaciondetarimas.com\/tarima-exterior\/wp-json\/wp\/v2\/posts\/1224","targetHints":{"allow":["GET"]}}],"collection":[{"href":"https:\/\/instalaciondetarimas.com\/tarima-exterior\/wp-json\/wp\/v2\/posts"}],"about":[{"href":"https:\/\/instalaciondetarimas.com\/tarima-exterior\/wp-json\/wp\/v2\/types\/post"}],"author":[{"embeddable":true,"href":"https:\/\/instalaciondetarimas.com\/tarima-exterior\/wp-json\/wp\/v2\/users\/1"}],"replies":[{"embeddable":true,"href":"https:\/\/instalaciondetarimas.com\/tarima-exterior\/wp-json\/wp\/v2\/comments?post=1224"}],"version-history":[{"count":2,"href":"https:\/\/instalaciondetarimas.com\/tarima-exterior\/wp-json\/wp\/v2\/posts\/1224\/revisions"}],"predecessor-version":[{"id":1806,"href":"https:\/\/instalaciondetarimas.com\/tarima-exterior\/wp-json\/wp\/v2\/posts\/1224\/revisions\/1806"}],"wp:featuredmedia":[{"embeddable":true,"href":"https:\/\/instalaciondetarimas.com\/tarima-exterior\/wp-json\/wp\/v2\/media\/1232"}],"wp:attachment":[{"href":"https:\/\/instalaciondetarimas.com\/tarima-exterior\/wp-json\/wp\/v2\/media?parent=1224"}],"wp:term":[{"taxonomy":"category","embeddable":true,"href":"https:\/\/instalaciondetarimas.com\/tarima-exterior\/wp-json\/wp\/v2\/categories?post=1224"},{"taxonomy":"post_tag","embeddable":true,"href":"https:\/\/instalaciondetarimas.com\/tarima-exterior\/wp-json\/wp\/v2\/tags?post=1224"}],"curies":[{"name":"wp","href":"https:\/\/api.w.org\/{rel}","templated":true}]}}