{"id":713,"date":"2016-04-19T13:28:58","date_gmt":"2016-04-19T11:28:58","guid":{"rendered":"http:\/\/instalaciondetarimas.com\/madera-maciza-interior\/?p=713"},"modified":"2025-03-23T01:50:19","modified_gmt":"2025-03-23T00:50:19","slug":"oferta-de-tarima-de-ipe-de-interior","status":"publish","type":"post","link":"https:\/\/instalaciondetarimas.com\/madera-maciza-interior\/2016\/04\/19\/oferta-de-tarima-de-ipe-de-interior\/","title":{"rendered":"Oferta de tarima de ip\u00e9 de interior"},"content":{"rendered":"<h1><\/h1>\n<h1 style=\"text-align: center;\"><span style=\"color: #808080;\"><span style=\"color: #333333;\">Oferta de tarima de ip\u00e9 de interior de madera maciza con 17 mm de espesor, 65 mm de ancho, largos variables hasta 3 m sin barniz incluido y para el interior.<\/span> <span style=\"color: #008080;\">Consultar ofertas en el enlace circular o llama al: 91 890 51 61 \/ 636 52 04 08<\/span> <del><\/del><\/span><\/h1>\n<p><a href=\"https:\/\/instalaciondetarimas.com\/categoria-producto\/madera-de-ipe-interior\/\" target=\"_blank\" rel=\"noopener sponsored\"><img loading=\"lazy\" decoding=\"async\" class=\"aligncenter size-full wp-image-326\" src=\"https:\/\/instalaciondetarimas.com\/enciclopedia-de-la-madera\/wp-content\/uploads\/sites\/13\/2021\/12\/ipe-52.jpg\" alt=\"\" width=\"300\" height=\"300\" \/><\/a><\/p>\n<p><span style=\"font-size: medium;\">Si buscas una madera extremadamente dura y con un precio excepcional el ip\u00e9 es la respuesta. Aprovecha esta oferta de tarima de ip\u00e9 de interior por s\u00f3lo 28,95 euros el m2. IVA y transporte no incluidos<br \/>\n<\/span><\/p>\n<p><span style=\"font-size: medium;\">Una madera aut\u00e9ntica a un precio en liquidaci\u00f3n, consulta si hay disponibilidad\u00a0<\/span><\/p>\n<h2><strong><span style=\"font-size: medium;\">Condiciones de la oferta de tarima de ip\u00e9 para interior:<\/span><\/strong><\/h2>\n<ul>\n<li><span style=\"font-size: medium;\">Madera 100% maciza de 17 mm de espesor para clavar<br \/>\n<\/span><\/li>\n<li><span style=\"font-size: medium;\">Tarima maciza sin barnizar<\/span><\/li>\n<li><span style=\"font-size: medium;\">Tarima para poner sobre rastrel<br \/>\n<\/span><\/li>\n<li><span style=\"font-size: medium;\">No se incluye el IVA, ni el transporte y subida al domicilio del cliente<\/span><\/li>\n<\/ul>\n<h3><strong><span style=\"font-size: medium;\">Gr\u00e1fico con las medidas t\u00e9cnicas de la oferta de la tarima de ip\u00e9.<\/span><\/strong><\/h3>\n<ul>\n<li><span style=\"font-size: medium;\">Ancho: 65 mm<\/span><\/li>\n<li><span style=\"font-size: medium;\">Espesor: 17 mm<\/span><\/li>\n<li><span style=\"font-size: medium;\">Largos: 500 mm y 3.000 mm<\/span><\/li>\n<\/ul>\n<h3>Sellos de calidad\u00a0 en la fabricaci\u00f3n de la oferta de tarima de IP\u00c9 AITIM: 4-3-13: Pavimentos de madera. Tarima.<\/h3>\n<p>&nbsp;<\/p>\n<p><a href=\"https:\/\/instalaciondetarimas.com\/madera-maciza-interior\/wp-content\/uploads\/sites\/10\/2015\/10\/ipe-interior.jpg\"><img loading=\"lazy\" decoding=\"async\" class=\"aligncenter size-full wp-image-85\" src=\"https:\/\/instalaciondetarimas.com\/madera-maciza-interior\/wp-content\/uploads\/sites\/10\/2015\/10\/ipe-interior.jpg\" alt=\"foto de suelo tarima de ip\u00e9 de interior\" width=\"961\" height=\"297\" srcset=\"https:\/\/instalaciondetarimas.com\/madera-maciza-interior\/wp-content\/uploads\/sites\/10\/2015\/10\/ipe-interior.jpg 961w, https:\/\/instalaciondetarimas.com\/madera-maciza-interior\/wp-content\/uploads\/sites\/10\/2015\/10\/ipe-interior-300x93.jpg 300w, https:\/\/instalaciondetarimas.com\/madera-maciza-interior\/wp-content\/uploads\/sites\/10\/2015\/10\/ipe-interior-768x237.jpg 768w, https:\/\/instalaciondetarimas.com\/madera-maciza-interior\/wp-content\/uploads\/sites\/10\/2015\/10\/ipe-interior-600x185.jpg 600w\" sizes=\"auto, (max-width: 961px) 100vw, 961px\" \/><\/a><\/p>\n<h5><span style=\"font-size: medium;\">Oferta de tarima de ip\u00e9, una de las maderas m\u00e1s duras<\/span><\/h5>\n<p><span style=\"font-size: medium;\">La forma de la fibra de la madera afecta a su dureza, en este caso la oferta de tarima de ip\u00e9 que les ofrecemos est\u00e1 fabricada con el verdadero ip\u00e9 con una fibra entrelazada, la fibra entrelazada aporta m\u00e1s resistencia a la torsi\u00f3n que la fibra lisa.<\/span><\/p>\n<p><span style=\"font-size: medium;\">\u00bfDe donde viene esta oferta de tarima de ip\u00e9?, esta oferta cumple con las <a href=\"https:\/\/es.wikipedia.org\/wiki\/Reglamento_de_la_madera_de_la_Uni%C3%B3n_Europea\" target=\"_blank\" rel=\"noopener\">leyes de la UE sobre la importaci\u00f3n de la madera<\/a> y procede de <a href=\"http:\/\/ec.europa.eu\/environment\/eutr2013\/_static\/files\/press-briefings\/eu-timber-regulation-media-briefing_v01_es.pdf\" target=\"_blank\" rel=\"nofollow noopener\">talas controladas y certificadas en la exportaci\u00f3n por la UE<\/a>, de producciones y de importaciones estables. La madera se cultiva en Am\u00e9rica Central y del Sur.<\/span><\/p>\n<h6><span style=\"font-size: medium;\">Instalaci\u00f3n de tarima de ip\u00e9 en el interior<\/span><\/h6>\n<p><span style=\"font-size: medium;\">| Venta directa en Espa\u00f1a y cualquier parte de Europa | 636 52 04 08 |\u00a0<a title=\"mailto:tarima@instalaciondetarimas.com?subject=\" href=\"mailto:tarima@instalaciondetarimas.com?subject=\">tarima@instalaciondetarimas.com<\/a> | Especialistas en instalaci\u00f3n en tarimas de exterior y tarima de madera maciza interior | Oferta de tarima de ip\u00e9 |<\/span><\/p>\n<p><a href=\"https:\/\/instalaciondetarimas.com\/categoria-producto\/madera-de-grapia-o-garapa\/\" target=\"_blank\" rel=\"noopener sponsored\"><img loading=\"lazy\" decoding=\"async\" class=\"aligncenter size-full wp-image-329\" src=\"https:\/\/instalaciondetarimas.com\/enciclopedia-de-la-madera\/wp-content\/uploads\/sites\/13\/2021\/12\/grapia-64-1.gif\" alt=\"\" width=\"300\" height=\"300\" \/><\/a><a href=\"https:\/\/instalaciondetarimas.com\/categoria-producto\/tarima-de-jatoba\/\" target=\"_blank\" rel=\"noopener sponsored\"><img loading=\"lazy\" decoding=\"async\" class=\"aligncenter size-full wp-image-330\" src=\"https:\/\/instalaciondetarimas.com\/enciclopedia-de-la-madera\/wp-content\/uploads\/sites\/13\/2021\/12\/jatoba-55.gif\" alt=\"\" width=\"300\" height=\"300\" \/><\/a><a href=\"https:\/\/instalaciondetarimas.com\/categoria-producto\/madera-de-doussie\/\" target=\"_blank\" rel=\"noopener sponsored\"><img loading=\"lazy\" decoding=\"async\" class=\"aligncenter size-full wp-image-332\" src=\"https:\/\/instalaciondetarimas.com\/enciclopedia-de-la-madera\/wp-content\/uploads\/sites\/13\/2021\/12\/doussie-70.gif\" alt=\"\" width=\"300\" height=\"300\" \/><\/a><a href=\"https:\/\/instalaciondetarimas.com\/categoria-producto\/madera-de-elondo-interior\/\" target=\"_blank\" rel=\"noopener sponsored\"><img loading=\"lazy\" decoding=\"async\" class=\"aligncenter size-full wp-image-333\" src=\"https:\/\/instalaciondetarimas.com\/enciclopedia-de-la-madera\/wp-content\/uploads\/sites\/13\/2021\/12\/elondo-45.gif\" alt=\"\" width=\"300\" height=\"300\" \/><\/a><a href=\"https:\/\/instalaciondetarimas.com\/categoria-producto\/cerezo-americano\/\" target=\"_blank\" rel=\"noopener sponsored\"><img loading=\"lazy\" decoding=\"async\" class=\"aligncenter size-full wp-image-335\" src=\"https:\/\/instalaciondetarimas.com\/enciclopedia-de-la-madera\/wp-content\/uploads\/sites\/13\/2021\/12\/cerezo-70-2.gif\" alt=\"\" width=\"300\" height=\"300\" \/><\/a><\/p>\n<p><a href=\"https:\/\/instalaciondetarimas.com\/madera-maciza-interior\/2015\/12\/04\/oferta-de-cumaru-rojo\/\" target=\"_blank\" rel=\"noopener sponsored\"><img loading=\"lazy\" decoding=\"async\" class=\"aligncenter size-full wp-image-295\" src=\"https:\/\/instalaciondetarimas.com\/tarima-maciza-barnizada\/wp-content\/uploads\/sites\/12\/2021\/12\/cumaru-75.gif\" alt=\"foto publicitaria con suelo de cumar\u00fa rojo en oferta\" width=\"300\" height=\"300\" \/><\/a><\/p>\n<p><a href=\"https:\/\/instalaciondetarimas.com\/categoria-producto\/tarima-de-cumaru\/\" target=\"_blank\" rel=\"noopener sponsored\"><img loading=\"lazy\" decoding=\"async\" class=\"aligncenter size-full wp-image-296\" src=\"https:\/\/instalaciondetarimas.com\/tarima-maciza-barnizada\/wp-content\/uploads\/sites\/12\/2021\/12\/cumaru-78.gif\" alt=\"foto publicitaria con suelo de cumar\u00fa amarillo en oferta\" width=\"300\" height=\"300\" \/><\/a><\/p>\n<p><span style=\"font-size: x-large; font-family: arial,helvetica,sans-serif;\">| Venta directa en Espa\u00f1a y cualquier parte de Europa | M\u00f3vil-Whatsapp: +34 <strong>636 52 04 08<\/strong> | 91 890 51 61\u00a0|\u00a0<\/span><\/p>\n<!--CusAds0-->\n<div style=\"font-size: 0px; height: 0px; line-height: 0px; margin: 0; padding: 0; clear: both;\"><\/div>","protected":false},"excerpt":{"rendered":"<p>Oferta de tarima de ip\u00e9 de interior de madera maciza con 17 mm de espesor, 65 mm de ancho, largos variables hasta 3 m sin barniz incluido y para el interior. Consultar ofertas en el enlace circular o llama al: 91 890 51 61 \/ 636 52 04 08 Si buscas una madera extremadamente dura [&hellip;]<\/p>\n","protected":false},"author":1,"featured_media":0,"comment_status":"open","ping_status":"open","sticky":false,"template":"","format":"standard","meta":{"footnotes":""},"categories":[6,13],"tags":[40],"class_list":["post-713","post","type-post","status-publish","format-standard","hentry","category-madera-maciza","category-ofertas-de-tarima","tag-tarima-de-ipe-de-interior"],"yoast_head":"<!-- This site is optimized with the Yoast SEO plugin v27.1.1 - https:\/\/yoast.com\/product\/yoast-seo-wordpress\/ -->\n<title>Oferta de tarima de ip\u00e9 de interior<\/title>\n<meta name=\"description\" content=\"Oferta de tarima de ip\u00e9 de interior con 17 mm de espesor, 65 mm de ancho, largos variables hasta 3 m sin barniz incluido y para el interior\" \/>\n<meta name=\"robots\" content=\"index, follow, max-snippet:-1, max-image-preview:large, max-video-preview:-1\" \/>\n<link rel=\"canonical\" href=\"https:\/\/instalaciondetarimas.com\/madera-maciza-interior\/2016\/04\/19\/oferta-de-tarima-de-ipe-de-interior\/\" \/>\n<meta property=\"og:locale\" content=\"es_ES\" \/>\n<meta property=\"og:type\" content=\"article\" \/>\n<meta property=\"og:title\" content=\"Oferta de tarima de ip\u00e9 de interior\" \/>\n<meta property=\"og:description\" content=\"Oferta de tarima de ip\u00e9 de interior con 17 mm de espesor, 65 mm de ancho, largos variables hasta 3 m sin barniz incluido y para el interior\" \/>\n<meta property=\"og:url\" content=\"https:\/\/instalaciondetarimas.com\/madera-maciza-interior\/2016\/04\/19\/oferta-de-tarima-de-ipe-de-interior\/\" \/>\n<meta property=\"og:site_name\" content=\"Ofertas de tarima maciza para suelos de interior\" \/>\n<meta property=\"article:published_time\" content=\"2016-04-19T11:28:58+00:00\" \/>\n<meta property=\"article:modified_time\" content=\"2025-03-23T00:50:19+00:00\" \/>\n<meta property=\"og:image\" content=\"https:\/\/instalaciondetarimas.com\/enciclopedia-de-la-madera\/wp-content\/uploads\/sites\/13\/2021\/12\/ipe-52.jpg\" \/>\n<meta name=\"author\" content=\"Ribas\" \/>\n<meta name=\"twitter:card\" content=\"summary_large_image\" \/>\n<meta name=\"twitter:label1\" content=\"Escrito por\" \/>\n\t<meta name=\"twitter:data1\" content=\"Ribas\" \/>\n\t<meta name=\"twitter:label2\" content=\"Tiempo de lectura\" \/>\n\t<meta name=\"twitter:data2\" content=\"4 minutos\" \/>\n<script type=\"application\/ld+json\" class=\"yoast-schema-graph\">{\"@context\":\"https:\/\/schema.org\",\"@graph\":[{\"@type\":\"Article\",\"@id\":\"https:\/\/instalaciondetarimas.com\/madera-maciza-interior\/2016\/04\/19\/oferta-de-tarima-de-ipe-de-interior\/#article\",\"isPartOf\":{\"@id\":\"https:\/\/instalaciondetarimas.com\/madera-maciza-interior\/2016\/04\/19\/oferta-de-tarima-de-ipe-de-interior\/\"},\"author\":{\"name\":\"Ribas\",\"@id\":\"https:\/\/instalaciondetarimas.com\/madera-maciza-interior\/#\/schema\/person\/080df099c3c04ec9642544e2451b38c2\"},\"headline\":\"Oferta de tarima de ip\u00e9 de interior\",\"datePublished\":\"2016-04-19T11:28:58+00:00\",\"dateModified\":\"2025-03-23T00:50:19+00:00\",\"mainEntityOfPage\":{\"@id\":\"https:\/\/instalaciondetarimas.com\/madera-maciza-interior\/2016\/04\/19\/oferta-de-tarima-de-ipe-de-interior\/\"},\"wordCount\":350,\"commentCount\":1,\"image\":{\"@id\":\"https:\/\/instalaciondetarimas.com\/madera-maciza-interior\/2016\/04\/19\/oferta-de-tarima-de-ipe-de-interior\/#primaryimage\"},\"thumbnailUrl\":\"https:\/\/instalaciondetarimas.com\/enciclopedia-de-la-madera\/wp-content\/uploads\/sites\/13\/2021\/12\/ipe-52.jpg\",\"keywords\":[\"tarima de ip\u00e9 de interior\"],\"articleSection\":[\"MADERA MACIZA\",\"OFERTAS DE TARIMA\"],\"inLanguage\":\"es\",\"potentialAction\":[{\"@type\":\"CommentAction\",\"name\":\"Comment\",\"target\":[\"https:\/\/instalaciondetarimas.com\/madera-maciza-interior\/2016\/04\/19\/oferta-de-tarima-de-ipe-de-interior\/#respond\"]}]},{\"@type\":\"WebPage\",\"@id\":\"https:\/\/instalaciondetarimas.com\/madera-maciza-interior\/2016\/04\/19\/oferta-de-tarima-de-ipe-de-interior\/\",\"url\":\"https:\/\/instalaciondetarimas.com\/madera-maciza-interior\/2016\/04\/19\/oferta-de-tarima-de-ipe-de-interior\/\",\"name\":\"Oferta de tarima de ip\u00e9 de interior\",\"isPartOf\":{\"@id\":\"https:\/\/instalaciondetarimas.com\/madera-maciza-interior\/#website\"},\"primaryImageOfPage\":{\"@id\":\"https:\/\/instalaciondetarimas.com\/madera-maciza-interior\/2016\/04\/19\/oferta-de-tarima-de-ipe-de-interior\/#primaryimage\"},\"image\":{\"@id\":\"https:\/\/instalaciondetarimas.com\/madera-maciza-interior\/2016\/04\/19\/oferta-de-tarima-de-ipe-de-interior\/#primaryimage\"},\"thumbnailUrl\":\"https:\/\/instalaciondetarimas.com\/enciclopedia-de-la-madera\/wp-content\/uploads\/sites\/13\/2021\/12\/ipe-52.jpg\",\"datePublished\":\"2016-04-19T11:28:58+00:00\",\"dateModified\":\"2025-03-23T00:50:19+00:00\",\"author\":{\"@id\":\"https:\/\/instalaciondetarimas.com\/madera-maciza-interior\/#\/schema\/person\/080df099c3c04ec9642544e2451b38c2\"},\"description\":\"Oferta de tarima de ip\u00e9 de interior con 17 mm de espesor, 65 mm de ancho, largos variables hasta 3 m sin barniz incluido y para el interior\",\"breadcrumb\":{\"@id\":\"https:\/\/instalaciondetarimas.com\/madera-maciza-interior\/2016\/04\/19\/oferta-de-tarima-de-ipe-de-interior\/#breadcrumb\"},\"inLanguage\":\"es\",\"potentialAction\":[{\"@type\":\"ReadAction\",\"target\":[\"https:\/\/instalaciondetarimas.com\/madera-maciza-interior\/2016\/04\/19\/oferta-de-tarima-de-ipe-de-interior\/\"]}]},{\"@type\":\"ImageObject\",\"inLanguage\":\"es\",\"@id\":\"https:\/\/instalaciondetarimas.com\/madera-maciza-interior\/2016\/04\/19\/oferta-de-tarima-de-ipe-de-interior\/#primaryimage\",\"url\":\"https:\/\/instalaciondetarimas.com\/enciclopedia-de-la-madera\/wp-content\/uploads\/sites\/13\/2021\/12\/ipe-52.jpg\",\"contentUrl\":\"https:\/\/instalaciondetarimas.com\/enciclopedia-de-la-madera\/wp-content\/uploads\/sites\/13\/2021\/12\/ipe-52.jpg\"},{\"@type\":\"BreadcrumbList\",\"@id\":\"https:\/\/instalaciondetarimas.com\/madera-maciza-interior\/2016\/04\/19\/oferta-de-tarima-de-ipe-de-interior\/#breadcrumb\",\"itemListElement\":[{\"@type\":\"ListItem\",\"position\":1,\"name\":\"Portada\",\"item\":\"https:\/\/instalaciondetarimas.com\/madera-maciza-interior\/\"},{\"@type\":\"ListItem\",\"position\":2,\"name\":\"Oferta de tarima de ip\u00e9 de interior\"}]},{\"@type\":\"WebSite\",\"@id\":\"https:\/\/instalaciondetarimas.com\/madera-maciza-interior\/#website\",\"url\":\"https:\/\/instalaciondetarimas.com\/madera-maciza-interior\/\",\"name\":\"Ofertas de tarima maciza para suelos de interior\",\"description\":\"Ofertas de tarima maciza\",\"potentialAction\":[{\"@type\":\"SearchAction\",\"target\":{\"@type\":\"EntryPoint\",\"urlTemplate\":\"https:\/\/instalaciondetarimas.com\/madera-maciza-interior\/?s={search_term_string}\"},\"query-input\":{\"@type\":\"PropertyValueSpecification\",\"valueRequired\":true,\"valueName\":\"search_term_string\"}}],\"inLanguage\":\"es\"},{\"@type\":\"Person\",\"@id\":\"https:\/\/instalaciondetarimas.com\/madera-maciza-interior\/#\/schema\/person\/080df099c3c04ec9642544e2451b38c2\",\"name\":\"Ribas\",\"image\":{\"@type\":\"ImageObject\",\"inLanguage\":\"es\",\"@id\":\"https:\/\/instalaciondetarimas.com\/madera-maciza-interior\/#\/schema\/person\/image\/\",\"url\":\"https:\/\/secure.gravatar.com\/avatar\/53f051e804b18764c53f9952c629b135af8edb7bb2b61711c5175ce506878789?s=96&d=mm&r=g\",\"contentUrl\":\"https:\/\/secure.gravatar.com\/avatar\/53f051e804b18764c53f9952c629b135af8edb7bb2b61711c5175ce506878789?s=96&d=mm&r=g\",\"caption\":\"Ribas\"},\"url\":\"https:\/\/instalaciondetarimas.com\/madera-maciza-interior\/author\/admin\/\"}]}<\/script>\n<!-- \/ Yoast SEO plugin. -->","yoast_head_json":{"title":"Oferta de tarima de ip\u00e9 de interior","description":"Oferta de tarima de ip\u00e9 de interior con 17 mm de espesor, 65 mm de ancho, largos variables hasta 3 m sin barniz incluido y para el interior","robots":{"index":"index","follow":"follow","max-snippet":"max-snippet:-1","max-image-preview":"max-image-preview:large","max-video-preview":"max-video-preview:-1"},"canonical":"https:\/\/instalaciondetarimas.com\/madera-maciza-interior\/2016\/04\/19\/oferta-de-tarima-de-ipe-de-interior\/","og_locale":"es_ES","og_type":"article","og_title":"Oferta de tarima de ip\u00e9 de interior","og_description":"Oferta de tarima de ip\u00e9 de interior con 17 mm de espesor, 65 mm de ancho, largos variables hasta 3 m sin barniz incluido y para el interior","og_url":"https:\/\/instalaciondetarimas.com\/madera-maciza-interior\/2016\/04\/19\/oferta-de-tarima-de-ipe-de-interior\/","og_site_name":"Ofertas de tarima maciza para suelos de interior","article_published_time":"2016-04-19T11:28:58+00:00","article_modified_time":"2025-03-23T00:50:19+00:00","og_image":[{"url":"https:\/\/instalaciondetarimas.com\/enciclopedia-de-la-madera\/wp-content\/uploads\/sites\/13\/2021\/12\/ipe-52.jpg","type":"","width":"","height":""}],"author":"Ribas","twitter_card":"summary_large_image","twitter_misc":{"Escrito por":"Ribas","Tiempo de lectura":"4 minutos"},"schema":{"@context":"https:\/\/schema.org","@graph":[{"@type":"Article","@id":"https:\/\/instalaciondetarimas.com\/madera-maciza-interior\/2016\/04\/19\/oferta-de-tarima-de-ipe-de-interior\/#article","isPartOf":{"@id":"https:\/\/instalaciondetarimas.com\/madera-maciza-interior\/2016\/04\/19\/oferta-de-tarima-de-ipe-de-interior\/"},"author":{"name":"Ribas","@id":"https:\/\/instalaciondetarimas.com\/madera-maciza-interior\/#\/schema\/person\/080df099c3c04ec9642544e2451b38c2"},"headline":"Oferta de tarima de ip\u00e9 de interior","datePublished":"2016-04-19T11:28:58+00:00","dateModified":"2025-03-23T00:50:19+00:00","mainEntityOfPage":{"@id":"https:\/\/instalaciondetarimas.com\/madera-maciza-interior\/2016\/04\/19\/oferta-de-tarima-de-ipe-de-interior\/"},"wordCount":350,"commentCount":1,"image":{"@id":"https:\/\/instalaciondetarimas.com\/madera-maciza-interior\/2016\/04\/19\/oferta-de-tarima-de-ipe-de-interior\/#primaryimage"},"thumbnailUrl":"https:\/\/instalaciondetarimas.com\/enciclopedia-de-la-madera\/wp-content\/uploads\/sites\/13\/2021\/12\/ipe-52.jpg","keywords":["tarima de ip\u00e9 de interior"],"articleSection":["MADERA MACIZA","OFERTAS DE TARIMA"],"inLanguage":"es","potentialAction":[{"@type":"CommentAction","name":"Comment","target":["https:\/\/instalaciondetarimas.com\/madera-maciza-interior\/2016\/04\/19\/oferta-de-tarima-de-ipe-de-interior\/#respond"]}]},{"@type":"WebPage","@id":"https:\/\/instalaciondetarimas.com\/madera-maciza-interior\/2016\/04\/19\/oferta-de-tarima-de-ipe-de-interior\/","url":"https:\/\/instalaciondetarimas.com\/madera-maciza-interior\/2016\/04\/19\/oferta-de-tarima-de-ipe-de-interior\/","name":"Oferta de tarima de ip\u00e9 de interior","isPartOf":{"@id":"https:\/\/instalaciondetarimas.com\/madera-maciza-interior\/#website"},"primaryImageOfPage":{"@id":"https:\/\/instalaciondetarimas.com\/madera-maciza-interior\/2016\/04\/19\/oferta-de-tarima-de-ipe-de-interior\/#primaryimage"},"image":{"@id":"https:\/\/instalaciondetarimas.com\/madera-maciza-interior\/2016\/04\/19\/oferta-de-tarima-de-ipe-de-interior\/#primaryimage"},"thumbnailUrl":"https:\/\/instalaciondetarimas.com\/enciclopedia-de-la-madera\/wp-content\/uploads\/sites\/13\/2021\/12\/ipe-52.jpg","datePublished":"2016-04-19T11:28:58+00:00","dateModified":"2025-03-23T00:50:19+00:00","author":{"@id":"https:\/\/instalaciondetarimas.com\/madera-maciza-interior\/#\/schema\/person\/080df099c3c04ec9642544e2451b38c2"},"description":"Oferta de tarima de ip\u00e9 de interior con 17 mm de espesor, 65 mm de ancho, largos variables hasta 3 m sin barniz incluido y para el interior","breadcrumb":{"@id":"https:\/\/instalaciondetarimas.com\/madera-maciza-interior\/2016\/04\/19\/oferta-de-tarima-de-ipe-de-interior\/#breadcrumb"},"inLanguage":"es","potentialAction":[{"@type":"ReadAction","target":["https:\/\/instalaciondetarimas.com\/madera-maciza-interior\/2016\/04\/19\/oferta-de-tarima-de-ipe-de-interior\/"]}]},{"@type":"ImageObject","inLanguage":"es","@id":"https:\/\/instalaciondetarimas.com\/madera-maciza-interior\/2016\/04\/19\/oferta-de-tarima-de-ipe-de-interior\/#primaryimage","url":"https:\/\/instalaciondetarimas.com\/enciclopedia-de-la-madera\/wp-content\/uploads\/sites\/13\/2021\/12\/ipe-52.jpg","contentUrl":"https:\/\/instalaciondetarimas.com\/enciclopedia-de-la-madera\/wp-content\/uploads\/sites\/13\/2021\/12\/ipe-52.jpg"},{"@type":"BreadcrumbList","@id":"https:\/\/instalaciondetarimas.com\/madera-maciza-interior\/2016\/04\/19\/oferta-de-tarima-de-ipe-de-interior\/#breadcrumb","itemListElement":[{"@type":"ListItem","position":1,"name":"Portada","item":"https:\/\/instalaciondetarimas.com\/madera-maciza-interior\/"},{"@type":"ListItem","position":2,"name":"Oferta de tarima de ip\u00e9 de interior"}]},{"@type":"WebSite","@id":"https:\/\/instalaciondetarimas.com\/madera-maciza-interior\/#website","url":"https:\/\/instalaciondetarimas.com\/madera-maciza-interior\/","name":"Ofertas de tarima maciza para suelos de interior","description":"Ofertas de tarima maciza","potentialAction":[{"@type":"SearchAction","target":{"@type":"EntryPoint","urlTemplate":"https:\/\/instalaciondetarimas.com\/madera-maciza-interior\/?s={search_term_string}"},"query-input":{"@type":"PropertyValueSpecification","valueRequired":true,"valueName":"search_term_string"}}],"inLanguage":"es"},{"@type":"Person","@id":"https:\/\/instalaciondetarimas.com\/madera-maciza-interior\/#\/schema\/person\/080df099c3c04ec9642544e2451b38c2","name":"Ribas","image":{"@type":"ImageObject","inLanguage":"es","@id":"https:\/\/instalaciondetarimas.com\/madera-maciza-interior\/#\/schema\/person\/image\/","url":"https:\/\/secure.gravatar.com\/avatar\/53f051e804b18764c53f9952c629b135af8edb7bb2b61711c5175ce506878789?s=96&d=mm&r=g","contentUrl":"https:\/\/secure.gravatar.com\/avatar\/53f051e804b18764c53f9952c629b135af8edb7bb2b61711c5175ce506878789?s=96&d=mm&r=g","caption":"Ribas"},"url":"https:\/\/instalaciondetarimas.com\/madera-maciza-interior\/author\/admin\/"}]}},"_links":{"self":[{"href":"https:\/\/instalaciondetarimas.com\/madera-maciza-interior\/wp-json\/wp\/v2\/posts\/713","targetHints":{"allow":["GET"]}}],"collection":[{"href":"https:\/\/instalaciondetarimas.com\/madera-maciza-interior\/wp-json\/wp\/v2\/posts"}],"about":[{"href":"https:\/\/instalaciondetarimas.com\/madera-maciza-interior\/wp-json\/wp\/v2\/types\/post"}],"author":[{"embeddable":true,"href":"https:\/\/instalaciondetarimas.com\/madera-maciza-interior\/wp-json\/wp\/v2\/users\/1"}],"replies":[{"embeddable":true,"href":"https:\/\/instalaciondetarimas.com\/madera-maciza-interior\/wp-json\/wp\/v2\/comments?post=713"}],"version-history":[{"count":3,"href":"https:\/\/instalaciondetarimas.com\/madera-maciza-interior\/wp-json\/wp\/v2\/posts\/713\/revisions"}],"predecessor-version":[{"id":1458,"href":"https:\/\/instalaciondetarimas.com\/madera-maciza-interior\/wp-json\/wp\/v2\/posts\/713\/revisions\/1458"}],"wp:attachment":[{"href":"https:\/\/instalaciondetarimas.com\/madera-maciza-interior\/wp-json\/wp\/v2\/media?parent=713"}],"wp:term":[{"taxonomy":"category","embeddable":true,"href":"https:\/\/instalaciondetarimas.com\/madera-maciza-interior\/wp-json\/wp\/v2\/categories?post=713"},{"taxonomy":"post_tag","embeddable":true,"href":"https:\/\/instalaciondetarimas.com\/madera-maciza-interior\/wp-json\/wp\/v2\/tags?post=713"}],"curies":[{"name":"wp","href":"https:\/\/api.w.org\/{rel}","templated":true}]}}