{"id":566,"date":"2015-12-16T19:09:33","date_gmt":"2015-12-16T18:09:33","guid":{"rendered":"http:\/\/instalaciondetarimas.com\/madera-maciza-interior\/?p=566"},"modified":"2022-07-28T16:33:26","modified_gmt":"2022-07-28T14:33:26","slug":"el-color-de-la-tarima-de-grapia","status":"publish","type":"post","link":"https:\/\/instalaciondetarimas.com\/madera-maciza-interior\/2015\/12\/16\/el-color-de-la-tarima-de-grapia\/","title":{"rendered":"El color de la tarima de grapia"},"content":{"rendered":"<h1 style=\"text-align: center;\"><span style=\"font-size: x-large; font-family: arial,helvetica,sans-serif;\">El color de la tarima de Grapia es claro, el tono m\u00e1s luminoso para una tarima tropical y una madera muy dura.<\/span><\/h1>\n<p><em><span style=\"font-size: x-large; font-family: arial,helvetica,sans-serif;\">El color de la tarima de grapia es un amarillo anaranjado tostado. Es un color vivo, no es recesivo (no lleva tonos grises) por lo cual es muy adecuado para crear ambientes alegres y luminosos. <\/span><\/em><\/p>\n<p><em><span style=\"font-size: medium; font-family: arial,helvetica,sans-serif;\">En general la madera natural suele tener tablas con tonos y luminosidades diversas, por el contrario la grapia mantiene mucha uniformidad en el color (no cambia significativamente de color de una tabla a otra) y en el tono (no suele haber tablas mucho m\u00e1s oscuras)<\/span><\/em><\/p>\n<p style=\"text-align: center;\"><span style=\"font-size: x-large;\"><strong>Madera<\/strong> <strong>\u00a0sin barnizar<\/strong><br \/>\n<\/span><\/p>\n<p style=\"text-align: center;\"><span style=\"font-size: medium; font-family: arial,helvetica,sans-serif;\"><a title=\"Oferta d egrapia\" href=\"https:\/\/shop.instalaciondetarimas.com\/producto\/liquidacion-de-tarima-de-madera-de-grapia\" target=\"_blank\" rel=\"noopener sponsored\"><img loading=\"lazy\" decoding=\"async\" class=\"aligncenter size-full wp-image-6221\" src=\"https:\/\/instalaciondetarimas.com\/wp-content\/uploads\/grapia-64-copy.gif\" alt=\"\" width=\"300\" height=\"300\" \/><\/a>Disponibles 19,71 m2, 7 de julio de 2022\u00a0 <\/span><\/p>\n<p style=\"text-align: center;\"><span style=\"font-size: medium; font-family: arial,helvetica,sans-serif;\">Medidas 90-14- 450-500<\/span><\/p>\n<p>&nbsp;<\/p>\n<div id=\"attachment_1376\" style=\"width: 310px\" class=\"wp-caption aligncenter\"><a href=\"https:\/\/instalaciondetarimas.com\/categoria-producto\/madera-de-grapia-o-garapa\/\" target=\"_blank\" rel=\"noopener sponsored\"><img loading=\"lazy\" decoding=\"async\" aria-describedby=\"caption-attachment-1376\" class=\"size-full wp-image-1376\" src=\"https:\/\/instalaciondetarimas.com\/madera-maciza-interior\/wp-content\/uploads\/sites\/10\/2021\/11\/grapia-64-1.gif\" alt=\"restos de stock de tarima maciza de grapia o garapa\" width=\"300\" height=\"300\" \/><\/a><p id=\"caption-attachment-1376\" class=\"wp-caption-text\">restos de stock de tarima maciza de grapia o garapa<\/p><\/div>\n<p><img loading=\"lazy\" decoding=\"async\" class=\"aligncenter size-full wp-image-1253\" src=\"https:\/\/instalaciondetarimas.com\/madera-maciza-interior\/wp-content\/uploads\/sites\/10\/2015\/12\/tarima-grapia-interior.jpg\" alt=\" el color de la tarima de grapia de interior\" width=\"433\" height=\"700\" srcset=\"https:\/\/instalaciondetarimas.com\/madera-maciza-interior\/wp-content\/uploads\/sites\/10\/2015\/12\/tarima-grapia-interior.jpg 433w, https:\/\/instalaciondetarimas.com\/madera-maciza-interior\/wp-content\/uploads\/sites\/10\/2015\/12\/tarima-grapia-interior-186x300.jpg 186w\" sizes=\"auto, (max-width: 433px) 100vw, 433px\" \/><\/p>\n<p style=\"text-align: center;\">Color de la grapia de interior<\/p>\n<div><a href=\"https:\/\/www.houzz.es\/hznb\/fotos\/raphael-architects-gypsy-hill-phvw-vp~18299460\" target=\"_blank\" rel=\"follow noopener\"><img loading=\"lazy\" decoding=\"async\" class=\"aligncenter\" src=\"https:\/\/st.hzcdn.com\/simgs\/pictures\/kitchens\/raphael-architects-gypsy-hill-linda-mcmanus-images-img~8b8104fe043428d6_8-3014-1-99bd2f9.jpg\" alt=\"\" width=\"500\" height=\"334\" border=\"0\" \/><\/a><\/div>\n<div style=\"color: #444444; text-align: center;\"><small><a style=\"text-decoration: none; color: #444;\" href=\"https:\/\/www.houzz.es\/profesionales\/fotografos\/linda-mcmanus-images-pfvwus-pf~940384735\" target=\"_blank\" rel=\"nofollow noopener sponsored\">Espacio creado por Linda McManus Images<\/a> &#8211; <a style=\"text-decoration: none; color: #444;\" href=\"https:\/\/www.houzz.es\/fotos\/ideas-para-cocinas-phbr0-bp~t_17189\" target=\"_blank\" rel=\"nofollow noopener sponsored\">Insp\u00edrate con ejemplos de cocinas<\/a><\/small><\/div>\n<div>\n<div><a href=\"https:\/\/www.houzz.es\/hznb\/fotos\/raphael-architects-gypsy-hill-phvw-vp~18299425\" target=\"_blank\" rel=\"follow noopener\"><img loading=\"lazy\" decoding=\"async\" class=\"aligncenter\" src=\"https:\/\/st.hzcdn.com\/simgs\/pictures\/entryways\/raphael-architects-gypsy-hill-linda-mcmanus-images-img~1431dc6a043428b9_8-3015-1-7e5e3b5.jpg\" alt=\"\" width=\"500\" height=\"334\" border=\"0\" \/><\/a><\/div>\n<div style=\"color: #444444; text-align: center;\"><small><a style=\"text-decoration: none; color: #444;\" href=\"https:\/\/www.houzz.es\/profesionales\/fotografos\/linda-mcmanus-images-pfvwus-pf~940384735\" target=\"_blank\" rel=\"nofollow noopener sponsored\">Espacio creado por Linda McManus Images<\/a> &#8211; <a style=\"text-decoration: none; color: #444;\" href=\"https:\/\/www.houzz.es\/fotos\/fotos-de-entradas-phbr0-bp~t_17687\" target=\"_blank\" rel=\"nofollow noopener sponsored\">Insp\u00edrate con dise\u00f1os de entradas<\/a><\/small><\/div>\n<p>&nbsp;<\/p>\n<div><a href=\"https:\/\/www.houzz.es\/hznb\/fotos\/raphael-architects-gypsy-hill-phvw-vp~18299472\" target=\"_blank\" rel=\"follow noopener\"><img loading=\"lazy\" decoding=\"async\" class=\"aligncenter\" src=\"https:\/\/st.hzcdn.com\/simgs\/pictures\/kitchens\/raphael-architects-gypsy-hill-linda-mcmanus-images-img~bdd139cb043428e1_8-3014-1-f0a5d51.jpg\" alt=\"\" width=\"500\" height=\"332\" border=\"0\" \/><\/a><\/div>\n<div style=\"color: #444444; text-align: center;\"><small><a style=\"text-decoration: none; color: #444;\" href=\"https:\/\/www.houzz.es\/profesionales\/fotografos\/linda-mcmanus-images-pfvwus-pf~940384735\" target=\"_blank\" rel=\"nofollow noopener sponsored\">Espacio creado por Linda McManus Images<\/a> &#8211; <a style=\"text-decoration: none; color: #444;\" href=\"https:\/\/www.houzz.es\/fotos\/ideas-para-cocinas-phbr0-bp~t_17189\" target=\"_blank\" rel=\"nofollow noopener sponsored\">Insp\u00edrate con dise\u00f1os de cocinas<\/a><\/small><\/div>\n<\/div>\n<p>&nbsp;<\/p>\n<h2><span style=\"font-size: x-large; font-family: arial,helvetica,sans-serif;\">Comparativa de el color de la tarima de grapia sin barnizar con otras maderas:<\/span><\/h2>\n<div id=\"attachment_87\" style=\"width: 910px\" class=\"wp-caption aligncenter\"><a href=\"https:\/\/instalaciondetarimas.com\/madera-maciza-interior\/2015\/12\/06\/oferta-de-tarima-maciza-de-grapia-o-teca-dorada\/\" target=\"_blank\" rel=\"noopener\"><img loading=\"lazy\" decoding=\"async\" aria-describedby=\"caption-attachment-87\" class=\"size-full wp-image-87\" src=\"https:\/\/instalaciondetarimas.com\/tarima-exterior\/wp-content\/uploads\/sites\/11\/2015\/12\/comparativa-color-tarima.jpg\" alt=\"comparativa de color de la tarima de grapia con elondo, cuar\u00fa amarilllo y roble\" width=\"900\" height=\"675\" \/><\/a><p id=\"caption-attachment-87\" class=\"wp-caption-text\"><span style=\"font-size: medium; font-family: arial,helvetica,sans-serif;\">Comparativa de color de la tarima de grapia con elondo, cumar\u00fa amarillo y roble. La Grapia tiene una luminosidad similar al roble pero su tono tiende m\u00e1s hac\u00eda el amarillo que hacia el blanco grisaceo del Roble. La ventaja de la grapia respecto en el <a href=\"https:\/\/es.wikipedia.org\/wiki\/Entarimado\" target=\"_blank\" rel=\"nofollow noopener\">entarimado <\/a><span style=\"font-size: medium; font-family: arial,helvetica,sans-serif;\">al Roble es que la primera es muy dura y el roble no es duro, sino semiblando. En la foto el color de la tarima de grapia es m\u00e1s claro porque no se le ha aplicado un barniz, como al Cumar\u00fa Amarillo, si el barniz es incoloro no tiene porque oscurecer.<\/span><\/span><\/p><\/div>\n<p>&nbsp;<\/p>\n<div id=\"attachment_570\" style=\"width: 910px\" class=\"wp-caption aligncenter\"><a href=\"https:\/\/instalaciondetarimas.com\/madera-maciza-interior\/2015\/12\/06\/oferta-de-tarima-maciza-de-grapia-o-teca-dorada\/\" target=\"_blank\" rel=\"noopener\"><img loading=\"lazy\" decoding=\"async\" aria-describedby=\"caption-attachment-570\" class=\"size-full wp-image-570\" src=\"https:\/\/instalaciondetarimas.com\/madera-maciza-interior\/wp-content\/uploads\/sites\/10\/2015\/12\/espesor-tarima-grapia.jpg\" alt=\"El color de la tarima de Grapia se aclara con el sol y se oscurece con la luz tamizada, la que pasa entre las cortinas. esto pasa con muchas maderas. En el caso de el color de la tarima de grapia la luz del sol directa rebaja la intensidad de color y la aclara; por el contrario la oxidaci\u00f3n de la luz que no es directa la oscurece, pero no de un modo notable, sino a lo largo del tiempo\" width=\"900\" height=\"444\" srcset=\"https:\/\/instalaciondetarimas.com\/madera-maciza-interior\/wp-content\/uploads\/sites\/10\/2015\/12\/espesor-tarima-grapia.jpg 900w, https:\/\/instalaciondetarimas.com\/madera-maciza-interior\/wp-content\/uploads\/sites\/10\/2015\/12\/espesor-tarima-grapia-300x148.jpg 300w\" sizes=\"auto, (max-width: 900px) 100vw, 900px\" \/><\/a><p id=\"caption-attachment-570\" class=\"wp-caption-text\"><span style=\"font-size: medium; font-family: arial,helvetica,sans-serif;\">El color de la tarima de Grapia se aclara con el sol y se oscurece con la luz tamizada, la que pasa entre las cortinas. esto pasa con muchas maderas. En el caso de el color de la tarima de grapia la luz del sol directa rebaja la intensidad de color y la aclara; por el contrario la oxidaci\u00f3n de la luz que no es directa la oscurece, pero no de un modo notable, sino a lo largo del tiempo<\/span><\/p><\/div>\n<p><img loading=\"lazy\" decoding=\"async\" class=\"aligncenter size-full wp-image-1254\" src=\"https:\/\/instalaciondetarimas.com\/madera-maciza-interior\/wp-content\/uploads\/sites\/10\/2015\/12\/grapia-color-teca.jpg\" alt=\"el color de la tarima de grapia de exterior\" width=\"800\" height=\"415\" srcset=\"https:\/\/instalaciondetarimas.com\/madera-maciza-interior\/wp-content\/uploads\/sites\/10\/2015\/12\/grapia-color-teca.jpg 800w, https:\/\/instalaciondetarimas.com\/madera-maciza-interior\/wp-content\/uploads\/sites\/10\/2015\/12\/grapia-color-teca-300x156.jpg 300w, https:\/\/instalaciondetarimas.com\/madera-maciza-interior\/wp-content\/uploads\/sites\/10\/2015\/12\/grapia-color-teca-768x398.jpg 768w\" sizes=\"auto, (max-width: 800px) 100vw, 800px\" \/><\/p>\n<p><span style=\"font-size: medium; font-family: arial,helvetica,sans-serif;\">Puedes ver en este enlace m\u00e1s detalles t\u00e9cnicos de la <a href=\"https:\/\/instalaciondetarimas.com\/madera-maciza-interior\/2015\/12\/06\/oferta-de-tarima-maciza-de-grapia-o-teca-dorada\/\" target=\"_blank\" rel=\"noopener\">oferta-liquidaci\u00f3n de la tarima de grapia<\/a>, medidas de la tarima, espesor y longitud, etc. Todas nuestras tarimas tiene <a href=\"https:\/\/es.fsc.org\/es-es\/certificacin\" target=\"_blank\" rel=\"noopener\">certificaci\u00f3n FSC<\/a>, que indica que provienen de bosques sostenibles o bosques de cultivo, donde se cuida la biodiversidad. <\/span><\/p>\n<p><span style=\"font-size: x-large; font-family: arial,helvetica,sans-serif;\">Visita nuestra tienda online de tarima maciza con precios rebajados por restos de stock de f\u00e1brica<\/span><\/p>\n<p><a href=\"https:\/\/instalaciondetarimas.com\/categoria-producto\/tienda-online-de-tarima-maciza-y-productos-para-la-madera\/\" target=\"_blank\" rel=\"noopener sponsored\"><img loading=\"lazy\" decoding=\"async\" class=\"aligncenter size-full wp-image-1343\" src=\"https:\/\/instalaciondetarimas.com\/madera-maciza-interior\/wp-content\/uploads\/sites\/10\/2015\/11\/TIENDA-copy-400x400.png\" alt=\"\" width=\"400\" height=\"400\" srcset=\"https:\/\/instalaciondetarimas.com\/madera-maciza-interior\/wp-content\/uploads\/sites\/10\/2015\/11\/TIENDA-copy-400x400.png 400w, https:\/\/instalaciondetarimas.com\/madera-maciza-interior\/wp-content\/uploads\/sites\/10\/2015\/11\/TIENDA-copy-400x400-300x300.png 300w, https:\/\/instalaciondetarimas.com\/madera-maciza-interior\/wp-content\/uploads\/sites\/10\/2015\/11\/TIENDA-copy-400x400-150x150.png 150w, https:\/\/instalaciondetarimas.com\/madera-maciza-interior\/wp-content\/uploads\/sites\/10\/2015\/11\/TIENDA-copy-400x400-80x80.png 80w, https:\/\/instalaciondetarimas.com\/madera-maciza-interior\/wp-content\/uploads\/sites\/10\/2015\/11\/TIENDA-copy-400x400-266x266.png 266w, https:\/\/instalaciondetarimas.com\/madera-maciza-interior\/wp-content\/uploads\/sites\/10\/2015\/11\/TIENDA-copy-400x400-184x184.png 184w\" sizes=\"auto, (max-width: 400px) 100vw, 400px\" \/><\/a><\/p>\n<p><span style=\"font-size: x-large; font-family: arial,helvetica,sans-serif;\">| Venta directa en Espa\u00f1a y cualquier parte de Europa | <strong>636 52 04 08<\/strong> | 91 890 51 61 | <a title=\"mailto:tarima@instalaciondetarimas.com?subject=\" href=\"mailto:tarima@instalaciondetarimas.com?subject=\">tarima@instalaciondetarimas.com<\/a> | Especialistas en instalaci\u00f3n en tarimas de exterior y tarima de madera maciza interior | El color de la tarima de grapia |<br \/>\n<\/span><\/p>\n<!--CusAds0-->\n<div style=\"font-size: 0px; height: 0px; line-height: 0px; margin: 0; padding: 0; clear: both;\"><\/div>","protected":false},"excerpt":{"rendered":"<p>El color de la tarima de Grapia es claro, el tono m\u00e1s luminoso para una tarima tropical y una madera muy dura. El color de la tarima de grapia es un amarillo anaranjado tostado. Es un color vivo, no es recesivo (no lleva tonos grises) por lo cual es muy adecuado para crear ambientes alegres [&hellip;]<\/p>\n","protected":false},"author":1,"featured_media":0,"comment_status":"open","ping_status":"open","sticky":false,"template":"","format":"standard","meta":{"footnotes":""},"categories":[6,7],"tags":[34],"class_list":["post-566","post","type-post","status-publish","format-standard","hentry","category-madera-maciza","category-tarima-maciza","tag-el-color-de-la-tarima-de-grapia"],"yoast_head":"<!-- This site is optimized with the Yoast SEO plugin v27.1.1 - https:\/\/yoast.com\/product\/yoast-seo-wordpress\/ -->\n<title>el color de la tarima de grapia en OFERTA a 28,95\u20ac m2<\/title>\n<meta name=\"description\" content=\"El color de la tarima de Grapia es claro, el tono m\u00e1s luminoso para una tarima tropical, es una madera muy dura, ahora en LIQUIDACI\u00d3N por sobrante de Stock\" \/>\n<meta name=\"robots\" content=\"index, follow, max-snippet:-1, max-image-preview:large, max-video-preview:-1\" \/>\n<link rel=\"canonical\" href=\"https:\/\/instalaciondetarimas.com\/madera-maciza-interior\/2015\/12\/16\/el-color-de-la-tarima-de-grapia\/\" \/>\n<meta property=\"og:locale\" content=\"es_ES\" \/>\n<meta property=\"og:type\" content=\"article\" \/>\n<meta property=\"og:title\" content=\"el color de la tarima de grapia en OFERTA a 28,95\u20ac m2\" \/>\n<meta property=\"og:description\" content=\"El color de la tarima de Grapia es claro, el tono m\u00e1s luminoso para una tarima tropical, es una madera muy dura, ahora en LIQUIDACI\u00d3N por sobrante de Stock\" \/>\n<meta property=\"og:url\" content=\"https:\/\/instalaciondetarimas.com\/madera-maciza-interior\/2015\/12\/16\/el-color-de-la-tarima-de-grapia\/\" \/>\n<meta property=\"og:site_name\" content=\"Ofertas de tarima maciza para suelos de interior\" \/>\n<meta property=\"article:published_time\" content=\"2015-12-16T18:09:33+00:00\" \/>\n<meta property=\"article:modified_time\" content=\"2022-07-28T14:33:26+00:00\" \/>\n<meta property=\"og:image\" content=\"https:\/\/instalaciondetarimas.com\/wp-content\/uploads\/grapia-64-copy.gif\" \/>\n<meta name=\"author\" content=\"Ribas\" \/>\n<meta name=\"twitter:card\" content=\"summary_large_image\" \/>\n<meta name=\"twitter:label1\" content=\"Escrito por\" \/>\n\t<meta name=\"twitter:data1\" content=\"Ribas\" \/>\n\t<meta name=\"twitter:label2\" content=\"Tiempo de lectura\" \/>\n\t<meta name=\"twitter:data2\" content=\"5 minutos\" \/>\n<script type=\"application\/ld+json\" class=\"yoast-schema-graph\">{\"@context\":\"https:\/\/schema.org\",\"@graph\":[{\"@type\":\"Article\",\"@id\":\"https:\/\/instalaciondetarimas.com\/madera-maciza-interior\/2015\/12\/16\/el-color-de-la-tarima-de-grapia\/#article\",\"isPartOf\":{\"@id\":\"https:\/\/instalaciondetarimas.com\/madera-maciza-interior\/2015\/12\/16\/el-color-de-la-tarima-de-grapia\/\"},\"author\":{\"name\":\"Ribas\",\"@id\":\"https:\/\/instalaciondetarimas.com\/madera-maciza-interior\/#\/schema\/person\/080df099c3c04ec9642544e2451b38c2\"},\"headline\":\"El color de la tarima de grapia\",\"datePublished\":\"2015-12-16T18:09:33+00:00\",\"dateModified\":\"2022-07-28T14:33:26+00:00\",\"mainEntityOfPage\":{\"@id\":\"https:\/\/instalaciondetarimas.com\/madera-maciza-interior\/2015\/12\/16\/el-color-de-la-tarima-de-grapia\/\"},\"wordCount\":501,\"commentCount\":5,\"image\":{\"@id\":\"https:\/\/instalaciondetarimas.com\/madera-maciza-interior\/2015\/12\/16\/el-color-de-la-tarima-de-grapia\/#primaryimage\"},\"thumbnailUrl\":\"https:\/\/instalaciondetarimas.com\/wp-content\/uploads\/grapia-64-copy.gif\",\"keywords\":[\"el color de la tarima de grapia\"],\"articleSection\":[\"MADERA MACIZA\",\"TARIMA MACIZA\"],\"inLanguage\":\"es\",\"potentialAction\":[{\"@type\":\"CommentAction\",\"name\":\"Comment\",\"target\":[\"https:\/\/instalaciondetarimas.com\/madera-maciza-interior\/2015\/12\/16\/el-color-de-la-tarima-de-grapia\/#respond\"]}]},{\"@type\":\"WebPage\",\"@id\":\"https:\/\/instalaciondetarimas.com\/madera-maciza-interior\/2015\/12\/16\/el-color-de-la-tarima-de-grapia\/\",\"url\":\"https:\/\/instalaciondetarimas.com\/madera-maciza-interior\/2015\/12\/16\/el-color-de-la-tarima-de-grapia\/\",\"name\":\"el color de la tarima de grapia en OFERTA a 28,95\u20ac m2\",\"isPartOf\":{\"@id\":\"https:\/\/instalaciondetarimas.com\/madera-maciza-interior\/#website\"},\"primaryImageOfPage\":{\"@id\":\"https:\/\/instalaciondetarimas.com\/madera-maciza-interior\/2015\/12\/16\/el-color-de-la-tarima-de-grapia\/#primaryimage\"},\"image\":{\"@id\":\"https:\/\/instalaciondetarimas.com\/madera-maciza-interior\/2015\/12\/16\/el-color-de-la-tarima-de-grapia\/#primaryimage\"},\"thumbnailUrl\":\"https:\/\/instalaciondetarimas.com\/wp-content\/uploads\/grapia-64-copy.gif\",\"datePublished\":\"2015-12-16T18:09:33+00:00\",\"dateModified\":\"2022-07-28T14:33:26+00:00\",\"author\":{\"@id\":\"https:\/\/instalaciondetarimas.com\/madera-maciza-interior\/#\/schema\/person\/080df099c3c04ec9642544e2451b38c2\"},\"description\":\"El color de la tarima de Grapia es claro, el tono m\u00e1s luminoso para una tarima tropical, es una madera muy dura, ahora en LIQUIDACI\u00d3N por sobrante de Stock\",\"breadcrumb\":{\"@id\":\"https:\/\/instalaciondetarimas.com\/madera-maciza-interior\/2015\/12\/16\/el-color-de-la-tarima-de-grapia\/#breadcrumb\"},\"inLanguage\":\"es\",\"potentialAction\":[{\"@type\":\"ReadAction\",\"target\":[\"https:\/\/instalaciondetarimas.com\/madera-maciza-interior\/2015\/12\/16\/el-color-de-la-tarima-de-grapia\/\"]}]},{\"@type\":\"ImageObject\",\"inLanguage\":\"es\",\"@id\":\"https:\/\/instalaciondetarimas.com\/madera-maciza-interior\/2015\/12\/16\/el-color-de-la-tarima-de-grapia\/#primaryimage\",\"url\":\"https:\/\/instalaciondetarimas.com\/wp-content\/uploads\/grapia-64-copy.gif\",\"contentUrl\":\"https:\/\/instalaciondetarimas.com\/wp-content\/uploads\/grapia-64-copy.gif\"},{\"@type\":\"BreadcrumbList\",\"@id\":\"https:\/\/instalaciondetarimas.com\/madera-maciza-interior\/2015\/12\/16\/el-color-de-la-tarima-de-grapia\/#breadcrumb\",\"itemListElement\":[{\"@type\":\"ListItem\",\"position\":1,\"name\":\"Portada\",\"item\":\"https:\/\/instalaciondetarimas.com\/madera-maciza-interior\/\"},{\"@type\":\"ListItem\",\"position\":2,\"name\":\"El color de la tarima de grapia\"}]},{\"@type\":\"WebSite\",\"@id\":\"https:\/\/instalaciondetarimas.com\/madera-maciza-interior\/#website\",\"url\":\"https:\/\/instalaciondetarimas.com\/madera-maciza-interior\/\",\"name\":\"Ofertas de tarima maciza para suelos de interior\",\"description\":\"Ofertas de tarima maciza\",\"potentialAction\":[{\"@type\":\"SearchAction\",\"target\":{\"@type\":\"EntryPoint\",\"urlTemplate\":\"https:\/\/instalaciondetarimas.com\/madera-maciza-interior\/?s={search_term_string}\"},\"query-input\":{\"@type\":\"PropertyValueSpecification\",\"valueRequired\":true,\"valueName\":\"search_term_string\"}}],\"inLanguage\":\"es\"},{\"@type\":\"Person\",\"@id\":\"https:\/\/instalaciondetarimas.com\/madera-maciza-interior\/#\/schema\/person\/080df099c3c04ec9642544e2451b38c2\",\"name\":\"Ribas\",\"image\":{\"@type\":\"ImageObject\",\"inLanguage\":\"es\",\"@id\":\"https:\/\/instalaciondetarimas.com\/madera-maciza-interior\/#\/schema\/person\/image\/\",\"url\":\"https:\/\/secure.gravatar.com\/avatar\/53f051e804b18764c53f9952c629b135af8edb7bb2b61711c5175ce506878789?s=96&d=mm&r=g\",\"contentUrl\":\"https:\/\/secure.gravatar.com\/avatar\/53f051e804b18764c53f9952c629b135af8edb7bb2b61711c5175ce506878789?s=96&d=mm&r=g\",\"caption\":\"Ribas\"},\"url\":\"https:\/\/instalaciondetarimas.com\/madera-maciza-interior\/author\/admin\/\"}]}<\/script>\n<!-- \/ Yoast SEO plugin. -->","yoast_head_json":{"title":"el color de la tarima de grapia en OFERTA a 28,95\u20ac m2","description":"El color de la tarima de Grapia es claro, el tono m\u00e1s luminoso para una tarima tropical, es una madera muy dura, ahora en LIQUIDACI\u00d3N por sobrante de Stock","robots":{"index":"index","follow":"follow","max-snippet":"max-snippet:-1","max-image-preview":"max-image-preview:large","max-video-preview":"max-video-preview:-1"},"canonical":"https:\/\/instalaciondetarimas.com\/madera-maciza-interior\/2015\/12\/16\/el-color-de-la-tarima-de-grapia\/","og_locale":"es_ES","og_type":"article","og_title":"el color de la tarima de grapia en OFERTA a 28,95\u20ac m2","og_description":"El color de la tarima de Grapia es claro, el tono m\u00e1s luminoso para una tarima tropical, es una madera muy dura, ahora en LIQUIDACI\u00d3N por sobrante de Stock","og_url":"https:\/\/instalaciondetarimas.com\/madera-maciza-interior\/2015\/12\/16\/el-color-de-la-tarima-de-grapia\/","og_site_name":"Ofertas de tarima maciza para suelos de interior","article_published_time":"2015-12-16T18:09:33+00:00","article_modified_time":"2022-07-28T14:33:26+00:00","og_image":[{"url":"https:\/\/instalaciondetarimas.com\/wp-content\/uploads\/grapia-64-copy.gif","type":"","width":"","height":""}],"author":"Ribas","twitter_card":"summary_large_image","twitter_misc":{"Escrito por":"Ribas","Tiempo de lectura":"5 minutos"},"schema":{"@context":"https:\/\/schema.org","@graph":[{"@type":"Article","@id":"https:\/\/instalaciondetarimas.com\/madera-maciza-interior\/2015\/12\/16\/el-color-de-la-tarima-de-grapia\/#article","isPartOf":{"@id":"https:\/\/instalaciondetarimas.com\/madera-maciza-interior\/2015\/12\/16\/el-color-de-la-tarima-de-grapia\/"},"author":{"name":"Ribas","@id":"https:\/\/instalaciondetarimas.com\/madera-maciza-interior\/#\/schema\/person\/080df099c3c04ec9642544e2451b38c2"},"headline":"El color de la tarima de grapia","datePublished":"2015-12-16T18:09:33+00:00","dateModified":"2022-07-28T14:33:26+00:00","mainEntityOfPage":{"@id":"https:\/\/instalaciondetarimas.com\/madera-maciza-interior\/2015\/12\/16\/el-color-de-la-tarima-de-grapia\/"},"wordCount":501,"commentCount":5,"image":{"@id":"https:\/\/instalaciondetarimas.com\/madera-maciza-interior\/2015\/12\/16\/el-color-de-la-tarima-de-grapia\/#primaryimage"},"thumbnailUrl":"https:\/\/instalaciondetarimas.com\/wp-content\/uploads\/grapia-64-copy.gif","keywords":["el color de la tarima de grapia"],"articleSection":["MADERA MACIZA","TARIMA MACIZA"],"inLanguage":"es","potentialAction":[{"@type":"CommentAction","name":"Comment","target":["https:\/\/instalaciondetarimas.com\/madera-maciza-interior\/2015\/12\/16\/el-color-de-la-tarima-de-grapia\/#respond"]}]},{"@type":"WebPage","@id":"https:\/\/instalaciondetarimas.com\/madera-maciza-interior\/2015\/12\/16\/el-color-de-la-tarima-de-grapia\/","url":"https:\/\/instalaciondetarimas.com\/madera-maciza-interior\/2015\/12\/16\/el-color-de-la-tarima-de-grapia\/","name":"el color de la tarima de grapia en OFERTA a 28,95\u20ac m2","isPartOf":{"@id":"https:\/\/instalaciondetarimas.com\/madera-maciza-interior\/#website"},"primaryImageOfPage":{"@id":"https:\/\/instalaciondetarimas.com\/madera-maciza-interior\/2015\/12\/16\/el-color-de-la-tarima-de-grapia\/#primaryimage"},"image":{"@id":"https:\/\/instalaciondetarimas.com\/madera-maciza-interior\/2015\/12\/16\/el-color-de-la-tarima-de-grapia\/#primaryimage"},"thumbnailUrl":"https:\/\/instalaciondetarimas.com\/wp-content\/uploads\/grapia-64-copy.gif","datePublished":"2015-12-16T18:09:33+00:00","dateModified":"2022-07-28T14:33:26+00:00","author":{"@id":"https:\/\/instalaciondetarimas.com\/madera-maciza-interior\/#\/schema\/person\/080df099c3c04ec9642544e2451b38c2"},"description":"El color de la tarima de Grapia es claro, el tono m\u00e1s luminoso para una tarima tropical, es una madera muy dura, ahora en LIQUIDACI\u00d3N por sobrante de Stock","breadcrumb":{"@id":"https:\/\/instalaciondetarimas.com\/madera-maciza-interior\/2015\/12\/16\/el-color-de-la-tarima-de-grapia\/#breadcrumb"},"inLanguage":"es","potentialAction":[{"@type":"ReadAction","target":["https:\/\/instalaciondetarimas.com\/madera-maciza-interior\/2015\/12\/16\/el-color-de-la-tarima-de-grapia\/"]}]},{"@type":"ImageObject","inLanguage":"es","@id":"https:\/\/instalaciondetarimas.com\/madera-maciza-interior\/2015\/12\/16\/el-color-de-la-tarima-de-grapia\/#primaryimage","url":"https:\/\/instalaciondetarimas.com\/wp-content\/uploads\/grapia-64-copy.gif","contentUrl":"https:\/\/instalaciondetarimas.com\/wp-content\/uploads\/grapia-64-copy.gif"},{"@type":"BreadcrumbList","@id":"https:\/\/instalaciondetarimas.com\/madera-maciza-interior\/2015\/12\/16\/el-color-de-la-tarima-de-grapia\/#breadcrumb","itemListElement":[{"@type":"ListItem","position":1,"name":"Portada","item":"https:\/\/instalaciondetarimas.com\/madera-maciza-interior\/"},{"@type":"ListItem","position":2,"name":"El color de la tarima de grapia"}]},{"@type":"WebSite","@id":"https:\/\/instalaciondetarimas.com\/madera-maciza-interior\/#website","url":"https:\/\/instalaciondetarimas.com\/madera-maciza-interior\/","name":"Ofertas de tarima maciza para suelos de interior","description":"Ofertas de tarima maciza","potentialAction":[{"@type":"SearchAction","target":{"@type":"EntryPoint","urlTemplate":"https:\/\/instalaciondetarimas.com\/madera-maciza-interior\/?s={search_term_string}"},"query-input":{"@type":"PropertyValueSpecification","valueRequired":true,"valueName":"search_term_string"}}],"inLanguage":"es"},{"@type":"Person","@id":"https:\/\/instalaciondetarimas.com\/madera-maciza-interior\/#\/schema\/person\/080df099c3c04ec9642544e2451b38c2","name":"Ribas","image":{"@type":"ImageObject","inLanguage":"es","@id":"https:\/\/instalaciondetarimas.com\/madera-maciza-interior\/#\/schema\/person\/image\/","url":"https:\/\/secure.gravatar.com\/avatar\/53f051e804b18764c53f9952c629b135af8edb7bb2b61711c5175ce506878789?s=96&d=mm&r=g","contentUrl":"https:\/\/secure.gravatar.com\/avatar\/53f051e804b18764c53f9952c629b135af8edb7bb2b61711c5175ce506878789?s=96&d=mm&r=g","caption":"Ribas"},"url":"https:\/\/instalaciondetarimas.com\/madera-maciza-interior\/author\/admin\/"}]}},"_links":{"self":[{"href":"https:\/\/instalaciondetarimas.com\/madera-maciza-interior\/wp-json\/wp\/v2\/posts\/566","targetHints":{"allow":["GET"]}}],"collection":[{"href":"https:\/\/instalaciondetarimas.com\/madera-maciza-interior\/wp-json\/wp\/v2\/posts"}],"about":[{"href":"https:\/\/instalaciondetarimas.com\/madera-maciza-interior\/wp-json\/wp\/v2\/types\/post"}],"author":[{"embeddable":true,"href":"https:\/\/instalaciondetarimas.com\/madera-maciza-interior\/wp-json\/wp\/v2\/users\/1"}],"replies":[{"embeddable":true,"href":"https:\/\/instalaciondetarimas.com\/madera-maciza-interior\/wp-json\/wp\/v2\/comments?post=566"}],"version-history":[{"count":6,"href":"https:\/\/instalaciondetarimas.com\/madera-maciza-interior\/wp-json\/wp\/v2\/posts\/566\/revisions"}],"predecessor-version":[{"id":1252,"href":"https:\/\/instalaciondetarimas.com\/madera-maciza-interior\/wp-json\/wp\/v2\/posts\/566\/revisions\/1252"}],"wp:attachment":[{"href":"https:\/\/instalaciondetarimas.com\/madera-maciza-interior\/wp-json\/wp\/v2\/media?parent=566"}],"wp:term":[{"taxonomy":"category","embeddable":true,"href":"https:\/\/instalaciondetarimas.com\/madera-maciza-interior\/wp-json\/wp\/v2\/categories?post=566"},{"taxonomy":"post_tag","embeddable":true,"href":"https:\/\/instalaciondetarimas.com\/madera-maciza-interior\/wp-json\/wp\/v2\/tags?post=566"}],"curies":[{"name":"wp","href":"https:\/\/api.w.org\/{rel}","templated":true}]}}