{"id":447,"date":"2015-12-02T00:24:51","date_gmt":"2015-12-01T23:24:51","guid":{"rendered":"http:\/\/instalaciondetarimas.com\/madera-maciza-interior\/?p=447"},"modified":"2026-04-11T15:26:52","modified_gmt":"2026-04-11T13:26:52","slug":"oferta-de-elondo-como-tarima-de-interior","status":"publish","type":"post","link":"https:\/\/instalaciondetarimas.com\/madera-maciza-interior\/2015\/12\/02\/oferta-de-elondo-como-tarima-de-interior\/","title":{"rendered":"Nueva oferta de elondo como tarima de interior"},"content":{"rendered":"<h1 style=\"text-align: center;\"><span style=\"font-size: x-large; font-family: arial,helvetica,sans-serif;\"><span style=\"color: #ff0000;\">Consultar ofertas: 636 52 04 08 \/\/ 91 890 51 61<\/span><\/span><\/h1>\n<h1 style=\"text-align: center;\"><a title=\"Ofertas de elondo\" href=\"https:\/\/shop.instalaciondetarimas.com\/categoria-producto\/madera-de-elondo-interior\/\" target=\"_blank\" rel=\"noopener sponsored\"><img loading=\"lazy\" decoding=\"async\" class=\"aligncenter size-full wp-image-333\" src=\"https:\/\/instalaciondetarimas.com\/enciclopedia-de-la-madera\/wp-content\/uploads\/sites\/13\/2021\/12\/elondo-45.gif\" alt=\"\" width=\"300\" height=\"300\" \/><\/a><\/h1>\n<p>Caracter\u00edsticas de la <a title=\"oferta de elondo\" href=\"https:\/\/shop.instalaciondetarimas.com\/categoria-producto\/madera-de-elondo-interior\/\" target=\"_blank\" rel=\"noopener sponsored\">venta de elondo<\/a>. Esta tarima de madera maciza es multicolor, con el tiempo el color de las tablas se va igualando hac\u00eda un tono anaranjado rojizo. En esta oferta no se han clasificado las tablas por color, de modo que es multicolor, como es natural. Se trata de una tarima para clavar sobre rastrel debido\u00a0 sus longitudes superiores a los 1,6 metros.<\/p>\n<p>Medidas de las oferta:<\/p>\n<ul>\n<li>70 mm de ancho de lama.<\/li>\n<li>17 mm de espesor o de grosor<\/li>\n<li>Longitudes entre 500 y 2.000 mm para pedidos inferiores a los 25 m2. Para pedidos superiores a los 25 m2 las longitudes largas pueden llegar a los 3.000 mm<\/li>\n<\/ul>\n<p>Calidad de fabricaci\u00f3n:<\/p>\n<ul>\n<li>Certificados AENOR<\/li>\n<li>Certificados IQNET<\/li>\n<li>Certificados FSC<\/li>\n<\/ul>\n<h2 style=\"text-align: center;\"><span style=\"font-size: x-large; font-family: arial,helvetica,sans-serif;\">Nueva oferta de Elondo para pegar en el suelo,\u00a0<span style=\"color: #ff0000;\">Consultar ofertas: 636 52 04 08<\/span>, IVA y transporte no incluido. Oferta de tarima de Elondo para suelos de interior hasta fin de existencias<br \/>\n<\/span><\/h2>\n<p><span style=\"font-size: medium; font-family: arial,helvetica,sans-serif;\">La madera de elondo\u00a0, tambi\u00e9n llamada tali, comprende varias especies bot\u00e1nicas de madera, las dos principales son la <em><a href=\"https:\/\/es.wikipedia.org\/wiki\/Erythrophleum\" target=\"_blank\" rel=\"nofollow noopener\">Erythrophleum<\/a> ivorense A. Chev. <\/em>y la especie bot\u00e1nica<em> Syn- suaveolens Syn, <\/em>pr\u00e1cticamente no se distingue.<\/span><\/p>\n<p><span style=\"font-size: medium; font-family: arial,helvetica,sans-serif;\">Esta madera, por dureza y resistencia a las plagas, es una de las mejores maderas del mundo con uso comercial, en ciertos aspectos superior al Ip\u00e9 del Brasil. <\/span><\/p>\n<p><span style=\"font-size: medium; font-family: arial,helvetica,sans-serif;\">Sin duda esta oferta de elondo es una gran oportunidad, es una liquidaci\u00f3n de stock hasta fin de existencias.\u00a0<\/span><\/p>\n<p><span style=\"font-size: medium; font-family: arial,helvetica,sans-serif;\">Esta liquidaci\u00f3n de Elondo es una tarima sin barnizar para suelos de interior. Es una de las mejores maderas para el interior o el exterior debido a su extraordinaria dureza, que permite usos muy intensivos sin desgaste alguno. <\/span><\/p>\n<h2><span style=\"font-size: medium; font-family: arial,helvetica,sans-serif;\">Caracter\u00edsticas de la oferta de Elondo <\/span><\/h2>\n<ul>\n<li><span style=\"font-size: medium; font-family: arial,helvetica,sans-serif;\">Sin barnizar <\/span><\/li>\n<li><span style=\"font-size: medium; font-family: arial,helvetica,sans-serif;\">No se incluyen los rastreles, ni ning\u00fan tipo de accesorio.<br \/>\n<\/span><\/li>\n<li><span style=\"font-size: medium; font-family: arial,helvetica,sans-serif;\">\u00a0la madera no est\u00e1 seleccionada, de un mismo \u00e1rbol pueden salir tablas con colores diferentes y poco uniformes. Cosa que m\u00e1s que restar algo a la oferta de elondo a\u00f1ade belleza como se observa en las fotos. <\/span><\/li>\n<li><span style=\"font-size: medium; font-family: arial,helvetica,sans-serif;\">IVA no Incluido en la oferta de elondo<br \/>\n<\/span><\/li>\n<\/ul>\n<h3><span style=\"font-size: medium; font-family: arial,helvetica,sans-serif;\">Medidas de la oferta de Elondo <\/span><\/h3>\n<ul>\n<li><span style=\"font-size: medium; font-family: arial,helvetica,sans-serif;\">Espesor: 17 mm <\/span><\/li>\n<li><span style=\"font-size: medium; font-family: arial,helvetica,sans-serif;\">Ancho de tarima: 70 mm <\/span><\/li>\n<li><span style=\"font-size: medium; font-family: arial,helvetica,sans-serif;\">Largos de tarima: entre 350 y 350 seg\u00fan el precio.<br \/>\n<\/span><\/li>\n<\/ul>\n<h3>Precios de la oferta de Elondo<\/h3>\n<ul>\n<li>Para longitudes de 350 mm: &#8230;&#8230;&#8230;.\u20ac<\/li>\n<li>Para longitudes de 400 mm:&#8230;&#8230;&#8230;. \u20ac<\/li>\n<li>Para longitudes de 450 mm:&#8230;&#8230;&#8230;. \u20ac<\/li>\n<\/ul>\n<div id=\"attachment_471\" style=\"width: 810px\" class=\"wp-caption aligncenter\"><a href=\"https:\/\/instalaciondetarimas.com\/madera-maciza-interior\/wp-content\/uploads\/sites\/10\/2015\/12\/suelo-elondo.jpg\"><img loading=\"lazy\" decoding=\"async\" aria-describedby=\"caption-attachment-471\" class=\"size-full wp-image-471\" src=\"https:\/\/instalaciondetarimas.com\/madera-maciza-interior\/wp-content\/uploads\/sites\/10\/2015\/12\/suelo-elondo.jpg\" alt=\"foto de suelo de la oferta de elondo\" width=\"800\" height=\"575\" srcset=\"https:\/\/instalaciondetarimas.com\/madera-maciza-interior\/wp-content\/uploads\/sites\/10\/2015\/12\/suelo-elondo.jpg 800w, https:\/\/instalaciondetarimas.com\/madera-maciza-interior\/wp-content\/uploads\/sites\/10\/2015\/12\/suelo-elondo-300x216.jpg 300w, https:\/\/instalaciondetarimas.com\/madera-maciza-interior\/wp-content\/uploads\/sites\/10\/2015\/12\/suelo-elondo-768x552.jpg 768w\" sizes=\"auto, (max-width: 800px) 100vw, 800px\" \/><\/a><p id=\"caption-attachment-471\" class=\"wp-caption-text\">foto de suelo de la oferta de elondo<\/p><\/div>\n<h4><span style=\"font-size: medium; font-family: arial,helvetica,sans-serif;\">Resistencia de la tarima elondo a todo tipo de plagas<\/span><\/h4>\n<ul>\n<li><span style=\"font-size: medium; font-family: arial,helvetica,sans-serif;\">Muy resistente a los insectos sin tratar <\/span><\/li>\n<li><span style=\"font-size: medium; font-family: arial,helvetica,sans-serif;\">Muy resistente a los hongos <\/span><\/li>\n<li><span style=\"font-size: medium; font-family: arial,helvetica,sans-serif;\">No atacable la polilla de la madera (cole\u00f3pteros llamados l\u00edctidos) <\/span><\/li>\n<li><span style=\"font-size: medium; font-family: arial,helvetica,sans-serif;\">Muy resistente a las termitas <\/span><\/li>\n<li><span style=\"font-size: medium; font-family: arial,helvetica,sans-serif;\">Muy resistente a los insectos xil\u00f3fagos marinos, detalle importante para zonas maritimas o <a href=\"https:\/\/es.wikipedia.org\/wiki\/Goleta_Atyla#Construcci.C3.B3n\" target=\"_blank\" rel=\"noopener\">construcci\u00f3n de barcos de madera<\/a>. <\/span><\/li>\n<\/ul>\n<h2><span style=\"font-size: medium; font-family: arial,helvetica,sans-serif;\">Propiedades f\u00edsicas de la tarima de la oferta de elondo<\/span><\/h2>\n<ul>\n<li><span style=\"font-size: medium; font-family: arial,helvetica,sans-serif;\">Densidad: entre 890-960 Kg\/m3. <\/span><\/li>\n<li><span style=\"font-size: medium; font-family: arial,helvetica,sans-serif;\">Contracci\u00f3n: entre medianamente nerviosa a nerviosa <\/span><\/li>\n<li><span style=\"font-size: medium; font-family: arial,helvetica,sans-serif;\">Dureza: Muy dura, entre 8,5 y 10,0<br \/>\n<\/span><\/li>\n<\/ul>\n<p><span style=\"font-size: medium; font-family: arial,helvetica,sans-serif;\"><strong>Coeficientes de contracci\u00f3n de la madera de la exclusiva de elondo:<\/strong> <\/span><\/p>\n<ul>\n<li><span style=\"font-size: medium; font-family: arial,helvetica,sans-serif;\">Volum\u00e9trica <strong>total<\/strong> 13,7-14,5 % <\/span><\/li>\n<li><span style=\"font-size: medium; font-family: arial,helvetica,sans-serif;\">Volum\u00e9trica unitario (0,53-0,67)<br \/>\n<\/span><\/li>\n<li><span style=\"font-size: medium; font-family: arial,helvetica,sans-serif;\">Tangencial <strong>total<\/strong> 8,3-9,2 % <\/span><\/li>\n<li><span style=\"font-size: medium; font-family: arial,helvetica,sans-serif;\">Tangencial unitario (0,25-0,33)<br \/>\n<\/span><\/li>\n<li><span style=\"font-size: medium; font-family: arial,helvetica,sans-serif;\">Radial <strong>total<\/strong> 5,1-5,4 %<br \/>\n<\/span><\/li>\n<li><span style=\"font-size: medium; font-family: arial,helvetica,sans-serif;\">Radial unitario (0,14-0,20)<br \/>\n<\/span><\/li>\n<\/ul>\n<p><strong><span style=\"font-size: medium; font-family: arial,helvetica,sans-serif;\">Secado de la madera de la oferta de elondo: <\/span><\/strong><\/p>\n<ul>\n<li><span style=\"font-size: medium; font-family: arial,helvetica,sans-serif;\">Secado lento y cuidadoso<br \/>\n<\/span><\/li>\n<li><span style=\"font-size: medium; font-family: arial,helvetica,sans-serif;\">Ciertos riesgos de deformaci\u00f3n y escasos de fendas si no se conduce con precauci\u00f3n el secado<br \/>\n<\/span><\/li>\n<li><span style=\"font-size: medium; font-family: arial,helvetica,sans-serif;\">C\u00e9dulas de secado n\u00ba 5 de PMTA, la D del PRL y la T\u00b7-D\u00bb (4\/4) y T3-D1 (8\/4) del FPLM<br \/>\n<\/span><\/li>\n<\/ul>\n<h4><span style=\"font-size: medium; font-family: arial,helvetica,sans-serif;\">Instalaci\u00f3n de tarima de la tarima de elondo<br \/>\n<\/span><\/h4>\n<p><span style=\"font-size: medium; font-family: arial,helvetica,sans-serif;\">El<strong> instalador de tarima<\/strong> deber\u00e1 saber que <strong>el encolado exterior es problem\u00e1tico<\/strong> y s\u00f3lo es aconsejable en instalaciones de interior, como en la oferta de elondo que les ofrecemos. En el atornillado y clavado es ineludible realizar taladros previos. <\/span><\/p>\n<p><span style=\"font-size: medium; font-family: arial,helvetica,sans-serif;\">Con esta madera de la oferta de elondo es necesario que el instalador de tarima <strong>aplique un tapaporos<\/strong> antes del barnizado, aceitado o encerado o cualquier tipo de acabado.<br \/>\n<\/span><\/p>\n<p><span style=\"font-size: medium; font-family: arial,helvetica,sans-serif;\">| Venta directa en Espa\u00f1a y cualquier parte de Europa | <strong>636 52 04 08<\/strong> | 91 890 51 61 | tarima@instalaciondetarimas.com | Especialistas en instalaci\u00f3n en tarimas de exterior y tarima de madera maciza interior | Tarima maciza de interior: Oferta de Elondo |<\/span><\/p>\n<!--CusAds0-->\n<div style=\"font-size: 0px; height: 0px; line-height: 0px; margin: 0; padding: 0; clear: both;\"><\/div>","protected":false},"excerpt":{"rendered":"<p>Consultar ofertas: 636 52 04 08 \/\/ 91 890 51 61 Caracter\u00edsticas de la venta de elondo. Esta tarima de madera maciza es multicolor, con el tiempo el color de las tablas se va igualando hac\u00eda un tono anaranjado rojizo. En esta oferta no se han clasificado las tablas por color, de modo que es [&hellip;]<\/p>\n","protected":false},"author":1,"featured_media":0,"comment_status":"open","ping_status":"open","sticky":false,"template":"","format":"standard","meta":{"footnotes":""},"categories":[6,13,7],"tags":[30],"class_list":["post-447","post","type-post","status-publish","format-standard","hentry","category-madera-maciza","category-ofertas-de-tarima","category-tarima-maciza","tag-oferta-de-elondo"],"yoast_head":"<!-- This site is optimized with the Yoast SEO plugin v27.1.1 - https:\/\/yoast.com\/product\/yoast-seo-wordpress\/ -->\n<title>OFERTA de ELONDO como tarima de interior a 45,95\u20ac<\/title>\n<meta name=\"description\" content=\"Oferta de ELONDO como tarima de interior a 45,95\u20ac, IVA y transporte no incluido. Para suelos de interior hasta fin de existencias\" \/>\n<meta name=\"robots\" content=\"index, follow, max-snippet:-1, max-image-preview:large, max-video-preview:-1\" \/>\n<link rel=\"canonical\" href=\"https:\/\/instalaciondetarimas.com\/madera-maciza-interior\/2015\/12\/02\/oferta-de-elondo-como-tarima-de-interior\/\" \/>\n<meta property=\"og:locale\" content=\"es_ES\" \/>\n<meta property=\"og:type\" content=\"article\" \/>\n<meta property=\"og:title\" content=\"OFERTA de ELONDO como tarima de interior a 45,95\u20ac\" \/>\n<meta property=\"og:description\" content=\"Oferta de ELONDO como tarima de interior a 45,95\u20ac, IVA y transporte no incluido. Para suelos de interior hasta fin de existencias\" \/>\n<meta property=\"og:url\" content=\"https:\/\/instalaciondetarimas.com\/madera-maciza-interior\/2015\/12\/02\/oferta-de-elondo-como-tarima-de-interior\/\" \/>\n<meta property=\"og:site_name\" content=\"Ofertas de tarima maciza para suelos de interior\" \/>\n<meta property=\"article:published_time\" content=\"2015-12-01T23:24:51+00:00\" \/>\n<meta property=\"article:modified_time\" content=\"2026-04-11T13:26:52+00:00\" \/>\n<meta name=\"author\" content=\"Ribas\" \/>\n<meta name=\"twitter:card\" content=\"summary_large_image\" \/>\n<meta name=\"twitter:label1\" content=\"Escrito por\" \/>\n\t<meta name=\"twitter:data1\" content=\"Ribas\" \/>\n\t<meta name=\"twitter:label2\" content=\"Tiempo de lectura\" \/>\n\t<meta name=\"twitter:data2\" content=\"4 minutos\" \/>\n<script type=\"application\/ld+json\" class=\"yoast-schema-graph\">{\"@context\":\"https:\/\/schema.org\",\"@graph\":[{\"@type\":\"Article\",\"@id\":\"https:\/\/instalaciondetarimas.com\/madera-maciza-interior\/2015\/12\/02\/oferta-de-elondo-como-tarima-de-interior\/#article\",\"isPartOf\":{\"@id\":\"https:\/\/instalaciondetarimas.com\/madera-maciza-interior\/2015\/12\/02\/oferta-de-elondo-como-tarima-de-interior\/\"},\"author\":{\"name\":\"Ribas\",\"@id\":\"https:\/\/instalaciondetarimas.com\/madera-maciza-interior\/#\/schema\/person\/080df099c3c04ec9642544e2451b38c2\"},\"headline\":\"Nueva oferta de elondo como tarima de interior\",\"datePublished\":\"2015-12-01T23:24:51+00:00\",\"dateModified\":\"2026-04-11T13:26:52+00:00\",\"mainEntityOfPage\":{\"@id\":\"https:\/\/instalaciondetarimas.com\/madera-maciza-interior\/2015\/12\/02\/oferta-de-elondo-como-tarima-de-interior\/\"},\"wordCount\":682,\"commentCount\":13,\"image\":{\"@id\":\"https:\/\/instalaciondetarimas.com\/madera-maciza-interior\/2015\/12\/02\/oferta-de-elondo-como-tarima-de-interior\/#primaryimage\"},\"thumbnailUrl\":\"https:\/\/instalaciondetarimas.com\/enciclopedia-de-la-madera\/wp-content\/uploads\/sites\/13\/2021\/12\/elondo-45.gif\",\"keywords\":[\"oferta de elondo\"],\"articleSection\":[\"MADERA MACIZA\",\"OFERTAS DE TARIMA\",\"TARIMA MACIZA\"],\"inLanguage\":\"es\",\"potentialAction\":[{\"@type\":\"CommentAction\",\"name\":\"Comment\",\"target\":[\"https:\/\/instalaciondetarimas.com\/madera-maciza-interior\/2015\/12\/02\/oferta-de-elondo-como-tarima-de-interior\/#respond\"]}]},{\"@type\":\"WebPage\",\"@id\":\"https:\/\/instalaciondetarimas.com\/madera-maciza-interior\/2015\/12\/02\/oferta-de-elondo-como-tarima-de-interior\/\",\"url\":\"https:\/\/instalaciondetarimas.com\/madera-maciza-interior\/2015\/12\/02\/oferta-de-elondo-como-tarima-de-interior\/\",\"name\":\"OFERTA de ELONDO como tarima de interior a 45,95\u20ac\",\"isPartOf\":{\"@id\":\"https:\/\/instalaciondetarimas.com\/madera-maciza-interior\/#website\"},\"primaryImageOfPage\":{\"@id\":\"https:\/\/instalaciondetarimas.com\/madera-maciza-interior\/2015\/12\/02\/oferta-de-elondo-como-tarima-de-interior\/#primaryimage\"},\"image\":{\"@id\":\"https:\/\/instalaciondetarimas.com\/madera-maciza-interior\/2015\/12\/02\/oferta-de-elondo-como-tarima-de-interior\/#primaryimage\"},\"thumbnailUrl\":\"https:\/\/instalaciondetarimas.com\/enciclopedia-de-la-madera\/wp-content\/uploads\/sites\/13\/2021\/12\/elondo-45.gif\",\"datePublished\":\"2015-12-01T23:24:51+00:00\",\"dateModified\":\"2026-04-11T13:26:52+00:00\",\"author\":{\"@id\":\"https:\/\/instalaciondetarimas.com\/madera-maciza-interior\/#\/schema\/person\/080df099c3c04ec9642544e2451b38c2\"},\"description\":\"Oferta de ELONDO como tarima de interior a 45,95\u20ac, IVA y transporte no incluido. Para suelos de interior hasta fin de existencias\",\"breadcrumb\":{\"@id\":\"https:\/\/instalaciondetarimas.com\/madera-maciza-interior\/2015\/12\/02\/oferta-de-elondo-como-tarima-de-interior\/#breadcrumb\"},\"inLanguage\":\"es\",\"potentialAction\":[{\"@type\":\"ReadAction\",\"target\":[\"https:\/\/instalaciondetarimas.com\/madera-maciza-interior\/2015\/12\/02\/oferta-de-elondo-como-tarima-de-interior\/\"]}]},{\"@type\":\"ImageObject\",\"inLanguage\":\"es\",\"@id\":\"https:\/\/instalaciondetarimas.com\/madera-maciza-interior\/2015\/12\/02\/oferta-de-elondo-como-tarima-de-interior\/#primaryimage\",\"url\":\"https:\/\/instalaciondetarimas.com\/enciclopedia-de-la-madera\/wp-content\/uploads\/sites\/13\/2021\/12\/elondo-45.gif\",\"contentUrl\":\"https:\/\/instalaciondetarimas.com\/enciclopedia-de-la-madera\/wp-content\/uploads\/sites\/13\/2021\/12\/elondo-45.gif\"},{\"@type\":\"BreadcrumbList\",\"@id\":\"https:\/\/instalaciondetarimas.com\/madera-maciza-interior\/2015\/12\/02\/oferta-de-elondo-como-tarima-de-interior\/#breadcrumb\",\"itemListElement\":[{\"@type\":\"ListItem\",\"position\":1,\"name\":\"Portada\",\"item\":\"https:\/\/instalaciondetarimas.com\/madera-maciza-interior\/\"},{\"@type\":\"ListItem\",\"position\":2,\"name\":\"Nueva oferta de elondo como tarima de interior\"}]},{\"@type\":\"WebSite\",\"@id\":\"https:\/\/instalaciondetarimas.com\/madera-maciza-interior\/#website\",\"url\":\"https:\/\/instalaciondetarimas.com\/madera-maciza-interior\/\",\"name\":\"Ofertas de tarima maciza para suelos de interior\",\"description\":\"Ofertas de tarima maciza\",\"potentialAction\":[{\"@type\":\"SearchAction\",\"target\":{\"@type\":\"EntryPoint\",\"urlTemplate\":\"https:\/\/instalaciondetarimas.com\/madera-maciza-interior\/?s={search_term_string}\"},\"query-input\":{\"@type\":\"PropertyValueSpecification\",\"valueRequired\":true,\"valueName\":\"search_term_string\"}}],\"inLanguage\":\"es\"},{\"@type\":\"Person\",\"@id\":\"https:\/\/instalaciondetarimas.com\/madera-maciza-interior\/#\/schema\/person\/080df099c3c04ec9642544e2451b38c2\",\"name\":\"Ribas\",\"image\":{\"@type\":\"ImageObject\",\"inLanguage\":\"es\",\"@id\":\"https:\/\/instalaciondetarimas.com\/madera-maciza-interior\/#\/schema\/person\/image\/\",\"url\":\"https:\/\/secure.gravatar.com\/avatar\/53f051e804b18764c53f9952c629b135af8edb7bb2b61711c5175ce506878789?s=96&d=mm&r=g\",\"contentUrl\":\"https:\/\/secure.gravatar.com\/avatar\/53f051e804b18764c53f9952c629b135af8edb7bb2b61711c5175ce506878789?s=96&d=mm&r=g\",\"caption\":\"Ribas\"},\"url\":\"https:\/\/instalaciondetarimas.com\/madera-maciza-interior\/author\/admin\/\"}]}<\/script>\n<!-- \/ Yoast SEO plugin. -->","yoast_head_json":{"title":"OFERTA de ELONDO como tarima de interior a 45,95\u20ac","description":"Oferta de ELONDO como tarima de interior a 45,95\u20ac, IVA y transporte no incluido. Para suelos de interior hasta fin de existencias","robots":{"index":"index","follow":"follow","max-snippet":"max-snippet:-1","max-image-preview":"max-image-preview:large","max-video-preview":"max-video-preview:-1"},"canonical":"https:\/\/instalaciondetarimas.com\/madera-maciza-interior\/2015\/12\/02\/oferta-de-elondo-como-tarima-de-interior\/","og_locale":"es_ES","og_type":"article","og_title":"OFERTA de ELONDO como tarima de interior a 45,95\u20ac","og_description":"Oferta de ELONDO como tarima de interior a 45,95\u20ac, IVA y transporte no incluido. Para suelos de interior hasta fin de existencias","og_url":"https:\/\/instalaciondetarimas.com\/madera-maciza-interior\/2015\/12\/02\/oferta-de-elondo-como-tarima-de-interior\/","og_site_name":"Ofertas de tarima maciza para suelos de interior","article_published_time":"2015-12-01T23:24:51+00:00","article_modified_time":"2026-04-11T13:26:52+00:00","author":"Ribas","twitter_card":"summary_large_image","twitter_misc":{"Escrito por":"Ribas","Tiempo de lectura":"4 minutos"},"schema":{"@context":"https:\/\/schema.org","@graph":[{"@type":"Article","@id":"https:\/\/instalaciondetarimas.com\/madera-maciza-interior\/2015\/12\/02\/oferta-de-elondo-como-tarima-de-interior\/#article","isPartOf":{"@id":"https:\/\/instalaciondetarimas.com\/madera-maciza-interior\/2015\/12\/02\/oferta-de-elondo-como-tarima-de-interior\/"},"author":{"name":"Ribas","@id":"https:\/\/instalaciondetarimas.com\/madera-maciza-interior\/#\/schema\/person\/080df099c3c04ec9642544e2451b38c2"},"headline":"Nueva oferta de elondo como tarima de interior","datePublished":"2015-12-01T23:24:51+00:00","dateModified":"2026-04-11T13:26:52+00:00","mainEntityOfPage":{"@id":"https:\/\/instalaciondetarimas.com\/madera-maciza-interior\/2015\/12\/02\/oferta-de-elondo-como-tarima-de-interior\/"},"wordCount":682,"commentCount":13,"image":{"@id":"https:\/\/instalaciondetarimas.com\/madera-maciza-interior\/2015\/12\/02\/oferta-de-elondo-como-tarima-de-interior\/#primaryimage"},"thumbnailUrl":"https:\/\/instalaciondetarimas.com\/enciclopedia-de-la-madera\/wp-content\/uploads\/sites\/13\/2021\/12\/elondo-45.gif","keywords":["oferta de elondo"],"articleSection":["MADERA MACIZA","OFERTAS DE TARIMA","TARIMA MACIZA"],"inLanguage":"es","potentialAction":[{"@type":"CommentAction","name":"Comment","target":["https:\/\/instalaciondetarimas.com\/madera-maciza-interior\/2015\/12\/02\/oferta-de-elondo-como-tarima-de-interior\/#respond"]}]},{"@type":"WebPage","@id":"https:\/\/instalaciondetarimas.com\/madera-maciza-interior\/2015\/12\/02\/oferta-de-elondo-como-tarima-de-interior\/","url":"https:\/\/instalaciondetarimas.com\/madera-maciza-interior\/2015\/12\/02\/oferta-de-elondo-como-tarima-de-interior\/","name":"OFERTA de ELONDO como tarima de interior a 45,95\u20ac","isPartOf":{"@id":"https:\/\/instalaciondetarimas.com\/madera-maciza-interior\/#website"},"primaryImageOfPage":{"@id":"https:\/\/instalaciondetarimas.com\/madera-maciza-interior\/2015\/12\/02\/oferta-de-elondo-como-tarima-de-interior\/#primaryimage"},"image":{"@id":"https:\/\/instalaciondetarimas.com\/madera-maciza-interior\/2015\/12\/02\/oferta-de-elondo-como-tarima-de-interior\/#primaryimage"},"thumbnailUrl":"https:\/\/instalaciondetarimas.com\/enciclopedia-de-la-madera\/wp-content\/uploads\/sites\/13\/2021\/12\/elondo-45.gif","datePublished":"2015-12-01T23:24:51+00:00","dateModified":"2026-04-11T13:26:52+00:00","author":{"@id":"https:\/\/instalaciondetarimas.com\/madera-maciza-interior\/#\/schema\/person\/080df099c3c04ec9642544e2451b38c2"},"description":"Oferta de ELONDO como tarima de interior a 45,95\u20ac, IVA y transporte no incluido. Para suelos de interior hasta fin de existencias","breadcrumb":{"@id":"https:\/\/instalaciondetarimas.com\/madera-maciza-interior\/2015\/12\/02\/oferta-de-elondo-como-tarima-de-interior\/#breadcrumb"},"inLanguage":"es","potentialAction":[{"@type":"ReadAction","target":["https:\/\/instalaciondetarimas.com\/madera-maciza-interior\/2015\/12\/02\/oferta-de-elondo-como-tarima-de-interior\/"]}]},{"@type":"ImageObject","inLanguage":"es","@id":"https:\/\/instalaciondetarimas.com\/madera-maciza-interior\/2015\/12\/02\/oferta-de-elondo-como-tarima-de-interior\/#primaryimage","url":"https:\/\/instalaciondetarimas.com\/enciclopedia-de-la-madera\/wp-content\/uploads\/sites\/13\/2021\/12\/elondo-45.gif","contentUrl":"https:\/\/instalaciondetarimas.com\/enciclopedia-de-la-madera\/wp-content\/uploads\/sites\/13\/2021\/12\/elondo-45.gif"},{"@type":"BreadcrumbList","@id":"https:\/\/instalaciondetarimas.com\/madera-maciza-interior\/2015\/12\/02\/oferta-de-elondo-como-tarima-de-interior\/#breadcrumb","itemListElement":[{"@type":"ListItem","position":1,"name":"Portada","item":"https:\/\/instalaciondetarimas.com\/madera-maciza-interior\/"},{"@type":"ListItem","position":2,"name":"Nueva oferta de elondo como tarima de interior"}]},{"@type":"WebSite","@id":"https:\/\/instalaciondetarimas.com\/madera-maciza-interior\/#website","url":"https:\/\/instalaciondetarimas.com\/madera-maciza-interior\/","name":"Ofertas de tarima maciza para suelos de interior","description":"Ofertas de tarima maciza","potentialAction":[{"@type":"SearchAction","target":{"@type":"EntryPoint","urlTemplate":"https:\/\/instalaciondetarimas.com\/madera-maciza-interior\/?s={search_term_string}"},"query-input":{"@type":"PropertyValueSpecification","valueRequired":true,"valueName":"search_term_string"}}],"inLanguage":"es"},{"@type":"Person","@id":"https:\/\/instalaciondetarimas.com\/madera-maciza-interior\/#\/schema\/person\/080df099c3c04ec9642544e2451b38c2","name":"Ribas","image":{"@type":"ImageObject","inLanguage":"es","@id":"https:\/\/instalaciondetarimas.com\/madera-maciza-interior\/#\/schema\/person\/image\/","url":"https:\/\/secure.gravatar.com\/avatar\/53f051e804b18764c53f9952c629b135af8edb7bb2b61711c5175ce506878789?s=96&d=mm&r=g","contentUrl":"https:\/\/secure.gravatar.com\/avatar\/53f051e804b18764c53f9952c629b135af8edb7bb2b61711c5175ce506878789?s=96&d=mm&r=g","caption":"Ribas"},"url":"https:\/\/instalaciondetarimas.com\/madera-maciza-interior\/author\/admin\/"}]}},"_links":{"self":[{"href":"https:\/\/instalaciondetarimas.com\/madera-maciza-interior\/wp-json\/wp\/v2\/posts\/447","targetHints":{"allow":["GET"]}}],"collection":[{"href":"https:\/\/instalaciondetarimas.com\/madera-maciza-interior\/wp-json\/wp\/v2\/posts"}],"about":[{"href":"https:\/\/instalaciondetarimas.com\/madera-maciza-interior\/wp-json\/wp\/v2\/types\/post"}],"author":[{"embeddable":true,"href":"https:\/\/instalaciondetarimas.com\/madera-maciza-interior\/wp-json\/wp\/v2\/users\/1"}],"replies":[{"embeddable":true,"href":"https:\/\/instalaciondetarimas.com\/madera-maciza-interior\/wp-json\/wp\/v2\/comments?post=447"}],"version-history":[{"count":8,"href":"https:\/\/instalaciondetarimas.com\/madera-maciza-interior\/wp-json\/wp\/v2\/posts\/447\/revisions"}],"predecessor-version":[{"id":2707,"href":"https:\/\/instalaciondetarimas.com\/madera-maciza-interior\/wp-json\/wp\/v2\/posts\/447\/revisions\/2707"}],"wp:attachment":[{"href":"https:\/\/instalaciondetarimas.com\/madera-maciza-interior\/wp-json\/wp\/v2\/media?parent=447"}],"wp:term":[{"taxonomy":"category","embeddable":true,"href":"https:\/\/instalaciondetarimas.com\/madera-maciza-interior\/wp-json\/wp\/v2\/categories?post=447"},{"taxonomy":"post_tag","embeddable":true,"href":"https:\/\/instalaciondetarimas.com\/madera-maciza-interior\/wp-json\/wp\/v2\/tags?post=447"}],"curies":[{"name":"wp","href":"https:\/\/api.w.org\/{rel}","templated":true}]}}