{"id":311,"date":"2015-11-14T07:35:44","date_gmt":"2015-11-14T07:35:44","guid":{"rendered":"http:\/\/instalaciondetarimas.com\/madera-maciza-interior\/?p=311"},"modified":"2023-03-14T20:31:33","modified_gmt":"2023-03-14T19:31:33","slug":"oferta-de-tarima-de-cerezo-selecto-libre-de-albura-por-una-cara-de-80-ancho-por-21-de-espesor","status":"publish","type":"post","link":"https:\/\/instalaciondetarimas.com\/madera-maciza-interior\/2015\/11\/14\/oferta-de-tarima-de-cerezo-selecto-libre-de-albura-por-una-cara-de-80-ancho-por-21-de-espesor\/","title":{"rendered":"oferta de tarima de cerezo selecto libre de albura por una cara de 80 ancho por 21 de espesor"},"content":{"rendered":"<h1 style=\"text-align: center;\">Oferta de tarima de cerezo seleccionado sin albura por una cara de madera maciza con 21 mm de espesor y 80 mm de ancho.<\/h1>\n<p style=\"text-align: center;\"><span style=\"font-size: x-large;\">Tarima maciza desde <strong><span style=\"color: #ff0000;\">hasta el 50%<br \/>\n<\/span><\/strong><\/span><\/p>\n<p style=\"text-align: center;\"><span style=\"font-size: x-large;\"><strong>Madera<\/strong> maciza <strong>seleccionada<\/strong> y libre de albura (en la superficie) para clavar sobre rastrel<br \/>\n<\/span><\/p>\n<p style=\"text-align: center;\"><em><span style=\"font-size: x-large;\">IVA y transporte no incluido<\/span><\/em><\/p>\n<p style=\"text-align: center;\"><span style=\"font-size: medium;\"><em>Oferta para m\u00e1s de 70 m2, consultar si son menos metros<\/em><br \/>\n<\/span><\/p>\n<h1 style=\"text-align: center;\">Oferta de tarima de cerezo seleccionado sin albura por una cara de madera maciza con 21 mm de espesor y 80 mm de ancho.<\/h1>\n<p style=\"text-align: center;\"><span style=\"font-size: x-large;\">Tarima maciza desde <\/span><\/p>\n<p style=\"text-align: center;\"><span style=\"font-size: x-large;\"><strong><span style=\"color: #ff0000;\">Consultar ofertas: 636 52 04 08<\/span><\/strong><\/span><\/p>\n<div id=\"attachment_1327\" style=\"width: 661px\" class=\"wp-caption aligncenter\"><a title=\"Enlace a la tienda online: tarima maciza de cerezo\" href=\"https:\/\/instalaciondetarimas.com\/producto\/oferta-de-tarima-maciza-de-cerezo-americano\/\" target=\"_blank\" rel=\"noopener sponsored\"><img loading=\"lazy\" decoding=\"async\" aria-describedby=\"caption-attachment-1327\" class=\"size-full wp-image-1327\" src=\"https:\/\/instalaciondetarimas.com\/madera-maciza-interior\/wp-content\/uploads\/sites\/10\/2015\/11\/cerezo-1.jpg\" alt=\"tarima maciza de cerezo\" width=\"651\" height=\"551\" srcset=\"https:\/\/instalaciondetarimas.com\/madera-maciza-interior\/wp-content\/uploads\/sites\/10\/2015\/11\/cerezo-1.jpg 651w, https:\/\/instalaciondetarimas.com\/madera-maciza-interior\/wp-content\/uploads\/sites\/10\/2015\/11\/cerezo-1-300x254.jpg 300w\" sizes=\"auto, (max-width: 651px) 100vw, 651px\" \/><\/a><p id=\"caption-attachment-1327\" class=\"wp-caption-text\">tarima maciza de cerezo<\/p><\/div>\n<p style=\"text-align: center;\"><a href=\"https:\/\/instalaciondetarimas.com\/categoria-producto\/cerezo-americano\/\" target=\"_blank\" rel=\"noopener sponsored\"><img loading=\"lazy\" decoding=\"async\" class=\"size-full wp-image-1377 aligncenter\" src=\"https:\/\/instalaciondetarimas.com\/madera-maciza-interior\/wp-content\/uploads\/sites\/10\/2021\/11\/cerezo-70-2.gif\" alt=\"restos de stock de tarima maciza de madera de cerezo americano\" width=\"300\" height=\"300\" \/><\/a><a href=\"https:\/\/instalaciondetarimas.com\/categoria-producto\/cerezo-americano\/\" target=\"_blank\" rel=\"noopener sponsored\">Restos de stock de tarima maciza de madera de cerezo americano<\/a><\/p>\n<h2 style=\"text-align: center;\"><span style=\"font-size: x-large;\"> Esta <strong>oferta de tarima de cerezo\u00a0 parte de una madera muy demandada por los decoradores para dise\u00f1os de interiores exclusivos<br \/>\n<\/strong><\/span><\/h2>\n<div id=\"attachment_314\" style=\"width: 451px\" class=\"wp-caption aligncenter\"><a href=\"https:\/\/instalaciondetarimas.com\/madera-maciza-interior\/wp-content\/uploads\/sites\/10\/2015\/11\/cerezo.jpg\"><img loading=\"lazy\" decoding=\"async\" aria-describedby=\"caption-attachment-314\" class=\"size-full wp-image-314\" src=\"https:\/\/instalaciondetarimas.com\/madera-maciza-interior\/wp-content\/uploads\/sites\/10\/2015\/11\/cerezo.jpg\" alt=\"oferta de tarima de cerezo con precio y foto del suelo de madera\" width=\"441\" height=\"704\" srcset=\"https:\/\/instalaciondetarimas.com\/madera-maciza-interior\/wp-content\/uploads\/sites\/10\/2015\/11\/cerezo.jpg 441w, https:\/\/instalaciondetarimas.com\/madera-maciza-interior\/wp-content\/uploads\/sites\/10\/2015\/11\/cerezo-188x300.jpg 188w\" sizes=\"auto, (max-width: 441px) 100vw, 441px\" \/><\/a><p id=\"caption-attachment-314\" class=\"wp-caption-text\">Oferta de tarima de cerezo con precio y foto del suelo de madera<\/p><\/div>\n<p style=\"text-align: center;\">La madera de <strong><em>cerezo<\/em><\/strong> (<em>Prunus avium L. Syn. _Cerasus avium Moench. Pronus cerasus L.<\/em>), que empleamos en nuestra oferta de tarima de cerezo es una selecci\u00f3n exclusiva, libre de la albura por la cara superior y de un color claro, limpio y luminoso.<\/p>\n<h2>Esta oferta de tarima de cerezo es una aut\u00e9ntico lujo para los sentidos<\/h2>\n<p>La madera de cerezo es y ha sido una <strong>madera muy cotizada por los ebanistas<\/strong> para elaborar muebles exclusivos, en parte debido a la facilidad que permit\u00eda la madera, pero sobretodo por la <strong>nobleza de los acabados<\/strong>. Esta oferta de tarima de cerezo es un producto exclusivo, los <a href=\"https:\/\/es.wikipedia.org\/wiki\/Estilo_Luis_XIV\" target=\"_blank\" rel=\"nofollow noopener\">muebles denominados luis XIV<\/a> estaba manufacturados con esta madera lujosa, este lujo se puede disponer en nuestra oferta de tarima de cerezo. Con el tiempo la madera de cerezo se oscurece <strong>adquiriendo un color caoba que es muy apreciado.<\/strong><\/p>\n<p>Esta oferta de tarima de cerezo se ofrece una <strong>madera seleccionada<\/strong> dejando en la superficie de la tarima la parte m\u00e1s dura de la madera, que es <em>el duramen<\/em>, por esto en nuestra oferta de tarima de cerezo especificamos que est\u00e1 <em>libre de albura<\/em> ( la parte m\u00e1s blanda de la madera): el duramen del cerezo es de un color rosado p\u00e1lido, con matices marrones. Esta tarima presenta el vetado lustroso del cerezo. Por el contrario las tarimas de cerezo com\u00fan usan una madera poco dura, estable, de fibra recta y adecuada para usos no muy intensivos, para usos familiares y no muy transitados.<\/p>\n<p>En cualquier caso no recomendamos el cerezo para usos muy intensivos en un bar, en una discoteca o lugares p\u00fablicos, para eso tenemos nuestra <a href=\"https:\/\/instalaciondetarimas.com\/madera-maciza-interior\/tag\/oferta-de-tarima-de-doussie\/\" target=\"_blank\" rel=\"noopener\">oferta de tarima de doussie<\/a>,\u00a0 nuestra <a href=\"https:\/\/instalaciondetarimas.com\/madera-maciza-interior\/2015\/10\/31\/oferta-de-tarima-de-elondo-para-suelos-de-interior\/\" target=\"_blank\" rel=\"noopener\">oferta de tarima de elondo<\/a> o de<a href=\"https:\/\/instalaciondetarimas.com\/madera-maciza-interior\/2015\/10\/26\/oferta-de-tarima-de-ipe-de-interior-de-madera-maciza-con-14-mm-de-espesor\/\" target=\"_blank\" rel=\"noopener\"> ip\u00e9<\/a>.<\/p>\n<p>La madera de cerezo se ha empleado en <a href=\"https:\/\/es.wikipedia.org\/wiki\/Palacio_de_Versalles\" target=\"_blank\" rel=\"noopener\">Versalles <\/a>como s\u00edmbolo de exclusividad.<\/p>\n<p>&nbsp;<\/p>\n<div id=\"attachment_322\" style=\"width: 862px\" class=\"wp-caption aligncenter\"><a href=\"https:\/\/instalaciondetarimas.com\/madera-maciza-interior\/wp-content\/uploads\/sites\/10\/2015\/11\/cerezo-2.jpg\"><img loading=\"lazy\" decoding=\"async\" aria-describedby=\"caption-attachment-322\" class=\"size-full wp-image-322\" src=\"https:\/\/instalaciondetarimas.com\/madera-maciza-interior\/wp-content\/uploads\/sites\/10\/2015\/11\/cerezo-2.jpg\" alt=\"oferta de tarima de cerezo con foto y texto con precio\" width=\"852\" height=\"220\" srcset=\"https:\/\/instalaciondetarimas.com\/madera-maciza-interior\/wp-content\/uploads\/sites\/10\/2015\/11\/cerezo-2.jpg 852w, https:\/\/instalaciondetarimas.com\/madera-maciza-interior\/wp-content\/uploads\/sites\/10\/2015\/11\/cerezo-2-300x77.jpg 300w\" sizes=\"auto, (max-width: 852px) 100vw, 852px\" \/><\/a><p id=\"caption-attachment-322\" class=\"wp-caption-text\">oferta de tarima de cerezo con foto y texto con precio<\/p><\/div>\n<h3><strong><span style=\"font-size: medium;\">Datos t\u00e9cnicos de oferta de tarima de cerezo para suelos de madera en el interior<\/span><\/strong><\/h3>\n<ul>\n<li><span style=\"font-size: medium;\">Oferta de tarima de cerezo de madera 100% maciza de 21 mm de espesor para m\u00e1s de 70 m2 <\/span><\/li>\n<li><span style=\"font-size: medium;\">Ancho: <em>80 mm.<\/em><\/span><\/li>\n<li><span style=\"font-size: medium;\">Espesor: <em>14 mm.<\/em><br \/>\n<\/span><\/li>\n<li><span style=\"font-size: medium;\">Tarima de madera maciza <strong>sin barnizar.<\/strong> <\/span><\/li>\n<li><span style=\"font-size: medium;\">Nombre comercial <strong>cerezo americano<\/strong>.<br \/>\n<\/span><\/li>\n<li>Nombre bot\u00e1nico <em>prunus avium L. Syn. &#8211; Cerasus avium Moech<br \/>\n<\/em><\/li>\n<li><span style=\"font-size: medium;\">Tarima adecuada para clavar sobre rastreles: <em>500 a 2400 mm.<\/em><br \/>\n<\/span><\/li>\n<li><span style=\"font-size: medium;\">No se incluye en la oferta de tarima de cerezo el IVA, ni el transporte y subida al domicilio del cliente, consultar tarifas seg\u00fan la demarcaci\u00f3n geogr\u00e1fica.<\/span><\/li>\n<\/ul>\n<h4><span style=\"font-size: medium;\">Forma de instalar la oferta de tarima de cerezo<br \/>\n<\/span><\/h4>\n<p>El instalador de tarima <strong>no va a tener dificultades en el encolado<\/strong> de la madera de cerezo, esta <strong>oferta de tarima de cerezo<\/strong> es <strong>exclusiva<\/strong> para el <strong>clavado sobre rastreles<\/strong> debido a sus medidas, aunque no es necesario el taladro previo es recomendable. El clavado y el atornillado durante la instalaci\u00f3n de tarima se realizan sin dificultad.<\/p>\n<p>Tenemos otra oferta de tarima de cerezo para pegar como tarima flotante: consultar.<\/p>\n<h5><span style=\"font-size: x-large; font-family: arial,helvetica,sans-serif;\">Textos sobre tarima maciza interior:<\/span><\/h5>\n<ul>\n<li><span style=\"font-size: medium; font-family: arial, helvetica, sans-serif; color: #333333;\"><a style=\"color: #333333;\" href=\"https:\/\/instalaciondetarimas.com\/madera-maciza-interior\/2017\/12\/08\/el-encolado-con-la-espatula-dentada\/\" target=\"_blank\" rel=\"noopener\">El encolado de la tarima al suelo con esp\u00e1tula dentada <\/a><\/span><\/li>\n<li><span style=\"font-size: medium; font-family: arial, helvetica, sans-serif; color: #333333;\"><a style=\"color: #333333;\" href=\"https:\/\/instalaciondetarimas.com\/tarima-maciza-barnizada\/2015\/12\/30\/como-hacer-la-instalacion-de-la-tarima-maciza-barnizada\/\" target=\"_blank\" rel=\"noopener\">C\u00f3mo instalar la tarima que ya viene barnizada en la f\u00e1brica. <\/a><\/span><\/li>\n<li><span style=\"font-size: medium; font-family: arial, helvetica, sans-serif; color: #333333;\"><a style=\"color: #333333;\" href=\"https:\/\/instalaciondetarimas.com\/tarima-maciza-barnizada\/2017\/06\/21\/las-ventajas-del-barnizado-de-fabrica-en-la-tarima-maciza\/\" target=\"_blank\" rel=\"noopener\">Las ventajas de la tarima barnizada de f\u00e1brica<\/a><\/span><\/li>\n<li><span style=\"font-size: medium; font-family: arial, helvetica, sans-serif; color: #333333;\"><a style=\"color: #333333;\" href=\"https:\/\/instalaciondetarimas.com\/madera-maciza-interior\/2017\/05\/08\/la-instalacion-de-la-madera-en-el-suelo-radiante\/\" target=\"_blank\" rel=\"noopener\">La instalaci\u00f3n de la tarima sobre un suelo radiante <\/a><\/span><\/li>\n<li><span style=\"font-size: medium; font-family: arial, helvetica, sans-serif; color: #333333;\"><a style=\"color: #333333;\" href=\"https:\/\/instalaciondetarimas.com\/tarima-maciza-barnizada\/2017\/03\/29\/fotos-tarima-maciza-roble-barnizado\/\" target=\"_blank\" rel=\"noopener\">Fotos de tarima de roble barnizado en la f\u00e1brica.\u00a0<\/a><\/span><\/li>\n<li><span style=\"font-size: medium; font-family: arial, helvetica, sans-serif; color: #333333;\"><a style=\"color: #333333;\" href=\"https:\/\/instalaciondetarimas.com\/madera-maciza-interior\/2018\/01\/11\/como-secar-el-suelo-al-2-de-humedad-para-poder-pegar-la-tarima-maciza-al-suelo-sin-emplear-el-rastrel\/\" target=\"_blank\" rel=\"noopener\">\u00bfC\u00f3mo secar el suelo al 2% de humedad para poder pegar la tarima maciza al suelo, sin emplear el rastrel?. <\/a><\/span><\/li>\n<li><span style=\"font-size: medium; font-family: arial, helvetica, sans-serif; color: #333333;\"><a style=\"color: #333333;\" href=\"https:\/\/instalaciondetarimas.com\/madera-maciza-interior\/2015\/12\/18\/las-ventajas-de-la-tarima-maciza\/\" target=\"_blank\" rel=\"noopener sponsored\">Las ventajas de la tarima maciza<\/a>. <\/span><\/li>\n<li><span style=\"font-size: medium; font-family: arial, helvetica, sans-serif; color: #333333;\"><a style=\"color: #333333;\" href=\"https:\/\/instalaciondetarimas.com\/enciclopedia-de-la-madera\/2021\/12\/03\/que-es-mejor-una-tarima-flotante-o-maciza\/\" target=\"_blank\" rel=\"noopener sponsored\">\u00bfQu\u00e9 es mejor la tarima maciza o la flotante?<\/a>.<\/span><\/li>\n<\/ul>\n<p><strong><span style=\"font-size: x-large; font-family: arial,helvetica,sans-serif;\">Consejos de instalaci\u00f3n generales de la tarima exterior:<\/span><\/strong><\/p>\n<ul>\n<li><span style=\"font-size: medium; font-family: arial, helvetica, sans-serif; color: #333333;\"><a href=\"https:\/\/instalaciondetarimas.com\/tarima-exterior\/2016\/08\/05\/saturador-cetol-wf771-de-sikkens\/\" target=\"_blank\" rel=\"noopener noreferrer\"><span style=\"color: #333333;\">\u00bfLa solera de hormig\u00f3n?<\/span><\/a><\/span><\/li>\n<li><span style=\"font-size: medium; font-family: arial, helvetica, sans-serif; color: #333333;\"><a style=\"color: #333333;\" href=\"https:\/\/instalaciondetarimas.com\/blog\/2016\/07\/04\/colocacion-de-los-rastreles-tropicales-tumbados-o-de-pie\/\" target=\"_blank\" rel=\"noopener noreferrer\">\u00bfC\u00f3mo colocamos los rastreles tumbados o de pie?<\/a><\/span><\/li>\n<li><span style=\"font-size: medium; font-family: arial, helvetica, sans-serif; color: #333333;\"><a style=\"color: #333333;\" href=\"https:\/\/instalaciondetarimas.com\/blog\/2017\/04\/12\/rastrel-con-clavos-de-acero-inoxidable-o-bricomatados\/\" target=\"_blank\" rel=\"noopener noreferrer\">\u00bfC\u00f3mo fijamos los rastreles al suelo? <\/a><\/span><\/li>\n<li><span style=\"font-size: medium; font-family: arial, helvetica, sans-serif; color: #333333;\"><a style=\"color: #333333;\" href=\"https:\/\/instalaciondetarimas.com\/blog\/2014\/08\/03\/las-ventajas-de-la-instalacin-de-tarima-de-exterior-con-rastreles-tropicales\/\" target=\"_blank\" rel=\"noopener noreferrer\">\u00bfPor qu\u00e9 los rastreles deben ser tropicales? <\/a><\/span><\/li>\n<li><span style=\"font-size: medium; font-family: arial, helvetica, sans-serif; color: #333333;\"><a style=\"color: #333333;\" href=\"https:\/\/instalaciondetarimas.com\/tarima-exterior\/2016\/03\/09\/remates-en-la-tarima-exterior-con-grapia\/\" target=\"_blank\" rel=\"noopener noreferrer\">\u00bfC\u00f3mo instalamos la primera l\u00ednea de tarima, atornillada o sin atornillar? <\/a><\/span><\/li>\n<li><span style=\"font-size: medium; font-family: arial, helvetica, sans-serif; color: #333333;\"><a style=\"color: #333333;\" href=\"https:\/\/instalaciondetarimas.com\/blog\/2016\/12\/15\/la-direccion-de-la-instalacion-de-la-tarima\/\" target=\"_blank\" rel=\"noopener noreferrer\">\u00bfCu\u00e1l es la direcci\u00f3n correcta que debe llevar la tarima en la instalaci\u00f3n? <\/a><\/span><\/li>\n<li><span style=\"font-size: medium; font-family: arial, helvetica, sans-serif; color: #333333;\"><a style=\"color: #333333;\" href=\"https:\/\/instalaciondetarimas.com\/tarima-exterior\/2016\/01\/23\/tarima-exterior-con-grapa-vista\/\" target=\"_blank\" rel=\"noopener noreferrer\">\u00bfTarima con sistema de grapa vista o con grapa oculta? <\/a><\/span><\/li>\n<li><span style=\"font-size: medium; font-family: arial, helvetica, sans-serif; color: #333333;\"><a style=\"color: #333333;\" href=\"https:\/\/instalaciondetarimas.com\/blog\/2015\/10\/03\/tarima-de-exterior-resistente-a-los-lictidos-o-la-polilla-de-la-madera\/\" target=\"_blank\" rel=\"noopener noreferrer\">\u00bfQu\u00e9 maderas son las m\u00e1s resistentes?<\/a><\/span><\/li>\n<li><span style=\"font-size: medium; font-family: arial, helvetica, sans-serif; color: #333333;\"><a style=\"color: #333333;\" href=\"https:\/\/instalaciondetarimas.com\/blog\/2016\/11\/23\/10-anos-garantia-la-instalacion-la-tarima-exterior\/\" target=\"_blank\" rel=\"noopener noreferrer\">\u00bfLa instalaci\u00f3n es la clave o son los materiales? <\/a><\/span><\/li>\n<li><span style=\"font-size: medium; font-family: arial, helvetica, sans-serif; color: #333333;\"><a style=\"color: #333333;\" href=\"https:\/\/instalaciondetarimas.com\/blog\/2014\/08\/07\/comparativa-entre-la-tarima-de-exterior-tecnolgica-madera-maciza-de-exterior\/\" target=\"_blank\" rel=\"noopener noreferrer\">\u00bfTarima sint\u00e9tica? No, gracias <\/a><\/span><\/li>\n<li><span style=\"font-size: medium; font-family: arial, helvetica, sans-serif; color: #333333;\"><a style=\"color: #333333;\" href=\"https:\/\/instalaciondetarimas.com\/tarima-exterior\/2017\/05\/30\/las-medidas-las-grapas-tarima-exterior\/\" target=\"_blank\" rel=\"noopener\">Medidas de las grapas para tarima de exterior.<\/a>\u00a0<\/span><\/li>\n<li><span style=\"font-size: medium; font-family: arial, helvetica, sans-serif; color: #333333;\"><a style=\"color: #333333;\" href=\"https:\/\/instalaciondetarimas.com\/tarima-exterior\/2021\/07\/11\/tecnica-del-atornillado-de-las-grapas\/\" target=\"_blank\" rel=\"noopener sponsored\">\u00bfC\u00f3mo es la t\u00e9cnica del atornillado de las grapas?<\/a>. <\/span><\/li>\n<li><span style=\"font-size: medium; font-family: arial, helvetica, sans-serif; color: #333333;\"><a style=\"color: #333333;\" href=\"https:\/\/instalaciondetarimas.com\/tarima-exterior\/2021\/07\/03\/cuantas-grapas-de-exterior-se-necesitan\/\" target=\"_blank\" rel=\"noopener sponsored\">C\u00f3mo calcular el n\u00famero de grapas que necesitar\u00edamos por m2<\/a>.<\/span><\/li>\n<\/ul>\n<p>&nbsp;<\/p>\n<p><span style=\"font-size: x-large; font-family: arial,helvetica,sans-serif;\">| Venta directa en Espa\u00f1a y cualquier parte de Europa | M\u00f3vil-Whatsapp: +34 <strong>636 52 04 08<\/strong> | 91 890 51 61\u00a0|<\/span><\/p>\n<!--CusAds0-->\n<div style=\"font-size: 0px; height: 0px; line-height: 0px; margin: 0; padding: 0; clear: both;\"><\/div>","protected":false},"excerpt":{"rendered":"<p>Oferta de tarima de cerezo seleccionado sin albura por una cara de madera maciza con 21 mm de espesor y 80 mm de ancho. Tarima maciza desde hasta el 50% Madera maciza seleccionada y libre de albura (en la superficie) para clavar sobre rastrel IVA y transporte no incluido Oferta para m\u00e1s de 70 m2, [&hellip;]<\/p>\n","protected":false},"author":1,"featured_media":0,"comment_status":"open","ping_status":"open","sticky":false,"template":"","format":"standard","meta":{"footnotes":""},"categories":[6,13,7],"tags":[18,19],"class_list":["post-311","post","type-post","status-publish","format-standard","hentry","category-madera-maciza","category-ofertas-de-tarima","category-tarima-maciza","tag-oferta-de-tarima-de-cerezo","tag-tarima-de-cerezo"],"yoast_head":"<!-- This site is optimized with the Yoast SEO plugin v27.1.1 - https:\/\/yoast.com\/product\/yoast-seo-wordpress\/ -->\n<title>oferta de tarima de cerezo seleccionado libre de albura<\/title>\n<meta name=\"description\" content=\"Oferta de tarima de cerezo seleccionado certificada AENOR, IQNET y FSC en liquiqdaci\u00f3n por restos de stock. Descuentos desde el 50%, unidades limitadas.\" \/>\n<meta name=\"robots\" content=\"index, follow, max-snippet:-1, max-image-preview:large, max-video-preview:-1\" \/>\n<link rel=\"canonical\" href=\"https:\/\/instalaciondetarimas.com\/madera-maciza-interior\/2015\/11\/14\/oferta-de-tarima-de-cerezo-selecto-libre-de-albura-por-una-cara-de-80-ancho-por-21-de-espesor\/\" \/>\n<meta property=\"og:locale\" content=\"es_ES\" \/>\n<meta property=\"og:type\" content=\"article\" \/>\n<meta property=\"og:title\" content=\"oferta de tarima de cerezo seleccionado libre de albura\" \/>\n<meta property=\"og:description\" content=\"Oferta de tarima de cerezo seleccionado certificada AENOR, IQNET y FSC en liquiqdaci\u00f3n por restos de stock. Descuentos desde el 50%, unidades limitadas.\" \/>\n<meta property=\"og:url\" content=\"https:\/\/instalaciondetarimas.com\/madera-maciza-interior\/2015\/11\/14\/oferta-de-tarima-de-cerezo-selecto-libre-de-albura-por-una-cara-de-80-ancho-por-21-de-espesor\/\" \/>\n<meta property=\"og:site_name\" content=\"Ofertas de tarima maciza para suelos de interior\" \/>\n<meta property=\"article:published_time\" content=\"2015-11-14T07:35:44+00:00\" \/>\n<meta property=\"article:modified_time\" content=\"2023-03-14T19:31:33+00:00\" \/>\n<meta property=\"og:image\" content=\"https:\/\/instalaciondetarimas.com\/madera-maciza-interior\/wp-content\/uploads\/sites\/10\/2015\/11\/cerezo-1.jpg\" \/>\n<meta name=\"author\" content=\"Ribas\" \/>\n<meta name=\"twitter:card\" content=\"summary_large_image\" \/>\n<meta name=\"twitter:label1\" content=\"Escrito por\" \/>\n\t<meta name=\"twitter:data1\" content=\"Ribas\" \/>\n\t<meta name=\"twitter:label2\" content=\"Tiempo de lectura\" \/>\n\t<meta name=\"twitter:data2\" content=\"5 minutos\" \/>\n<script type=\"application\/ld+json\" class=\"yoast-schema-graph\">{\"@context\":\"https:\/\/schema.org\",\"@graph\":[{\"@type\":\"Article\",\"@id\":\"https:\/\/instalaciondetarimas.com\/madera-maciza-interior\/2015\/11\/14\/oferta-de-tarima-de-cerezo-selecto-libre-de-albura-por-una-cara-de-80-ancho-por-21-de-espesor\/#article\",\"isPartOf\":{\"@id\":\"https:\/\/instalaciondetarimas.com\/madera-maciza-interior\/2015\/11\/14\/oferta-de-tarima-de-cerezo-selecto-libre-de-albura-por-una-cara-de-80-ancho-por-21-de-espesor\/\"},\"author\":{\"name\":\"Ribas\",\"@id\":\"https:\/\/instalaciondetarimas.com\/madera-maciza-interior\/#\/schema\/person\/080df099c3c04ec9642544e2451b38c2\"},\"headline\":\"oferta de tarima de cerezo selecto libre de albura por una cara de 80 ancho por 21 de espesor\",\"datePublished\":\"2015-11-14T07:35:44+00:00\",\"dateModified\":\"2023-03-14T19:31:33+00:00\",\"mainEntityOfPage\":{\"@id\":\"https:\/\/instalaciondetarimas.com\/madera-maciza-interior\/2015\/11\/14\/oferta-de-tarima-de-cerezo-selecto-libre-de-albura-por-una-cara-de-80-ancho-por-21-de-espesor\/\"},\"wordCount\":901,\"commentCount\":3,\"image\":{\"@id\":\"https:\/\/instalaciondetarimas.com\/madera-maciza-interior\/2015\/11\/14\/oferta-de-tarima-de-cerezo-selecto-libre-de-albura-por-una-cara-de-80-ancho-por-21-de-espesor\/#primaryimage\"},\"thumbnailUrl\":\"https:\/\/instalaciondetarimas.com\/madera-maciza-interior\/wp-content\/uploads\/sites\/10\/2015\/11\/cerezo-1.jpg\",\"keywords\":[\"oferta de tarima de cerezo\",\"tarima de cerezo\"],\"articleSection\":[\"MADERA MACIZA\",\"OFERTAS DE TARIMA\",\"TARIMA MACIZA\"],\"inLanguage\":\"es\",\"potentialAction\":[{\"@type\":\"CommentAction\",\"name\":\"Comment\",\"target\":[\"https:\/\/instalaciondetarimas.com\/madera-maciza-interior\/2015\/11\/14\/oferta-de-tarima-de-cerezo-selecto-libre-de-albura-por-una-cara-de-80-ancho-por-21-de-espesor\/#respond\"]}]},{\"@type\":\"WebPage\",\"@id\":\"https:\/\/instalaciondetarimas.com\/madera-maciza-interior\/2015\/11\/14\/oferta-de-tarima-de-cerezo-selecto-libre-de-albura-por-una-cara-de-80-ancho-por-21-de-espesor\/\",\"url\":\"https:\/\/instalaciondetarimas.com\/madera-maciza-interior\/2015\/11\/14\/oferta-de-tarima-de-cerezo-selecto-libre-de-albura-por-una-cara-de-80-ancho-por-21-de-espesor\/\",\"name\":\"oferta de tarima de cerezo seleccionado libre de albura\",\"isPartOf\":{\"@id\":\"https:\/\/instalaciondetarimas.com\/madera-maciza-interior\/#website\"},\"primaryImageOfPage\":{\"@id\":\"https:\/\/instalaciondetarimas.com\/madera-maciza-interior\/2015\/11\/14\/oferta-de-tarima-de-cerezo-selecto-libre-de-albura-por-una-cara-de-80-ancho-por-21-de-espesor\/#primaryimage\"},\"image\":{\"@id\":\"https:\/\/instalaciondetarimas.com\/madera-maciza-interior\/2015\/11\/14\/oferta-de-tarima-de-cerezo-selecto-libre-de-albura-por-una-cara-de-80-ancho-por-21-de-espesor\/#primaryimage\"},\"thumbnailUrl\":\"https:\/\/instalaciondetarimas.com\/madera-maciza-interior\/wp-content\/uploads\/sites\/10\/2015\/11\/cerezo-1.jpg\",\"datePublished\":\"2015-11-14T07:35:44+00:00\",\"dateModified\":\"2023-03-14T19:31:33+00:00\",\"author\":{\"@id\":\"https:\/\/instalaciondetarimas.com\/madera-maciza-interior\/#\/schema\/person\/080df099c3c04ec9642544e2451b38c2\"},\"description\":\"Oferta de tarima de cerezo seleccionado certificada AENOR, IQNET y FSC en liquiqdaci\u00f3n por restos de stock. Descuentos desde el 50%, unidades limitadas.\",\"breadcrumb\":{\"@id\":\"https:\/\/instalaciondetarimas.com\/madera-maciza-interior\/2015\/11\/14\/oferta-de-tarima-de-cerezo-selecto-libre-de-albura-por-una-cara-de-80-ancho-por-21-de-espesor\/#breadcrumb\"},\"inLanguage\":\"es\",\"potentialAction\":[{\"@type\":\"ReadAction\",\"target\":[\"https:\/\/instalaciondetarimas.com\/madera-maciza-interior\/2015\/11\/14\/oferta-de-tarima-de-cerezo-selecto-libre-de-albura-por-una-cara-de-80-ancho-por-21-de-espesor\/\"]}]},{\"@type\":\"ImageObject\",\"inLanguage\":\"es\",\"@id\":\"https:\/\/instalaciondetarimas.com\/madera-maciza-interior\/2015\/11\/14\/oferta-de-tarima-de-cerezo-selecto-libre-de-albura-por-una-cara-de-80-ancho-por-21-de-espesor\/#primaryimage\",\"url\":\"https:\/\/instalaciondetarimas.com\/madera-maciza-interior\/wp-content\/uploads\/sites\/10\/2015\/11\/cerezo-1.jpg\",\"contentUrl\":\"https:\/\/instalaciondetarimas.com\/madera-maciza-interior\/wp-content\/uploads\/sites\/10\/2015\/11\/cerezo-1.jpg\",\"width\":651,\"height\":551,\"caption\":\"tarima maciza de cerezo\"},{\"@type\":\"BreadcrumbList\",\"@id\":\"https:\/\/instalaciondetarimas.com\/madera-maciza-interior\/2015\/11\/14\/oferta-de-tarima-de-cerezo-selecto-libre-de-albura-por-una-cara-de-80-ancho-por-21-de-espesor\/#breadcrumb\",\"itemListElement\":[{\"@type\":\"ListItem\",\"position\":1,\"name\":\"Portada\",\"item\":\"https:\/\/instalaciondetarimas.com\/madera-maciza-interior\/\"},{\"@type\":\"ListItem\",\"position\":2,\"name\":\"oferta de tarima de cerezo selecto libre de albura por una cara de 80 ancho por 21 de espesor\"}]},{\"@type\":\"WebSite\",\"@id\":\"https:\/\/instalaciondetarimas.com\/madera-maciza-interior\/#website\",\"url\":\"https:\/\/instalaciondetarimas.com\/madera-maciza-interior\/\",\"name\":\"Ofertas de tarima maciza para suelos de interior\",\"description\":\"Ofertas de tarima maciza\",\"potentialAction\":[{\"@type\":\"SearchAction\",\"target\":{\"@type\":\"EntryPoint\",\"urlTemplate\":\"https:\/\/instalaciondetarimas.com\/madera-maciza-interior\/?s={search_term_string}\"},\"query-input\":{\"@type\":\"PropertyValueSpecification\",\"valueRequired\":true,\"valueName\":\"search_term_string\"}}],\"inLanguage\":\"es\"},{\"@type\":\"Person\",\"@id\":\"https:\/\/instalaciondetarimas.com\/madera-maciza-interior\/#\/schema\/person\/080df099c3c04ec9642544e2451b38c2\",\"name\":\"Ribas\",\"image\":{\"@type\":\"ImageObject\",\"inLanguage\":\"es\",\"@id\":\"https:\/\/instalaciondetarimas.com\/madera-maciza-interior\/#\/schema\/person\/image\/\",\"url\":\"https:\/\/secure.gravatar.com\/avatar\/53f051e804b18764c53f9952c629b135af8edb7bb2b61711c5175ce506878789?s=96&d=mm&r=g\",\"contentUrl\":\"https:\/\/secure.gravatar.com\/avatar\/53f051e804b18764c53f9952c629b135af8edb7bb2b61711c5175ce506878789?s=96&d=mm&r=g\",\"caption\":\"Ribas\"},\"url\":\"https:\/\/instalaciondetarimas.com\/madera-maciza-interior\/author\/admin\/\"}]}<\/script>\n<!-- \/ Yoast SEO plugin. -->","yoast_head_json":{"title":"oferta de tarima de cerezo seleccionado libre de albura","description":"Oferta de tarima de cerezo seleccionado certificada AENOR, IQNET y FSC en liquiqdaci\u00f3n por restos de stock. Descuentos desde el 50%, unidades limitadas.","robots":{"index":"index","follow":"follow","max-snippet":"max-snippet:-1","max-image-preview":"max-image-preview:large","max-video-preview":"max-video-preview:-1"},"canonical":"https:\/\/instalaciondetarimas.com\/madera-maciza-interior\/2015\/11\/14\/oferta-de-tarima-de-cerezo-selecto-libre-de-albura-por-una-cara-de-80-ancho-por-21-de-espesor\/","og_locale":"es_ES","og_type":"article","og_title":"oferta de tarima de cerezo seleccionado libre de albura","og_description":"Oferta de tarima de cerezo seleccionado certificada AENOR, IQNET y FSC en liquiqdaci\u00f3n por restos de stock. Descuentos desde el 50%, unidades limitadas.","og_url":"https:\/\/instalaciondetarimas.com\/madera-maciza-interior\/2015\/11\/14\/oferta-de-tarima-de-cerezo-selecto-libre-de-albura-por-una-cara-de-80-ancho-por-21-de-espesor\/","og_site_name":"Ofertas de tarima maciza para suelos de interior","article_published_time":"2015-11-14T07:35:44+00:00","article_modified_time":"2023-03-14T19:31:33+00:00","og_image":[{"url":"https:\/\/instalaciondetarimas.com\/madera-maciza-interior\/wp-content\/uploads\/sites\/10\/2015\/11\/cerezo-1.jpg","type":"","width":"","height":""}],"author":"Ribas","twitter_card":"summary_large_image","twitter_misc":{"Escrito por":"Ribas","Tiempo de lectura":"5 minutos"},"schema":{"@context":"https:\/\/schema.org","@graph":[{"@type":"Article","@id":"https:\/\/instalaciondetarimas.com\/madera-maciza-interior\/2015\/11\/14\/oferta-de-tarima-de-cerezo-selecto-libre-de-albura-por-una-cara-de-80-ancho-por-21-de-espesor\/#article","isPartOf":{"@id":"https:\/\/instalaciondetarimas.com\/madera-maciza-interior\/2015\/11\/14\/oferta-de-tarima-de-cerezo-selecto-libre-de-albura-por-una-cara-de-80-ancho-por-21-de-espesor\/"},"author":{"name":"Ribas","@id":"https:\/\/instalaciondetarimas.com\/madera-maciza-interior\/#\/schema\/person\/080df099c3c04ec9642544e2451b38c2"},"headline":"oferta de tarima de cerezo selecto libre de albura por una cara de 80 ancho por 21 de espesor","datePublished":"2015-11-14T07:35:44+00:00","dateModified":"2023-03-14T19:31:33+00:00","mainEntityOfPage":{"@id":"https:\/\/instalaciondetarimas.com\/madera-maciza-interior\/2015\/11\/14\/oferta-de-tarima-de-cerezo-selecto-libre-de-albura-por-una-cara-de-80-ancho-por-21-de-espesor\/"},"wordCount":901,"commentCount":3,"image":{"@id":"https:\/\/instalaciondetarimas.com\/madera-maciza-interior\/2015\/11\/14\/oferta-de-tarima-de-cerezo-selecto-libre-de-albura-por-una-cara-de-80-ancho-por-21-de-espesor\/#primaryimage"},"thumbnailUrl":"https:\/\/instalaciondetarimas.com\/madera-maciza-interior\/wp-content\/uploads\/sites\/10\/2015\/11\/cerezo-1.jpg","keywords":["oferta de tarima de cerezo","tarima de cerezo"],"articleSection":["MADERA MACIZA","OFERTAS DE TARIMA","TARIMA MACIZA"],"inLanguage":"es","potentialAction":[{"@type":"CommentAction","name":"Comment","target":["https:\/\/instalaciondetarimas.com\/madera-maciza-interior\/2015\/11\/14\/oferta-de-tarima-de-cerezo-selecto-libre-de-albura-por-una-cara-de-80-ancho-por-21-de-espesor\/#respond"]}]},{"@type":"WebPage","@id":"https:\/\/instalaciondetarimas.com\/madera-maciza-interior\/2015\/11\/14\/oferta-de-tarima-de-cerezo-selecto-libre-de-albura-por-una-cara-de-80-ancho-por-21-de-espesor\/","url":"https:\/\/instalaciondetarimas.com\/madera-maciza-interior\/2015\/11\/14\/oferta-de-tarima-de-cerezo-selecto-libre-de-albura-por-una-cara-de-80-ancho-por-21-de-espesor\/","name":"oferta de tarima de cerezo seleccionado libre de albura","isPartOf":{"@id":"https:\/\/instalaciondetarimas.com\/madera-maciza-interior\/#website"},"primaryImageOfPage":{"@id":"https:\/\/instalaciondetarimas.com\/madera-maciza-interior\/2015\/11\/14\/oferta-de-tarima-de-cerezo-selecto-libre-de-albura-por-una-cara-de-80-ancho-por-21-de-espesor\/#primaryimage"},"image":{"@id":"https:\/\/instalaciondetarimas.com\/madera-maciza-interior\/2015\/11\/14\/oferta-de-tarima-de-cerezo-selecto-libre-de-albura-por-una-cara-de-80-ancho-por-21-de-espesor\/#primaryimage"},"thumbnailUrl":"https:\/\/instalaciondetarimas.com\/madera-maciza-interior\/wp-content\/uploads\/sites\/10\/2015\/11\/cerezo-1.jpg","datePublished":"2015-11-14T07:35:44+00:00","dateModified":"2023-03-14T19:31:33+00:00","author":{"@id":"https:\/\/instalaciondetarimas.com\/madera-maciza-interior\/#\/schema\/person\/080df099c3c04ec9642544e2451b38c2"},"description":"Oferta de tarima de cerezo seleccionado certificada AENOR, IQNET y FSC en liquiqdaci\u00f3n por restos de stock. Descuentos desde el 50%, unidades limitadas.","breadcrumb":{"@id":"https:\/\/instalaciondetarimas.com\/madera-maciza-interior\/2015\/11\/14\/oferta-de-tarima-de-cerezo-selecto-libre-de-albura-por-una-cara-de-80-ancho-por-21-de-espesor\/#breadcrumb"},"inLanguage":"es","potentialAction":[{"@type":"ReadAction","target":["https:\/\/instalaciondetarimas.com\/madera-maciza-interior\/2015\/11\/14\/oferta-de-tarima-de-cerezo-selecto-libre-de-albura-por-una-cara-de-80-ancho-por-21-de-espesor\/"]}]},{"@type":"ImageObject","inLanguage":"es","@id":"https:\/\/instalaciondetarimas.com\/madera-maciza-interior\/2015\/11\/14\/oferta-de-tarima-de-cerezo-selecto-libre-de-albura-por-una-cara-de-80-ancho-por-21-de-espesor\/#primaryimage","url":"https:\/\/instalaciondetarimas.com\/madera-maciza-interior\/wp-content\/uploads\/sites\/10\/2015\/11\/cerezo-1.jpg","contentUrl":"https:\/\/instalaciondetarimas.com\/madera-maciza-interior\/wp-content\/uploads\/sites\/10\/2015\/11\/cerezo-1.jpg","width":651,"height":551,"caption":"tarima maciza de cerezo"},{"@type":"BreadcrumbList","@id":"https:\/\/instalaciondetarimas.com\/madera-maciza-interior\/2015\/11\/14\/oferta-de-tarima-de-cerezo-selecto-libre-de-albura-por-una-cara-de-80-ancho-por-21-de-espesor\/#breadcrumb","itemListElement":[{"@type":"ListItem","position":1,"name":"Portada","item":"https:\/\/instalaciondetarimas.com\/madera-maciza-interior\/"},{"@type":"ListItem","position":2,"name":"oferta de tarima de cerezo selecto libre de albura por una cara de 80 ancho por 21 de espesor"}]},{"@type":"WebSite","@id":"https:\/\/instalaciondetarimas.com\/madera-maciza-interior\/#website","url":"https:\/\/instalaciondetarimas.com\/madera-maciza-interior\/","name":"Ofertas de tarima maciza para suelos de interior","description":"Ofertas de tarima maciza","potentialAction":[{"@type":"SearchAction","target":{"@type":"EntryPoint","urlTemplate":"https:\/\/instalaciondetarimas.com\/madera-maciza-interior\/?s={search_term_string}"},"query-input":{"@type":"PropertyValueSpecification","valueRequired":true,"valueName":"search_term_string"}}],"inLanguage":"es"},{"@type":"Person","@id":"https:\/\/instalaciondetarimas.com\/madera-maciza-interior\/#\/schema\/person\/080df099c3c04ec9642544e2451b38c2","name":"Ribas","image":{"@type":"ImageObject","inLanguage":"es","@id":"https:\/\/instalaciondetarimas.com\/madera-maciza-interior\/#\/schema\/person\/image\/","url":"https:\/\/secure.gravatar.com\/avatar\/53f051e804b18764c53f9952c629b135af8edb7bb2b61711c5175ce506878789?s=96&d=mm&r=g","contentUrl":"https:\/\/secure.gravatar.com\/avatar\/53f051e804b18764c53f9952c629b135af8edb7bb2b61711c5175ce506878789?s=96&d=mm&r=g","caption":"Ribas"},"url":"https:\/\/instalaciondetarimas.com\/madera-maciza-interior\/author\/admin\/"}]}},"_links":{"self":[{"href":"https:\/\/instalaciondetarimas.com\/madera-maciza-interior\/wp-json\/wp\/v2\/posts\/311","targetHints":{"allow":["GET"]}}],"collection":[{"href":"https:\/\/instalaciondetarimas.com\/madera-maciza-interior\/wp-json\/wp\/v2\/posts"}],"about":[{"href":"https:\/\/instalaciondetarimas.com\/madera-maciza-interior\/wp-json\/wp\/v2\/types\/post"}],"author":[{"embeddable":true,"href":"https:\/\/instalaciondetarimas.com\/madera-maciza-interior\/wp-json\/wp\/v2\/users\/1"}],"replies":[{"embeddable":true,"href":"https:\/\/instalaciondetarimas.com\/madera-maciza-interior\/wp-json\/wp\/v2\/comments?post=311"}],"version-history":[{"count":8,"href":"https:\/\/instalaciondetarimas.com\/madera-maciza-interior\/wp-json\/wp\/v2\/posts\/311\/revisions"}],"predecessor-version":[{"id":1697,"href":"https:\/\/instalaciondetarimas.com\/madera-maciza-interior\/wp-json\/wp\/v2\/posts\/311\/revisions\/1697"}],"wp:attachment":[{"href":"https:\/\/instalaciondetarimas.com\/madera-maciza-interior\/wp-json\/wp\/v2\/media?parent=311"}],"wp:term":[{"taxonomy":"category","embeddable":true,"href":"https:\/\/instalaciondetarimas.com\/madera-maciza-interior\/wp-json\/wp\/v2\/categories?post=311"},{"taxonomy":"post_tag","embeddable":true,"href":"https:\/\/instalaciondetarimas.com\/madera-maciza-interior\/wp-json\/wp\/v2\/tags?post=311"}],"curies":[{"name":"wp","href":"https:\/\/api.w.org\/{rel}","templated":true}]}}