{"id":1995,"date":"2025-03-12T23:49:50","date_gmt":"2025-03-12T22:49:50","guid":{"rendered":"https:\/\/instalaciondetarimas.com\/madera-maciza-interior\/?p=1995"},"modified":"2025-03-23T00:14:32","modified_gmt":"2025-03-22T23:14:32","slug":"cuanto-adhesivo-para-tarima-se-necesita-por-metro-cuadrado-m2","status":"publish","type":"post","link":"https:\/\/instalaciondetarimas.com\/madera-maciza-interior\/2025\/03\/12\/cuanto-adhesivo-para-tarima-se-necesita-por-metro-cuadrado-m2\/","title":{"rendered":"\u00bfCu\u00e1nto adhesivo para tarima se necesita por metro cuadrado (m2) en el interior?"},"content":{"rendered":"<h1>\u00bfCu\u00e1nto adhesivo para tarima se necesita por metro cuadrado (m2) en el interior?<\/h1>\n<p style=\"text-align: left;\"><span style=\"font-size: medium; font-family: arial,helvetica,sans-serif;\">Vamos a ver c\u00f3mo calcular <strong>cu\u00e1nto adhesivo para tarima se necesita por <a title=\"metro cuadrado\" href=\"https:\/\/es.wikipedia.org\/wiki\/Metro_cuadrado\" target=\"_blank\" rel=\"nofollow noopener sponsored\">metro cuadrado<\/a><\/strong> (m2) en una instalaci\u00f3n de una tarima pegada sobre el suelo. Nos referimos a los <strong>casos en los que la tarima maciza no se clava sobre un rastrel<\/strong>, sino cu\u00e1ndo se pega al suelo directamente.<\/span><\/p>\n<p style=\"text-align: center;\"><div  class=\"et_lb_module et_lb_slogan\">\r\n\t\t\t\t\t<div class='et_lb_module_content clearfix'>\n<p style=\"text-align: center;\">La tarima empleada es de madera de doussie<\/p>\n<p style=\"text-align: center;\"><span class='right-quote'><\/span><\/div> <!-- end .et_lb_module_content -->\r\n\t\t\t\t<\/div> <!-- end .et_lb_slogan -->\n<p>&nbsp;<\/p>\n<p><a href=\"https:\/\/instalaciondetarimas.com\/madera-maciza-interior\/wp-content\/uploads\/sites\/10\/2025\/03\/tarima-pegada-al-suelo.jpg\"><img loading=\"lazy\" decoding=\"async\" class=\"wp-image-1998 size-full\" src=\"https:\/\/instalaciondetarimas.com\/madera-maciza-interior\/wp-content\/uploads\/sites\/10\/2025\/03\/tarima-pegada-al-suelo.jpg\" alt=\"\" width=\"900\" height=\"1364\" srcset=\"https:\/\/instalaciondetarimas.com\/madera-maciza-interior\/wp-content\/uploads\/sites\/10\/2025\/03\/tarima-pegada-al-suelo.jpg 900w, https:\/\/instalaciondetarimas.com\/madera-maciza-interior\/wp-content\/uploads\/sites\/10\/2025\/03\/tarima-pegada-al-suelo-198x300.jpg 198w, https:\/\/instalaciondetarimas.com\/madera-maciza-interior\/wp-content\/uploads\/sites\/10\/2025\/03\/tarima-pegada-al-suelo-676x1024.jpg 676w, https:\/\/instalaciondetarimas.com\/madera-maciza-interior\/wp-content\/uploads\/sites\/10\/2025\/03\/tarima-pegada-al-suelo-768x1164.jpg 768w\" sizes=\"auto, (max-width: 900px) 100vw, 900px\" \/><\/a><\/p>\n<p style=\"text-align: left;\"><em><span style=\"font-size: medium;\">Foto composici\u00f3n con suelo d\u00f3nde se ve cu\u00e1nto <a title=\"El encolado con la esp\u00e1tula dentada para instalar la tarima maciza sobre el suelo, sin rastrel.\" href=\"https:\/\/instalaciondetarimas.com\/madera-maciza-interior\/2017\/12\/08\/el-encolado-con-la-espatula-dentada\/\" target=\"_blank\" rel=\"noopener sponsored\">adhesivo para tarima se aplica con esp\u00e1tula dentada<\/a>.<\/span><\/em><\/p>\n<p style=\"text-align: left;\"><span style=\"font-size: medium; font-family: arial,helvetica,sans-serif;\">Es decir, cu\u00e1ndo <strong>pegamos la tarima sobre un suelo<\/strong>, sobre una <strong>solera de <a title=\"cemento\" href=\"https:\/\/es.wikipedia.org\/wiki\/Cemento\" target=\"_blank\" rel=\"noopener sponsored\">cemento<\/a><\/strong>, sobre <strong>azulejo<\/strong> o incluso<strong> m\u00e1rmol<\/strong>. En estos \u00faltimos casos hay que lijar el azulejo o el m\u00e1rmol para que haya una buena adhesi\u00f3n. Cuando va sobre una <a title=\"solera RAE\" href=\"https:\/\/dle.rae.es\/solera\" target=\"_blank\" rel=\"nofollow noopener sponsored\"><strong>solera<\/strong><\/a> hay que asegurarse de que \u00e9ste est\u00e9 <a title=\"secar el suelo al 2% de humedad\" href=\"https:\/\/instalaciondetarimas.com\/madera-maciza-interior\/2018\/01\/11\/como-secar-el-suelo-al-2-de-humedad-para-poder-pegar-la-tarima-maciza-al-suelo-sin-emplear-el-rastrel\/#:~:text=La%20humedad%20del%20suelo%20se,se%20vaya%20derivando%20hacia%20ellos.\" target=\"_blank\" rel=\"noopener sponsored\">seco en un 2%<\/a> y de que tenga la suficiente dureza para que el pegamento no tire del suelo y lo arranque.<\/span><\/p>\n<p style=\"text-align: center;\"><div  class=\"et_lb_module et_lb_slogan\">\r\n\t\t\t\t\t<div class='et_lb_module_content clearfix'>\n<p style=\"text-align: center;\">La altura del suelo es el espesor de la tarima (1,7 cm) y un par de mil\u00edmetros de adhesivo<\/p>\n<p style=\"text-align: center;\"><span class='right-quote'><\/span><\/div> <!-- end .et_lb_module_content -->\r\n\t\t\t\t<\/div> <!-- end .et_lb_slogan -->\n<p><a href=\"https:\/\/instalaciondetarimas.com\/madera-maciza-interior\/wp-content\/uploads\/sites\/10\/2025\/03\/tarima-madera-doussie.jpg\"><img loading=\"lazy\" decoding=\"async\" class=\"alignnone wp-image-2016 size-full\" src=\"https:\/\/instalaciondetarimas.com\/madera-maciza-interior\/wp-content\/uploads\/sites\/10\/2025\/03\/tarima-madera-doussie.jpg\" alt=\"\" width=\"980\" height=\"1307\" srcset=\"https:\/\/instalaciondetarimas.com\/madera-maciza-interior\/wp-content\/uploads\/sites\/10\/2025\/03\/tarima-madera-doussie.jpg 980w, https:\/\/instalaciondetarimas.com\/madera-maciza-interior\/wp-content\/uploads\/sites\/10\/2025\/03\/tarima-madera-doussie-225x300.jpg 225w, https:\/\/instalaciondetarimas.com\/madera-maciza-interior\/wp-content\/uploads\/sites\/10\/2025\/03\/tarima-madera-doussie-768x1024.jpg 768w\" sizes=\"auto, (max-width: 980px) 100vw, 980px\" \/><\/a><\/p>\n<p><span style=\"font-size: medium; font-family: arial,helvetica,sans-serif;\">Para las <strong>reformas de una vivienda<\/strong>, en este caso en un piso en Madrid,<strong> la tarima pegada es una buena opci\u00f3n<\/strong> porque <strong>el suelo<\/strong> <strong>no sube mucho su altura<\/strong>. En este caso la tarima que estamos empleado es de madera maciza de doussie. Con 1,7 cm de espesor. 7 cm de ancho, con tablas de hasta 1,6 metros de longitud. De modo que l<strong>a altura del suelo ha subido 1,7 cm + 2 mm del adhesivo. <\/strong><\/span><\/p>\n<p><span style=\"font-size: medium; font-family: arial,helvetica,sans-serif;\">Originariamente hab\u00eda un suelo de lamparquet (peque\u00f1as piezas de madera sin macho y hembra) antiguo que tuvo que ser retirado. No se puede pegar una madera sobre otra.<\/span><\/p>\n<p><a href=\"https:\/\/instalaciondetarimas.com\/madera-maciza-interior\/wp-content\/uploads\/sites\/10\/2025\/03\/foto-composicio\u0301n-2.jpg\"><img loading=\"lazy\" decoding=\"async\" class=\"wp-image-1999 size-full\" src=\"https:\/\/instalaciondetarimas.com\/madera-maciza-interior\/wp-content\/uploads\/sites\/10\/2025\/03\/foto-composicio\u0301n-2.jpg\" alt=\"foto de suelo d\u00f3nde se ve cu\u00e1nto adhesivo para tarima se aplica\" width=\"900\" height=\"1357\" srcset=\"https:\/\/instalaciondetarimas.com\/madera-maciza-interior\/wp-content\/uploads\/sites\/10\/2025\/03\/foto-composicio\u0301n-2.jpg 900w, https:\/\/instalaciondetarimas.com\/madera-maciza-interior\/wp-content\/uploads\/sites\/10\/2025\/03\/foto-composicio\u0301n-2-199x300.jpg 199w, https:\/\/instalaciondetarimas.com\/madera-maciza-interior\/wp-content\/uploads\/sites\/10\/2025\/03\/foto-composicio\u0301n-2-679x1024.jpg 679w, https:\/\/instalaciondetarimas.com\/madera-maciza-interior\/wp-content\/uploads\/sites\/10\/2025\/03\/foto-composicio\u0301n-2-768x1158.jpg 768w\" sizes=\"auto, (max-width: 900px) 100vw, 900px\" \/><\/a><\/p>\n<p style=\"text-align: left;\"><em><span style=\"font-size: medium;\">Foto de suelo d\u00f3nde se ve cu\u00e1nto adhesivo para tarima se aplica.<\/span><\/em><\/p>\n<h2>\u00bfCu\u00e1nto adhesivo para tarima se necesita? Va a influir el estado del suelo<\/h2>\n<p style=\"text-align: left;\"><span style=\"font-size: medium; font-family: arial,helvetica,sans-serif;\">Adem\u00e1s el suelo debe estar perfectamente plano <strong>para que se apoye la tarima correctamente y para necesitar menos adhesivo<\/strong>. Para eso se emplea una pasta o <a title=\"mortero autonivelante\" href=\"https:\/\/es.wikipedia.org\/wiki\/Mortero_autonivelante\" target=\"_blank\" rel=\"nofollow noopener sponsored\"><strong>mortero autonivelante<\/strong><\/a>. Pero no solamente el suelo debe estar seco y nivelado, tambi\u00e9n el entorno debe cumplir una serie de condiciones para poder <a title=\"condiciones para instalar la tarima pegada\" href=\"https:\/\/instalaciondetarimas.com\/madera-maciza-interior\/2016\/01\/11\/como-instalar-la-tarima-maciza-encolandola-sobre-el-suelo\/\" target=\"_blank\" rel=\"noopener sponsored\">instalar la tarima pegada<\/a>. Pero en las viviendas con azulejos se lija el azulejo y se pone el pegamento sin poner autonivelante. <\/span><\/p>\n<p style=\"text-align: left;\"><span style=\"font-size: medium; font-family: arial,helvetica,sans-serif;\">Si no se aplicara el autonivelante se requerir\u00eda un 10 o un 15 &amp; m\u00e1s de adhesivo. As\u00ed que lo que ahorraras en el mortero autonivelante lo perder\u00eda en el adhesivo.<\/span><\/p>\n<div  class=\"et_lb_module et_lb_slogan\">\r\n\t\t\t\t\t<div class='et_lb_module_content clearfix'>\n<p>Si la instalaci\u00f3n es sobre un azulejo no se requiere un mortero autonivelante<\/p>\n<span class='right-quote'><\/span><\/div> <!-- end .et_lb_module_content -->\r\n\t\t\t\t<\/div> <!-- end .et_lb_slogan -->\n<p>&nbsp;<\/p>\n<p><a href=\"https:\/\/instalaciondetarimas.com\/madera-maciza-interior\/wp-content\/uploads\/sites\/10\/2025\/03\/doussie-madera.jpg\"><img loading=\"lazy\" decoding=\"async\" class=\"wp-image-2018 size-full\" src=\"https:\/\/instalaciondetarimas.com\/madera-maciza-interior\/wp-content\/uploads\/sites\/10\/2025\/03\/doussie-madera.jpg\" alt=\"Suelo de madera de doussie pegado sobre solera\" width=\"1000\" height=\"1364\" srcset=\"https:\/\/instalaciondetarimas.com\/madera-maciza-interior\/wp-content\/uploads\/sites\/10\/2025\/03\/doussie-madera.jpg 1000w, https:\/\/instalaciondetarimas.com\/madera-maciza-interior\/wp-content\/uploads\/sites\/10\/2025\/03\/doussie-madera-220x300.jpg 220w, https:\/\/instalaciondetarimas.com\/madera-maciza-interior\/wp-content\/uploads\/sites\/10\/2025\/03\/doussie-madera-751x1024.jpg 751w, https:\/\/instalaciondetarimas.com\/madera-maciza-interior\/wp-content\/uploads\/sites\/10\/2025\/03\/doussie-madera-768x1048.jpg 768w\" sizes=\"auto, (max-width: 1000px) 100vw, 1000px\" \/><\/a> <em>Suelo de madera de doussie pegado sobre solera<\/em><\/p>\n<p style=\"text-align: center;\"><div  class=\"et_lb_module et_lb_slogan\">\r\n\t\t\t\t\t<div class='et_lb_module_content clearfix'>\n<p style=\"text-align: center;\">El doussie es una madera que puede instalarse en cocinas y ba\u00f1os<\/p>\n<p style=\"text-align: center;\"><span class='right-quote'><\/span><\/div> <!-- end .et_lb_module_content -->\r\n\t\t\t\t<\/div> <!-- end .et_lb_slogan -->\n<p style=\"text-align: left;\"><span style=\"font-size: medium; font-family: arial,helvetica,sans-serif;\"><strong>La madera de doussie es una madera muy dura<\/strong>, resistente a las <a title=\"t\u00e9rmitas\" href=\"https:\/\/instalaciondetarimas.com\/blog\/2021\/12\/08\/clasificacion-de-tarimas-resistentes-al-ataque-de-las-termitas-capitulo-1-a\/\" target=\"_blank\" rel=\"noopener sponsored\">t\u00e9rmitas<\/a>, la <a title=\"carcoma tarima\" href=\"https:\/\/instalaciondetarimas.com\/blog\/2014\/08\/13\/instalacion-de-tarimas-resistentes-a-la-carcoma\/\" target=\"_blank\" rel=\"noopener sponsored\">carcoma<\/a> y la <a title=\"polilla o l\u00edctidos\" href=\"https:\/\/instalaciondetarimas.com\/blog\/2015\/10\/03\/tarima-de-exterior-resistente-a-los-lictidos-o-la-polilla-de-la-madera\/\" target=\"_blank\" rel=\"noopener sponsored\">polilla<\/a>. Entre las maderas tropicales es de las <strong>de color m\u00e1s claro<\/strong>, como la <a title=\"madera grapia\" href=\"https:\/\/instalaciondetarimas.com\/blog\/2021\/09\/18\/oferta-de-madera-maciza-de-grapia\/\" target=\"_blank\" rel=\"noopener sponsored\">grapia<\/a>. Es una de <a title=\"las maderas m\u00e1s duras\" href=\"https:\/\/instalaciondetarimas.com\/blog\/2021\/12\/24\/las-maderas-mas-duras-para-la-fabricacion-de-la-tarima-maciza-de-interior-o-exterior\/\" target=\"_blank\" rel=\"noopener sponsored\">las maderas m\u00e1s duras<\/a> y con una <a title=\"densidad alta\" href=\"https:\/\/instalaciondetarimas.com\/blog\/2017\/04\/21\/la-clasificacion-de-la-madera-por-su-densidad\/\" target=\"_blank\" rel=\"noopener sponsored\">densidad alta<\/a>.\u00a0<\/span><\/p>\n<p><a href=\"https:\/\/instalaciondetarimas.com\/madera-maciza-interior\/wp-content\/uploads\/sites\/10\/2025\/03\/tarima-doussie-pegada.jpg\"><img loading=\"lazy\" decoding=\"async\" class=\"wp-image-2006 size-full\" src=\"https:\/\/instalaciondetarimas.com\/madera-maciza-interior\/wp-content\/uploads\/sites\/10\/2025\/03\/tarima-doussie-pegada.jpg\" alt=\"foto de suelo d\u00f3nde se ve cu\u00e1nto adhesivo para tarima se aplica\" width=\"1000\" height=\"750\" srcset=\"https:\/\/instalaciondetarimas.com\/madera-maciza-interior\/wp-content\/uploads\/sites\/10\/2025\/03\/tarima-doussie-pegada.jpg 1000w, https:\/\/instalaciondetarimas.com\/madera-maciza-interior\/wp-content\/uploads\/sites\/10\/2025\/03\/tarima-doussie-pegada-300x225.jpg 300w, https:\/\/instalaciondetarimas.com\/madera-maciza-interior\/wp-content\/uploads\/sites\/10\/2025\/03\/tarima-doussie-pegada-768x576.jpg 768w\" sizes=\"auto, (max-width: 1000px) 100vw, 1000px\" \/><\/a> <em>Foto de suelo d\u00f3nde se ve cu\u00e1nto adhesivo para tarima se aplica<\/em>.<\/p>\n<p style=\"text-align: left;\"><span style=\"font-size: medium; font-family: arial,helvetica,sans-serif;\">Pero en las viviendas con azulejos, plaquetas o m\u00e1rmol no se requiere el mortero autonivelante, dado que cuando se pusieron los azulejos debajo se deb\u00eda haber puesto ya una pasta niveladora.<\/span><\/p>\n<p style=\"text-align: center;\"><div  class=\"et_lb_module et_lb_slogan\">\r\n\t\t\t\t\t<div class='et_lb_module_content clearfix'>\n<p style=\"text-align: center;\">Si te gusta el doussie te podr\u00eda gustar tambi\u00e9n la <a title=\"grapia oferta\" href=\"https:\/\/shop.instalaciondetarimas.com\/producto\/liquidacion-de-tarima-de-madera-de-grapia\/\" target=\"_blank\" rel=\"noopener sponsored\"><strong>grapia<\/strong><\/a><\/p>\n<p style=\"text-align: center;\"><span class='right-quote'><\/span><\/div> <!-- end .et_lb_module_content -->\r\n\t\t\t\t<\/div> <!-- end .et_lb_slogan -->\n<p><a href=\"https:\/\/instalaciondetarimas.com\/madera-maciza-interior\/wp-content\/uploads\/sites\/10\/2025\/03\/tarima-de-dussie-pegada-copia-2.jpg\"><img loading=\"lazy\" decoding=\"async\" class=\"alignnone wp-image-2004 size-full\" src=\"https:\/\/instalaciondetarimas.com\/madera-maciza-interior\/wp-content\/uploads\/sites\/10\/2025\/03\/tarima-de-dussie-pegada-copia-2.jpg\" alt=\"\" width=\"890\" height=\"2024\" srcset=\"https:\/\/instalaciondetarimas.com\/madera-maciza-interior\/wp-content\/uploads\/sites\/10\/2025\/03\/tarima-de-dussie-pegada-copia-2.jpg 890w, https:\/\/instalaciondetarimas.com\/madera-maciza-interior\/wp-content\/uploads\/sites\/10\/2025\/03\/tarima-de-dussie-pegada-copia-2-132x300.jpg 132w, https:\/\/instalaciondetarimas.com\/madera-maciza-interior\/wp-content\/uploads\/sites\/10\/2025\/03\/tarima-de-dussie-pegada-copia-2-450x1024.jpg 450w, https:\/\/instalaciondetarimas.com\/madera-maciza-interior\/wp-content\/uploads\/sites\/10\/2025\/03\/tarima-de-dussie-pegada-copia-2-768x1747.jpg 768w, https:\/\/instalaciondetarimas.com\/madera-maciza-interior\/wp-content\/uploads\/sites\/10\/2025\/03\/tarima-de-dussie-pegada-copia-2-675x1536.jpg 675w\" sizes=\"auto, (max-width: 890px) 100vw, 890px\" \/><\/a><\/p>\n<p style=\"text-align: center;\"><div  class=\"et_lb_module et_lb_slogan\">\r\n\t\t\t\t\t<div class='et_lb_module_content clearfix'>\n<p style=\"text-align: center;\">Para 40 m2 necesitaremos entre 68 \u00f3 72 kg de adhesivo<\/p>\n<p style=\"text-align: center;\"><span class='right-quote'><\/span><\/div> <!-- end .et_lb_module_content -->\r\n\t\t\t\t<\/div> <!-- end .et_lb_slogan -->\n<p style=\"text-align: left;\"><span style=\"font-size: medium; font-family: arial,helvetica,sans-serif;\">Pero vamos a lo que nos interesa: saber calcular cu\u00e1nto adhesivo para tarima se necesita por metro cuadrado. Para 5 m2 ser\u00edan necesarios m\u00e1s o menos 9 kg de adhesivo. Es decir, necesitaremos m\u00e1s o menos 1,8 kilogramos por metro cuadrado con esp\u00e1tula dentada. <\/span><\/p>\n<p style=\"text-align: left;\"><span style=\"font-size: medium; font-family: arial,helvetica,sans-serif;\">Si el suelo estuviera sin un mortero autonivelante la iiregularidad de la solera pedir\u00eda 2 kg por m2.\u00a0<\/span><\/p>\n<div  class=\"et_lb_module et_lb_note-block\">\r\n\t\t\t\t\t<div class='et_lb_note'>\r\n\t\t\t\t\t\t<div class='et_lb_note-inner'>\r\n\t\t\t\t\t\t\t<div class='et_lb_note-content clearfix'>\n<div  class=\"et_lb_module et_lb_list et_lb_list_arrow\">\n<p style=\"text-align: left;\"><span style=\"font-size: medium; font-family: arial,helvetica,sans-serif;\">Tambi\u00e9n te puede interesar:<\/span><\/p>\n<ul>\n<li style=\"text-align: left;\"><span style=\"font-size: medium; font-family: arial,helvetica,sans-serif;\"> <a title=\"c\u00f3mo emplear el adhesivo sika\" href=\"https:\/\/instalaciondetarimas.com\/madera-maciza-interior\/2018\/02\/11\/emplear-adhesivo-sika-bond-at80-pegar-suelos-madera-maciza-la-solera\/\" target=\"_blank\" rel=\"noopener sponsored\">C\u00f3mo emplear el adhesivo sika<\/a>, <\/span><\/li>\n<li style=\"text-align: left;\"><span style=\"font-size: medium; font-family: arial,helvetica,sans-serif;\"><a title=\"El uso adecuado de la esp\u00e1tula dentada\" href=\"https:\/\/instalaciondetarimas.com\/madera-maciza-interior\/2017\/12\/08\/el-encolado-con-la-espatula-dentada\/\" target=\"_blank\" rel=\"nofollow noopener sponsored\">El uso adecuado de la esp\u00e1tula dentada<\/a>. <\/span><\/li>\n<li style=\"text-align: left;\"><span style=\"font-size: medium; font-family: arial,helvetica,sans-serif;\"><a title=\"Las condiciones del suelo para pegar la tarima al suelo\" href=\"https:\/\/instalaciondetarimas.com\/madera-maciza-interior\/2016\/01\/11\/como-instalar-la-tarima-maciza-encolandola-sobre-el-suelo\/\" target=\"_blank\" rel=\"nofollow noopener sponsored\">Las condiciones del suelo para pegar la tarima al suelo<\/a>.<\/span><\/li>\n<\/ul>\n<\/div> <!-- end .et_lb_list -->\n<\/div> <!-- end .et_lb_note-content-->\r\n\t\t\t\t\t\t<\/div> <!-- end .et_lb_note-inner-->\r\n\t\t\t\t\t<\/div> <!-- end .et_lb_note-->\r\n\t\t\t\t\t<div class='et_lb_note-bottom-left'>\r\n\t\t\t\t\t\t<div class='et_lb_note-bottom-right'>\r\n\t\t\t\t\t\t\t<div class='et_lb_note-bottom-center'><\/div>\r\n\t\t\t\t\t\t<\/div>\r\n\t\t\t\t\t<\/div>\r\n\t\t\t\t<\/div> <!-- end .et_lb_note-block-->\n<p><em><a href=\"https:\/\/instalaciondetarimas.com\/madera-maciza-interior\/wp-content\/uploads\/sites\/10\/2025\/03\/montaje-copia.jpg\"><img loading=\"lazy\" decoding=\"async\" class=\"wp-image-2005 size-full\" src=\"https:\/\/instalaciondetarimas.com\/madera-maciza-interior\/wp-content\/uploads\/sites\/10\/2025\/03\/montaje-copia.jpg\" alt=\"Foto tomando mediciones laser para planificar la forma de colocar la tarima y para medir cu\u00e1nto adhesivo para tarima se aplica\" width=\"1000\" height=\"2058\" srcset=\"https:\/\/instalaciondetarimas.com\/madera-maciza-interior\/wp-content\/uploads\/sites\/10\/2025\/03\/montaje-copia.jpg 1000w, https:\/\/instalaciondetarimas.com\/madera-maciza-interior\/wp-content\/uploads\/sites\/10\/2025\/03\/montaje-copia-146x300.jpg 146w, https:\/\/instalaciondetarimas.com\/madera-maciza-interior\/wp-content\/uploads\/sites\/10\/2025\/03\/montaje-copia-498x1024.jpg 498w, https:\/\/instalaciondetarimas.com\/madera-maciza-interior\/wp-content\/uploads\/sites\/10\/2025\/03\/montaje-copia-768x1581.jpg 768w, https:\/\/instalaciondetarimas.com\/madera-maciza-interior\/wp-content\/uploads\/sites\/10\/2025\/03\/montaje-copia-746x1536.jpg 746w, https:\/\/instalaciondetarimas.com\/madera-maciza-interior\/wp-content\/uploads\/sites\/10\/2025\/03\/montaje-copia-995x2048.jpg 995w\" sizes=\"auto, (max-width: 1000px) 100vw, 1000px\" \/><\/a> Foto tomando mediciones laser para planificar la forma de colocar la tarima y para medir cu\u00e1nto adhesivo para tarima se aplica<\/em><br \/>\n<div  class=\"et_lb_module et_lb_slogan\">\r\n\t\t\t\t\t<div class='et_lb_module_content clearfix'>\nSe necesitan + &#8211;\u00a0 1,8 kilogramos por metro cuadrado<br \/>\n<span class='right-quote'><\/span><\/div> <!-- end .et_lb_module_content -->\r\n\t\t\t\t<\/div> <!-- end .et_lb_slogan -->\n<p><a href=\"https:\/\/instalaciondetarimas.com\/madera-maciza-interior\/wp-content\/uploads\/sites\/10\/2025\/03\/doussie-tarima-madera.jpg\"><img loading=\"lazy\" decoding=\"async\" class=\"wp-image-2027 size-full\" src=\"https:\/\/instalaciondetarimas.com\/madera-maciza-interior\/wp-content\/uploads\/sites\/10\/2025\/03\/doussie-tarima-madera.jpg\" alt=\"madera de doussie\" width=\"900\" height=\"1357\" srcset=\"https:\/\/instalaciondetarimas.com\/madera-maciza-interior\/wp-content\/uploads\/sites\/10\/2025\/03\/doussie-tarima-madera.jpg 900w, https:\/\/instalaciondetarimas.com\/madera-maciza-interior\/wp-content\/uploads\/sites\/10\/2025\/03\/doussie-tarima-madera-199x300.jpg 199w, https:\/\/instalaciondetarimas.com\/madera-maciza-interior\/wp-content\/uploads\/sites\/10\/2025\/03\/doussie-tarima-madera-679x1024.jpg 679w, https:\/\/instalaciondetarimas.com\/madera-maciza-interior\/wp-content\/uploads\/sites\/10\/2025\/03\/doussie-tarima-madera-768x1158.jpg 768w\" sizes=\"auto, (max-width: 900px) 100vw, 900px\" \/><\/a><\/p>\n<p style=\"text-align: left;\"><span style=\"font-size: medium; font-family: arial,helvetica,sans-serif;\">De modo que en una instalaci\u00f3n de 40 m2, como en la de las fotos, hemos empleado 1,8 kg x 40 m2= 72 kilogramos de adhesivo. Es decir, precisamente 4 latas de 17 kg y unos 6 salchichones de adhesivo de Sika Bon 151.<\/span><\/p>\n<p>&nbsp;<\/p>\n<p>&nbsp;<\/p>\n<div id=\"attachment_1376\" style=\"width: 310px\" class=\"wp-caption aligncenter\"><a href=\"https:\/\/instalaciondetarimas.com\/categoria-producto\/madera-de-grapia-o-garapa\/\" target=\"_blank\" rel=\"noopener sponsored\"><img loading=\"lazy\" decoding=\"async\" aria-describedby=\"caption-attachment-1376\" class=\"size-full wp-image-1376\" src=\"https:\/\/instalaciondetarimas.com\/madera-maciza-interior\/wp-content\/uploads\/sites\/10\/2021\/11\/grapia-64-1.gif\" alt=\"restos de stock de tarima maciza de grapia o garapa\" width=\"300\" height=\"300\" \/><\/a><p id=\"caption-attachment-1376\" class=\"wp-caption-text\">Restos de stock de tarima maciza de grapia o garapa<\/p><\/div>\n<p>&nbsp;<\/p>\n<p>&nbsp;<\/p>\n<p>&nbsp;<\/p>\n<p>&nbsp;<\/p>\n<p>&nbsp;<\/p>\n<p>&nbsp;<\/p>\n<p>&nbsp;<\/p>\n<p>&nbsp;<\/p>\n<p>&nbsp;<\/p>\n<div id=\"attachment_2013\" style=\"width: 910px\" class=\"wp-caption alignnone\"><a href=\"https:\/\/instalaciondetarimas.com\/madera-maciza-interior\/wp-content\/uploads\/sites\/10\/2025\/03\/doussie-tarima.jpg\"><img loading=\"lazy\" decoding=\"async\" aria-describedby=\"caption-attachment-2013\" class=\"wp-image-2013 size-full\" src=\"https:\/\/instalaciondetarimas.com\/madera-maciza-interior\/wp-content\/uploads\/sites\/10\/2025\/03\/doussie-tarima.jpg\" alt=\"tarima de doussie pegada sobre el suelo\" width=\"900\" height=\"1291\" srcset=\"https:\/\/instalaciondetarimas.com\/madera-maciza-interior\/wp-content\/uploads\/sites\/10\/2025\/03\/doussie-tarima.jpg 900w, https:\/\/instalaciondetarimas.com\/madera-maciza-interior\/wp-content\/uploads\/sites\/10\/2025\/03\/doussie-tarima-209x300.jpg 209w, https:\/\/instalaciondetarimas.com\/madera-maciza-interior\/wp-content\/uploads\/sites\/10\/2025\/03\/doussie-tarima-714x1024.jpg 714w, https:\/\/instalaciondetarimas.com\/madera-maciza-interior\/wp-content\/uploads\/sites\/10\/2025\/03\/doussie-tarima-768x1102.jpg 768w\" sizes=\"auto, (max-width: 900px) 100vw, 900px\" \/><\/a><p id=\"caption-attachment-2013\" class=\"wp-caption-text\"><em>Tarima de doussie pegada sobre el suelo. El rodapi\u00e9 es de 12 cm.<\/em><br \/><span style=\"font-size: medium; font-family: arial,helvetica,sans-serif;\">Lo siguiente es un <a title=\"cepillado y barnizado de tarima\" href=\"https:\/\/instalaciondetarimas.com\/madera-maciza-interior\/2022\/07\/27\/oferta-de-cepillado-y-barnizado-de-tarima-maciza\/\" target=\"_blank\" rel=\"noopener sponsored\">cepillado y barnizado de tarima<\/a>: De modo que la tarima se ha lijado y enmasillado. Posteriormente se han aplicado tres capas de nuestro barniz al agua satinado. Un barniz para usos intensivos.<\/span><\/p><\/p><\/div>\n<p>&nbsp;<\/p>\n<h3><span style=\"font-size: x-large;\">Si est\u00e1s pensando en hacer una instalaci\u00f3n de interior o exterior \u00bfQu\u00e9 te podemos ofrecer? <\/span><\/h3>\n<ul>\n<li><span style=\"font-size: medium; font-family: arial,helvetica,sans-serif;\"><strong>Asesor\u00eda<\/strong> sobre materiales y t\u00e9cnicas si te animas a hacer t\u00fa mismo la instalaci\u00f3n. <\/span><\/li>\n<li><span style=\"font-size: medium; font-family: arial,helvetica,sans-serif;\">Plano de instalaci\u00f3n paso a paso. <\/span><\/li>\n<li><span style=\"font-size: medium; font-family: arial,helvetica,sans-serif;\"><a title=\"cepillado y barnizado de tarima\" href=\"https:\/\/instalaciondetarimas.com\/madera-maciza-interior\/2022\/07\/27\/oferta-de-cepillado-y-barnizado-de-tarima-maciza\/\" target=\"_blank\" rel=\"noopener sponsored\">Cepillado y barnizado de tarima<\/a><\/span><\/li>\n<li><span style=\"font-size: medium; font-family: arial,helvetica,sans-serif;\"><strong>Suministro<\/strong> de los mejores <strong>tarimas premium<\/strong>. <\/span><\/li>\n<li><span style=\"font-size: medium; font-family: arial,helvetica,sans-serif;\"><strong>Venta<\/strong> de los materiales.<\/span><\/li>\n<li><span style=\"font-size: medium; font-family: arial,helvetica,sans-serif;\"><strong> Instalaci\u00f3n<\/strong> con nuestros materiales premium. <\/span><\/li>\n<li><span style=\"font-size: medium; font-family: arial,helvetica,sans-serif;\"><a title=\"restaurar una tarima exterior\" href=\"https:\/\/instalaciondetarimas.com\/blog\/2016\/07\/12\/restaurar-una-tarima-exterior\/\" target=\"_blank\" rel=\"nofollow noopener sponsored\"><strong>Restaurar<\/strong> una tarima<\/a> que llevase rastreles de pino para sustituirlos por rastrel tropical. <\/span><\/li>\n<li><span style=\"font-size: medium; font-family: arial,helvetica,sans-serif;\"><strong>Lijar y acondicionar<\/strong> una tarima <a title=\"color gris\" href=\"https:\/\/es.wikipedia.org\/wiki\/Gris\" target=\"_blank\" rel=\"nofollow noopener sponsored\">gris<\/a>. <\/span><\/li>\n<li><span style=\"font-size: medium; font-family: arial,helvetica,sans-serif;\"><strong>Mantenimientos<\/strong> anuales por contrato. <\/span><\/li>\n<li><span style=\"font-size: medium; font-family: arial,helvetica,sans-serif;\"><strong>Venta de productos<\/strong> de <em>mantenimiento (barnices, aceites, cetoles, tornillos, adhesivos para <a title=\"adhesivos para tarima\" href=\"https:\/\/instalaciondetarimas.com\/tarima-exterior\/2017\/09\/27\/adhesivo-para-tarima-o-madera\/\" target=\"_blank\" rel=\"noopener sponsored\">exterior<\/a> o interior, <a title=\"Grapas para tarima de acero inoxidable A4 (AISI 316)\" href=\"https:\/\/instalaciondetarimas.com\/blog\/2022\/06\/18\/grapas-para-tarima-de-acero-inoxidable-a4-aisi-316\/\" target=\"_blank\" rel=\"noopener sponsored\">grapas para tarima<\/a>, etc. )<\/em><\/span><\/li>\n<\/ul>\n<p>&nbsp;<\/p>\n<p style=\"text-align: center;\"><span style=\"font-size: x-large; font-family: arial,helvetica,sans-serif;\">Presupuestos sin compromiso y asesor\u00eda<\/span><\/p>\n<p style=\"text-align: center;\"><span style=\"font-size: x-large; font-family: arial,helvetica,sans-serif;\"> | +34 <strong>636 52 04 08<\/strong> | 91 890 51 61 |<\/span><\/p>\n[\/et_lb_list]\n[\/et_lb_paper]\n<p>&nbsp;<\/p>\n<p><span style=\"font-size: medium; font-family: arial,helvetica,sans-serif;\"><div  class=\"et_lb_module et_lb_image\">\r\n\t\t\t\t\t<div class='et_lb_module_content'>\r\n\t\t\t\t\t\t<div class='et_lb_module_content_inner clearfix'><div class=\"et_lb_image_content\"><\/span><\/p>\n<a href='#' class='icon-button download-icon' target=\"_blank\">VER LAS HERRAMIENTAS PARA UNA INSTALACI\u00d3N<span class='et-icon'><\/span><\/a>\n<p><a title=\"cetol 2,5 l\" href=\"https:\/\/instalaciondetarimas.com\/wp-content\/uploads\/cetol-wf771.gif\" target=\"_blank\" rel=\"noopener sponsored\"><img loading=\"lazy\" decoding=\"async\" class=\"alignnone wp-image-5170 size-full aligncenter\" src=\"https:\/\/instalaciondetarimas.com\/wp-content\/uploads\/cetol-wf771.gif\" alt=\"cetol wf771 con textos de tel\u00e9fono y otros gr\u00e1ficos\" width=\"300\" height=\"300\" \/><\/a><\/p>\n<p style=\"text-align: center;\"><span style=\"font-size: x-large; font-family: arial,helvetica,sans-serif;\">Venta de producto o mantenimientos con cetol WF771. <\/span><\/p>\n<p style=\"text-align: center;\"><span style=\"font-size: x-large; font-family: arial,helvetica,sans-serif;\">Fabricamos los colores a medida<\/span><\/p>\n<p style=\"text-align: center;\"><span style=\"font-size: x-large; font-family: arial,helvetica,sans-serif;\">Presupuestos sin compromiso<\/span><\/p>\n<p style=\"text-align: center;\"><span style=\"font-size: x-large; font-family: arial,helvetica,sans-serif;\"> | <strong>636 52 04 08<\/strong> | 91 890 51 61 |<\/span><\/p>\n<\/div> <!-- end .et_lb_image_content -->\t\t<\/div> <!-- end .et_lb_module_content_inner -->\r\n\t\t\t\t\t<\/div> <!-- end .et_lb_module_content -->\r\n\t\t\t\t<\/div> <!-- end .et_lb_widget_area -->\n<h6><\/h6>\n<h4 class=\"size-full wp-image-2064\" style=\"text-align: center;\"><span style=\"font-size: x-medium;\"><strong><span style=\"font-size: x-large;\"><span style=\"color: #ff0000;\">\u00a0<\/span><\/span><\/strong><\/span><\/h4>\n<p><a href=\"https:\/\/instalaciondetarimas.com\/categoria-producto\/tienda-online-de-tarima-maciza-y-productos-para-la-madera\/\" target=\"_blank\" rel=\"noopener sponsored\"><img loading=\"lazy\" decoding=\"async\" class=\"aligncenter size-full wp-image-1189\" src=\"https:\/\/instalaciondetarimas.com\/tarima-exterior\/wp-content\/uploads\/sites\/11\/2016\/01\/TIENDA-copy-400x400.png\" alt=\"\" width=\"400\" height=\"400\" \/><\/a><\/p>\n<h5><span style=\"font-size: x-large; font-family: arial,helvetica,sans-serif;\">Textos sobre tarima maciza interior:<\/span><\/h5>\n<ul>\n<li><span style=\"font-size: medium; font-family: arial, helvetica, sans-serif; color: #333333;\"><a style=\"color: #333333;\" href=\"https:\/\/instalaciondetarimas.com\/madera-maciza-interior\/2017\/12\/08\/el-encolado-con-la-espatula-dentada\/\" target=\"_blank\" rel=\"noopener\">El encolado de la tarima al suelo con esp\u00e1tula dentada <\/a><\/span><\/li>\n<li><span style=\"font-size: medium; font-family: arial, helvetica, sans-serif; color: #333333;\"><a style=\"color: #333333;\" href=\"https:\/\/instalaciondetarimas.com\/tarima-maciza-barnizada\/2015\/12\/30\/como-hacer-la-instalacion-de-la-tarima-maciza-barnizada\/\" target=\"_blank\" rel=\"noopener\">Instalar la tarima que ya viene barnizada en la f\u00e1brica. <\/a><\/span><\/li>\n<li><span style=\"font-size: medium; font-family: arial, helvetica, sans-serif; color: #333333;\"><a style=\"color: #333333;\" href=\"https:\/\/instalaciondetarimas.com\/tarima-maciza-barnizada\/2017\/06\/21\/las-ventajas-del-barnizado-de-fabrica-en-la-tarima-maciza\/\" target=\"_blank\" rel=\"noopener\">Las ventajas de la tarima barnizada de f\u00e1brica<\/a><\/span><\/li>\n<li><span style=\"font-size: medium; font-family: arial, helvetica, sans-serif; color: #333333;\"><a style=\"color: #333333;\" href=\"https:\/\/instalaciondetarimas.com\/madera-maciza-interior\/2017\/05\/08\/la-instalacion-de-la-madera-en-el-suelo-radiante\/\" target=\"_blank\" rel=\"noopener\">La instalaci\u00f3n de la tarima sobre un suelo radiante <\/a><\/span><\/li>\n<li><span style=\"font-size: medium; font-family: arial, helvetica, sans-serif; color: #333333;\"><a style=\"color: #333333;\" href=\"https:\/\/instalaciondetarimas.com\/tarima-maciza-barnizada\/2017\/03\/29\/fotos-tarima-maciza-roble-barnizado\/\" target=\"_blank\" rel=\"noopener\">Fotos de tarima de roble barnizado en la f\u00e1brica. <\/a><\/span><\/li>\n<li><span style=\"font-size: medium; font-family: arial, helvetica, sans-serif; color: #333333;\"><a style=\"color: #333333;\" href=\"https:\/\/instalaciondetarimas.com\/madera-maciza-interior\/2018\/01\/11\/como-secar-el-suelo-al-2-de-humedad-para-poder-pegar-la-tarima-maciza-al-suelo-sin-emplear-el-rastrel\/\" target=\"_blank\" rel=\"noopener\">\u00bfC\u00f3mo secar el suelo al 2% de humedad para poder pegar la tarima maciza al suelo, sin emplear el rastrel?. <\/a><\/span><\/li>\n<li><span style=\"font-size: medium; font-family: arial, helvetica, sans-serif; color: #333333;\"><a style=\"color: #333333;\" href=\"https:\/\/instalaciondetarimas.com\/madera-maciza-interior\/2015\/12\/18\/las-ventajas-de-la-tarima-maciza\/\" target=\"_blank\" rel=\"noopener sponsored\">Las ventajas de la tarima maciza<\/a>. <\/span><\/li>\n<li><span style=\"font-size: medium; font-family: arial, helvetica, sans-serif; color: #333333;\"><a style=\"color: #333333;\" href=\"https:\/\/instalaciondetarimas.com\/enciclopedia-de-la-madera\/2021\/12\/03\/que-es-mejor-una-tarima-flotante-o-maciza\/\" target=\"_blank\" rel=\"noopener sponsored\">\u00bfQu\u00e9 es mejor la tarima maciza o la flotante?<\/a>. <\/span><\/li>\n<li><span style=\"font-size: medium; font-family: arial, helvetica, sans-serif; color: #333333;\"><a href=\"https:\/\/instalaciondetarimas.com\/madera-maciza-interior\/2018\/09\/07\/ficha-de-la-limpieza-del-suelo-tratado-con-el-aceite-de-interior-rubio-monocoat\/\" target=\"_blank\" rel=\"noopener sponsored\">Mantenimiento y limpieza de la tarima interior<\/a>.<\/span><\/li>\n<\/ul>\n<p>&nbsp;<\/p>\n<p><span style=\"font-size: x-large; font-family: arial,helvetica,sans-serif;\">| Venta directa en Espa\u00f1a y cualquier parte de Europa | <strong>636 52 04 08<\/strong> | 91 890 51 61 | <a title=\"mailto:tarima@instalaciondetarimas.com?subject=\" href=\"mailto:tarima@instalaciondetarimas.com?subject=\">tarima@instalaciondetarimas.com<\/a> | Especialistas en instalaci\u00f3n en tarimas de exterior y tarima de madera maciza interior | Tarima maciza de exterior: Cu\u00e1nto adhesivo para tarima necesitamos por m2 |<\/span><\/p>\n<p style=\"text-align: center;\"><span style=\"font-size: x-large; font-family: arial,helvetica,sans-serif;\">Presupuestos sin compromiso y asesor\u00eda<\/span><\/p>\n<p style=\"text-align: center;\"><span style=\"font-size: x-large; font-family: arial,helvetica,sans-serif;\"> | <strong>636 52 04 08<\/strong> | 91 890 51 61 |<\/span><\/p>\n<p>&nbsp;<\/p>\n<!--CusAds0-->\n<div style=\"font-size: 0px; height: 0px; line-height: 0px; margin: 0; padding: 0; clear: both;\"><\/div>","protected":false},"excerpt":{"rendered":"<p>\u00bfCu\u00e1nto adhesivo para tarima se necesita por metro cuadrado (m2) en el interior? Vamos a ver c\u00f3mo calcular cu\u00e1nto adhesivo para tarima se necesita por metro cuadrado (m2) en una instalaci\u00f3n de una tarima pegada sobre el suelo. Nos referimos a los casos en los que la tarima maciza no se clava sobre un rastrel, [&hellip;]<\/p>\n","protected":false},"author":1,"featured_media":2006,"comment_status":"open","ping_status":"open","sticky":false,"template":"","format":"standard","meta":{"footnotes":""},"categories":[37,6,7],"tags":[96],"class_list":["post-1995","post","type-post","status-publish","format-standard","has-post-thumbnail","hentry","category-como-instalar-los-suelos-de-madera","category-madera-maciza","category-tarima-maciza","tag-cuanto-adhesivo-para-tarima"],"yoast_head":"<!-- This site is optimized with the Yoast SEO plugin v27.1.1 - https:\/\/yoast.com\/product\/yoast-seo-wordpress\/ -->\n<title>\u00bfCu\u00e1nto adhesivo para tarima se necesita por metro cuadrado ?<\/title>\n<meta name=\"description\" content=\"Vamos a ver como calcular cu\u00e1nto adhesivo para tarima se necesita por metro cuadrado (m2) en una instalaci\u00f3n de una tarima pegada al suelo\" \/>\n<meta name=\"robots\" content=\"index, follow, max-snippet:-1, max-image-preview:large, max-video-preview:-1\" \/>\n<link rel=\"canonical\" href=\"https:\/\/instalaciondetarimas.com\/madera-maciza-interior\/2025\/03\/12\/cuanto-adhesivo-para-tarima-se-necesita-por-metro-cuadrado-m2\/\" \/>\n<meta property=\"og:locale\" content=\"es_ES\" \/>\n<meta property=\"og:type\" content=\"article\" \/>\n<meta property=\"og:title\" content=\"\u00bfCu\u00e1nto adhesivo para tarima se necesita por metro cuadrado ?\" \/>\n<meta property=\"og:description\" content=\"Vamos a ver como calcular cu\u00e1nto adhesivo para tarima se necesita por metro cuadrado (m2) en una instalaci\u00f3n de una tarima pegada al suelo\" \/>\n<meta property=\"og:url\" content=\"https:\/\/instalaciondetarimas.com\/madera-maciza-interior\/2025\/03\/12\/cuanto-adhesivo-para-tarima-se-necesita-por-metro-cuadrado-m2\/\" \/>\n<meta property=\"og:site_name\" content=\"Ofertas de tarima maciza para suelos de interior\" \/>\n<meta property=\"article:published_time\" content=\"2025-03-12T22:49:50+00:00\" \/>\n<meta property=\"article:modified_time\" content=\"2025-03-22T23:14:32+00:00\" \/>\n<meta property=\"og:image\" content=\"https:\/\/instalaciondetarimas.com\/madera-maciza-interior\/wp-content\/uploads\/sites\/10\/2025\/03\/tarima-doussie-pegada.jpg\" \/>\n\t<meta property=\"og:image:width\" content=\"1000\" \/>\n\t<meta property=\"og:image:height\" content=\"750\" \/>\n\t<meta property=\"og:image:type\" content=\"image\/jpeg\" \/>\n<meta name=\"author\" content=\"Ribas\" \/>\n<meta name=\"twitter:card\" content=\"summary_large_image\" \/>\n<meta name=\"twitter:label1\" content=\"Escrito por\" \/>\n\t<meta name=\"twitter:data1\" content=\"Ribas\" \/>\n\t<meta name=\"twitter:label2\" content=\"Tiempo de lectura\" \/>\n\t<meta name=\"twitter:data2\" content=\"8 minutos\" \/>\n<script type=\"application\/ld+json\" class=\"yoast-schema-graph\">{\"@context\":\"https:\/\/schema.org\",\"@graph\":[{\"@type\":\"Article\",\"@id\":\"https:\/\/instalaciondetarimas.com\/madera-maciza-interior\/2025\/03\/12\/cuanto-adhesivo-para-tarima-se-necesita-por-metro-cuadrado-m2\/#article\",\"isPartOf\":{\"@id\":\"https:\/\/instalaciondetarimas.com\/madera-maciza-interior\/2025\/03\/12\/cuanto-adhesivo-para-tarima-se-necesita-por-metro-cuadrado-m2\/\"},\"author\":{\"name\":\"Ribas\",\"@id\":\"https:\/\/instalaciondetarimas.com\/madera-maciza-interior\/#\/schema\/person\/080df099c3c04ec9642544e2451b38c2\"},\"headline\":\"\u00bfCu\u00e1nto adhesivo para tarima se necesita por metro cuadrado (m2) en el interior?\",\"datePublished\":\"2025-03-12T22:49:50+00:00\",\"dateModified\":\"2025-03-22T23:14:32+00:00\",\"mainEntityOfPage\":{\"@id\":\"https:\/\/instalaciondetarimas.com\/madera-maciza-interior\/2025\/03\/12\/cuanto-adhesivo-para-tarima-se-necesita-por-metro-cuadrado-m2\/\"},\"wordCount\":1223,\"commentCount\":8,\"image\":{\"@id\":\"https:\/\/instalaciondetarimas.com\/madera-maciza-interior\/2025\/03\/12\/cuanto-adhesivo-para-tarima-se-necesita-por-metro-cuadrado-m2\/#primaryimage\"},\"thumbnailUrl\":\"https:\/\/instalaciondetarimas.com\/madera-maciza-interior\/wp-content\/uploads\/sites\/10\/2025\/03\/tarima-doussie-pegada.jpg\",\"keywords\":[\"cu\u00e1nto adhesivo para tarima\"],\"articleSection\":[\"INSTALACI\u00d3N\",\"MADERA MACIZA\",\"TARIMA MACIZA\"],\"inLanguage\":\"es\",\"potentialAction\":[{\"@type\":\"CommentAction\",\"name\":\"Comment\",\"target\":[\"https:\/\/instalaciondetarimas.com\/madera-maciza-interior\/2025\/03\/12\/cuanto-adhesivo-para-tarima-se-necesita-por-metro-cuadrado-m2\/#respond\"]}]},{\"@type\":\"WebPage\",\"@id\":\"https:\/\/instalaciondetarimas.com\/madera-maciza-interior\/2025\/03\/12\/cuanto-adhesivo-para-tarima-se-necesita-por-metro-cuadrado-m2\/\",\"url\":\"https:\/\/instalaciondetarimas.com\/madera-maciza-interior\/2025\/03\/12\/cuanto-adhesivo-para-tarima-se-necesita-por-metro-cuadrado-m2\/\",\"name\":\"\u00bfCu\u00e1nto adhesivo para tarima se necesita por metro cuadrado ?\",\"isPartOf\":{\"@id\":\"https:\/\/instalaciondetarimas.com\/madera-maciza-interior\/#website\"},\"primaryImageOfPage\":{\"@id\":\"https:\/\/instalaciondetarimas.com\/madera-maciza-interior\/2025\/03\/12\/cuanto-adhesivo-para-tarima-se-necesita-por-metro-cuadrado-m2\/#primaryimage\"},\"image\":{\"@id\":\"https:\/\/instalaciondetarimas.com\/madera-maciza-interior\/2025\/03\/12\/cuanto-adhesivo-para-tarima-se-necesita-por-metro-cuadrado-m2\/#primaryimage\"},\"thumbnailUrl\":\"https:\/\/instalaciondetarimas.com\/madera-maciza-interior\/wp-content\/uploads\/sites\/10\/2025\/03\/tarima-doussie-pegada.jpg\",\"datePublished\":\"2025-03-12T22:49:50+00:00\",\"dateModified\":\"2025-03-22T23:14:32+00:00\",\"author\":{\"@id\":\"https:\/\/instalaciondetarimas.com\/madera-maciza-interior\/#\/schema\/person\/080df099c3c04ec9642544e2451b38c2\"},\"description\":\"Vamos a ver como calcular cu\u00e1nto adhesivo para tarima se necesita por metro cuadrado (m2) en una instalaci\u00f3n de una tarima pegada al suelo\",\"breadcrumb\":{\"@id\":\"https:\/\/instalaciondetarimas.com\/madera-maciza-interior\/2025\/03\/12\/cuanto-adhesivo-para-tarima-se-necesita-por-metro-cuadrado-m2\/#breadcrumb\"},\"inLanguage\":\"es\",\"potentialAction\":[{\"@type\":\"ReadAction\",\"target\":[\"https:\/\/instalaciondetarimas.com\/madera-maciza-interior\/2025\/03\/12\/cuanto-adhesivo-para-tarima-se-necesita-por-metro-cuadrado-m2\/\"]}]},{\"@type\":\"ImageObject\",\"inLanguage\":\"es\",\"@id\":\"https:\/\/instalaciondetarimas.com\/madera-maciza-interior\/2025\/03\/12\/cuanto-adhesivo-para-tarima-se-necesita-por-metro-cuadrado-m2\/#primaryimage\",\"url\":\"https:\/\/instalaciondetarimas.com\/madera-maciza-interior\/wp-content\/uploads\/sites\/10\/2025\/03\/tarima-doussie-pegada.jpg\",\"contentUrl\":\"https:\/\/instalaciondetarimas.com\/madera-maciza-interior\/wp-content\/uploads\/sites\/10\/2025\/03\/tarima-doussie-pegada.jpg\",\"width\":1000,\"height\":750,\"caption\":\"Foto de madera de grapia con adhesivo para madera en el suelo radiante\"},{\"@type\":\"BreadcrumbList\",\"@id\":\"https:\/\/instalaciondetarimas.com\/madera-maciza-interior\/2025\/03\/12\/cuanto-adhesivo-para-tarima-se-necesita-por-metro-cuadrado-m2\/#breadcrumb\",\"itemListElement\":[{\"@type\":\"ListItem\",\"position\":1,\"name\":\"Portada\",\"item\":\"https:\/\/instalaciondetarimas.com\/madera-maciza-interior\/\"},{\"@type\":\"ListItem\",\"position\":2,\"name\":\"\u00bfCu\u00e1nto adhesivo para tarima se necesita por metro cuadrado (m2) en el interior?\"}]},{\"@type\":\"WebSite\",\"@id\":\"https:\/\/instalaciondetarimas.com\/madera-maciza-interior\/#website\",\"url\":\"https:\/\/instalaciondetarimas.com\/madera-maciza-interior\/\",\"name\":\"Ofertas de tarima maciza para suelos de interior\",\"description\":\"Ofertas de tarima maciza\",\"potentialAction\":[{\"@type\":\"SearchAction\",\"target\":{\"@type\":\"EntryPoint\",\"urlTemplate\":\"https:\/\/instalaciondetarimas.com\/madera-maciza-interior\/?s={search_term_string}\"},\"query-input\":{\"@type\":\"PropertyValueSpecification\",\"valueRequired\":true,\"valueName\":\"search_term_string\"}}],\"inLanguage\":\"es\"},{\"@type\":\"Person\",\"@id\":\"https:\/\/instalaciondetarimas.com\/madera-maciza-interior\/#\/schema\/person\/080df099c3c04ec9642544e2451b38c2\",\"name\":\"Ribas\",\"image\":{\"@type\":\"ImageObject\",\"inLanguage\":\"es\",\"@id\":\"https:\/\/instalaciondetarimas.com\/madera-maciza-interior\/#\/schema\/person\/image\/\",\"url\":\"https:\/\/secure.gravatar.com\/avatar\/53f051e804b18764c53f9952c629b135af8edb7bb2b61711c5175ce506878789?s=96&d=mm&r=g\",\"contentUrl\":\"https:\/\/secure.gravatar.com\/avatar\/53f051e804b18764c53f9952c629b135af8edb7bb2b61711c5175ce506878789?s=96&d=mm&r=g\",\"caption\":\"Ribas\"},\"url\":\"https:\/\/instalaciondetarimas.com\/madera-maciza-interior\/author\/admin\/\"}]}<\/script>\n<!-- \/ Yoast SEO plugin. -->","yoast_head_json":{"title":"\u00bfCu\u00e1nto adhesivo para tarima se necesita por metro cuadrado ?","description":"Vamos a ver como calcular cu\u00e1nto adhesivo para tarima se necesita por metro cuadrado (m2) en una instalaci\u00f3n de una tarima pegada al suelo","robots":{"index":"index","follow":"follow","max-snippet":"max-snippet:-1","max-image-preview":"max-image-preview:large","max-video-preview":"max-video-preview:-1"},"canonical":"https:\/\/instalaciondetarimas.com\/madera-maciza-interior\/2025\/03\/12\/cuanto-adhesivo-para-tarima-se-necesita-por-metro-cuadrado-m2\/","og_locale":"es_ES","og_type":"article","og_title":"\u00bfCu\u00e1nto adhesivo para tarima se necesita por metro cuadrado ?","og_description":"Vamos a ver como calcular cu\u00e1nto adhesivo para tarima se necesita por metro cuadrado (m2) en una instalaci\u00f3n de una tarima pegada al suelo","og_url":"https:\/\/instalaciondetarimas.com\/madera-maciza-interior\/2025\/03\/12\/cuanto-adhesivo-para-tarima-se-necesita-por-metro-cuadrado-m2\/","og_site_name":"Ofertas de tarima maciza para suelos de interior","article_published_time":"2025-03-12T22:49:50+00:00","article_modified_time":"2025-03-22T23:14:32+00:00","og_image":[{"width":1000,"height":750,"url":"https:\/\/instalaciondetarimas.com\/madera-maciza-interior\/wp-content\/uploads\/sites\/10\/2025\/03\/tarima-doussie-pegada.jpg","type":"image\/jpeg"}],"author":"Ribas","twitter_card":"summary_large_image","twitter_misc":{"Escrito por":"Ribas","Tiempo de lectura":"8 minutos"},"schema":{"@context":"https:\/\/schema.org","@graph":[{"@type":"Article","@id":"https:\/\/instalaciondetarimas.com\/madera-maciza-interior\/2025\/03\/12\/cuanto-adhesivo-para-tarima-se-necesita-por-metro-cuadrado-m2\/#article","isPartOf":{"@id":"https:\/\/instalaciondetarimas.com\/madera-maciza-interior\/2025\/03\/12\/cuanto-adhesivo-para-tarima-se-necesita-por-metro-cuadrado-m2\/"},"author":{"name":"Ribas","@id":"https:\/\/instalaciondetarimas.com\/madera-maciza-interior\/#\/schema\/person\/080df099c3c04ec9642544e2451b38c2"},"headline":"\u00bfCu\u00e1nto adhesivo para tarima se necesita por metro cuadrado (m2) en el interior?","datePublished":"2025-03-12T22:49:50+00:00","dateModified":"2025-03-22T23:14:32+00:00","mainEntityOfPage":{"@id":"https:\/\/instalaciondetarimas.com\/madera-maciza-interior\/2025\/03\/12\/cuanto-adhesivo-para-tarima-se-necesita-por-metro-cuadrado-m2\/"},"wordCount":1223,"commentCount":8,"image":{"@id":"https:\/\/instalaciondetarimas.com\/madera-maciza-interior\/2025\/03\/12\/cuanto-adhesivo-para-tarima-se-necesita-por-metro-cuadrado-m2\/#primaryimage"},"thumbnailUrl":"https:\/\/instalaciondetarimas.com\/madera-maciza-interior\/wp-content\/uploads\/sites\/10\/2025\/03\/tarima-doussie-pegada.jpg","keywords":["cu\u00e1nto adhesivo para tarima"],"articleSection":["INSTALACI\u00d3N","MADERA MACIZA","TARIMA MACIZA"],"inLanguage":"es","potentialAction":[{"@type":"CommentAction","name":"Comment","target":["https:\/\/instalaciondetarimas.com\/madera-maciza-interior\/2025\/03\/12\/cuanto-adhesivo-para-tarima-se-necesita-por-metro-cuadrado-m2\/#respond"]}]},{"@type":"WebPage","@id":"https:\/\/instalaciondetarimas.com\/madera-maciza-interior\/2025\/03\/12\/cuanto-adhesivo-para-tarima-se-necesita-por-metro-cuadrado-m2\/","url":"https:\/\/instalaciondetarimas.com\/madera-maciza-interior\/2025\/03\/12\/cuanto-adhesivo-para-tarima-se-necesita-por-metro-cuadrado-m2\/","name":"\u00bfCu\u00e1nto adhesivo para tarima se necesita por metro cuadrado ?","isPartOf":{"@id":"https:\/\/instalaciondetarimas.com\/madera-maciza-interior\/#website"},"primaryImageOfPage":{"@id":"https:\/\/instalaciondetarimas.com\/madera-maciza-interior\/2025\/03\/12\/cuanto-adhesivo-para-tarima-se-necesita-por-metro-cuadrado-m2\/#primaryimage"},"image":{"@id":"https:\/\/instalaciondetarimas.com\/madera-maciza-interior\/2025\/03\/12\/cuanto-adhesivo-para-tarima-se-necesita-por-metro-cuadrado-m2\/#primaryimage"},"thumbnailUrl":"https:\/\/instalaciondetarimas.com\/madera-maciza-interior\/wp-content\/uploads\/sites\/10\/2025\/03\/tarima-doussie-pegada.jpg","datePublished":"2025-03-12T22:49:50+00:00","dateModified":"2025-03-22T23:14:32+00:00","author":{"@id":"https:\/\/instalaciondetarimas.com\/madera-maciza-interior\/#\/schema\/person\/080df099c3c04ec9642544e2451b38c2"},"description":"Vamos a ver como calcular cu\u00e1nto adhesivo para tarima se necesita por metro cuadrado (m2) en una instalaci\u00f3n de una tarima pegada al suelo","breadcrumb":{"@id":"https:\/\/instalaciondetarimas.com\/madera-maciza-interior\/2025\/03\/12\/cuanto-adhesivo-para-tarima-se-necesita-por-metro-cuadrado-m2\/#breadcrumb"},"inLanguage":"es","potentialAction":[{"@type":"ReadAction","target":["https:\/\/instalaciondetarimas.com\/madera-maciza-interior\/2025\/03\/12\/cuanto-adhesivo-para-tarima-se-necesita-por-metro-cuadrado-m2\/"]}]},{"@type":"ImageObject","inLanguage":"es","@id":"https:\/\/instalaciondetarimas.com\/madera-maciza-interior\/2025\/03\/12\/cuanto-adhesivo-para-tarima-se-necesita-por-metro-cuadrado-m2\/#primaryimage","url":"https:\/\/instalaciondetarimas.com\/madera-maciza-interior\/wp-content\/uploads\/sites\/10\/2025\/03\/tarima-doussie-pegada.jpg","contentUrl":"https:\/\/instalaciondetarimas.com\/madera-maciza-interior\/wp-content\/uploads\/sites\/10\/2025\/03\/tarima-doussie-pegada.jpg","width":1000,"height":750,"caption":"Foto de madera de grapia con adhesivo para madera en el suelo radiante"},{"@type":"BreadcrumbList","@id":"https:\/\/instalaciondetarimas.com\/madera-maciza-interior\/2025\/03\/12\/cuanto-adhesivo-para-tarima-se-necesita-por-metro-cuadrado-m2\/#breadcrumb","itemListElement":[{"@type":"ListItem","position":1,"name":"Portada","item":"https:\/\/instalaciondetarimas.com\/madera-maciza-interior\/"},{"@type":"ListItem","position":2,"name":"\u00bfCu\u00e1nto adhesivo para tarima se necesita por metro cuadrado (m2) en el interior?"}]},{"@type":"WebSite","@id":"https:\/\/instalaciondetarimas.com\/madera-maciza-interior\/#website","url":"https:\/\/instalaciondetarimas.com\/madera-maciza-interior\/","name":"Ofertas de tarima maciza para suelos de interior","description":"Ofertas de tarima maciza","potentialAction":[{"@type":"SearchAction","target":{"@type":"EntryPoint","urlTemplate":"https:\/\/instalaciondetarimas.com\/madera-maciza-interior\/?s={search_term_string}"},"query-input":{"@type":"PropertyValueSpecification","valueRequired":true,"valueName":"search_term_string"}}],"inLanguage":"es"},{"@type":"Person","@id":"https:\/\/instalaciondetarimas.com\/madera-maciza-interior\/#\/schema\/person\/080df099c3c04ec9642544e2451b38c2","name":"Ribas","image":{"@type":"ImageObject","inLanguage":"es","@id":"https:\/\/instalaciondetarimas.com\/madera-maciza-interior\/#\/schema\/person\/image\/","url":"https:\/\/secure.gravatar.com\/avatar\/53f051e804b18764c53f9952c629b135af8edb7bb2b61711c5175ce506878789?s=96&d=mm&r=g","contentUrl":"https:\/\/secure.gravatar.com\/avatar\/53f051e804b18764c53f9952c629b135af8edb7bb2b61711c5175ce506878789?s=96&d=mm&r=g","caption":"Ribas"},"url":"https:\/\/instalaciondetarimas.com\/madera-maciza-interior\/author\/admin\/"}]}},"_links":{"self":[{"href":"https:\/\/instalaciondetarimas.com\/madera-maciza-interior\/wp-json\/wp\/v2\/posts\/1995","targetHints":{"allow":["GET"]}}],"collection":[{"href":"https:\/\/instalaciondetarimas.com\/madera-maciza-interior\/wp-json\/wp\/v2\/posts"}],"about":[{"href":"https:\/\/instalaciondetarimas.com\/madera-maciza-interior\/wp-json\/wp\/v2\/types\/post"}],"author":[{"embeddable":true,"href":"https:\/\/instalaciondetarimas.com\/madera-maciza-interior\/wp-json\/wp\/v2\/users\/1"}],"replies":[{"embeddable":true,"href":"https:\/\/instalaciondetarimas.com\/madera-maciza-interior\/wp-json\/wp\/v2\/comments?post=1995"}],"version-history":[{"count":10,"href":"https:\/\/instalaciondetarimas.com\/madera-maciza-interior\/wp-json\/wp\/v2\/posts\/1995\/revisions"}],"predecessor-version":[{"id":2137,"href":"https:\/\/instalaciondetarimas.com\/madera-maciza-interior\/wp-json\/wp\/v2\/posts\/1995\/revisions\/2137"}],"wp:featuredmedia":[{"embeddable":true,"href":"https:\/\/instalaciondetarimas.com\/madera-maciza-interior\/wp-json\/wp\/v2\/media\/2006"}],"wp:attachment":[{"href":"https:\/\/instalaciondetarimas.com\/madera-maciza-interior\/wp-json\/wp\/v2\/media?parent=1995"}],"wp:term":[{"taxonomy":"category","embeddable":true,"href":"https:\/\/instalaciondetarimas.com\/madera-maciza-interior\/wp-json\/wp\/v2\/categories?post=1995"},{"taxonomy":"post_tag","embeddable":true,"href":"https:\/\/instalaciondetarimas.com\/madera-maciza-interior\/wp-json\/wp\/v2\/tags?post=1995"}],"curies":[{"name":"wp","href":"https:\/\/api.w.org\/{rel}","templated":true}]}}