{"id":1954,"date":"2024-11-06T21:24:53","date_gmt":"2024-11-06T20:24:53","guid":{"rendered":"https:\/\/instalaciondetarimas.com\/madera-maciza-interior\/?p=1954"},"modified":"2025-03-23T00:30:38","modified_gmt":"2025-03-22T23:30:38","slug":"por-que-es-mejor-una-tarima-laminada-de-12-milimetros-ac6","status":"publish","type":"post","link":"https:\/\/instalaciondetarimas.com\/madera-maciza-interior\/2024\/11\/06\/por-que-es-mejor-una-tarima-laminada-de-12-milimetros-ac6\/","title":{"rendered":"\u00bfPor qu\u00e9 es mejor una tarima laminada de 12 mil\u00edmetros AC6 ?"},"content":{"rendered":"<h1>\u00bfPor qu\u00e9 es mejor una tarima laminada de 12 mil\u00edmetros AC6?<\/h1>\n<p><span style=\"font-size: medium; font-family: arial,helvetica,sans-serif;\">La <strong>tarima laminada de 12 mil\u00edmetros<\/strong> ecol\u00f3gico de un grosor es mejor que una de 10 mil\u00edmetros, o grosores inferiores. En primer lugar, al tener m\u00e1s grosor los sistemas de uni\u00f3n son m\u00e1s resistentes porque tambi\u00e9n son m\u00e1s gruesos. Es decir, las lenguetas del<strong>\u00a0sistema de clic no se va a romper bajo un golpe<\/strong> o m\u00e1s presi\u00f3n <strong>o el peso de un mueble pesado<\/strong>. El sistema con 12 mm es m\u00e1s duro. Por el contrario las uniones de tarimas convencionales de 10 \u00fa 8 mil\u00edmetros son fr\u00e1giles y no van a resistir estas situaciones que comentamos.<\/span><\/p>\n<div id=\"attachment_1763\" style=\"width: 310px\" class=\"wp-caption aligncenter\"><a title=\"TARIMA AC6\" href=\"https:\/\/shop.instalaciondetarimas.com\/producto\/laminado-ac6-ecologico-libre-de-cov-sustancias-organicas-volatiles-y-de-formaldehido-de-12-mm-de-espesor\/\" target=\"_blank\" rel=\"noopener sponsored\"><img loading=\"lazy\" decoding=\"async\" aria-describedby=\"caption-attachment-1763\" class=\"size-full wp-image-1763\" src=\"https:\/\/instalaciondetarimas.com\/madera-maciza-interior\/wp-content\/uploads\/sites\/10\/2022\/12\/LAMINADO-AC6.gif\" alt=\"\" width=\"300\" height=\"300\" \/><\/a><p id=\"caption-attachment-1763\" class=\"wp-caption-text\">Roble laminado AC6 hidr\u00f3fugo y ecol\u00f3gico<\/p><\/div>\n<p style=\"text-align: center;\"><span style=\"font-size: x-large; font-family: arial,helvetica,sans-serif;\">Presupuestos sin compromiso y asesor\u00eda<\/span><\/p>\n<p style=\"text-align: center;\"><span style=\"font-size: x-large; font-family: arial,helvetica,sans-serif;\"> | <strong>636 52 04 08<\/strong> | 91 890 51 61 |<\/span><\/p>\n<p><a href=\"https:\/\/instalaciondetarimas.com\/madera-maciza-interior\/wp-content\/uploads\/sites\/10\/2024\/11\/IMG_20241017_160432-copia.jpg\"><img loading=\"lazy\" decoding=\"async\" class=\"size-full wp-image-1958 aligncenter\" src=\"https:\/\/instalaciondetarimas.com\/madera-maciza-interior\/wp-content\/uploads\/sites\/10\/2024\/11\/IMG_20241017_160432-copia.jpg\" alt=\"Instalaci\u00f3n de tarima laminada de 12 mil\u00edmetros\" width=\"658\" height=\"900\" srcset=\"https:\/\/instalaciondetarimas.com\/madera-maciza-interior\/wp-content\/uploads\/sites\/10\/2024\/11\/IMG_20241017_160432-copia.jpg 658w, https:\/\/instalaciondetarimas.com\/madera-maciza-interior\/wp-content\/uploads\/sites\/10\/2024\/11\/IMG_20241017_160432-copia-219x300.jpg 219w\" sizes=\"auto, (max-width: 658px) 100vw, 658px\" \/><\/a><\/p>\n<h2>Una tarima laminada de 12 mil\u00edmetros en una reforma es mucho mejor y te lo demostramos.<\/h2>\n<p><span style=\"font-size: medium; font-family: arial,helvetica,sans-serif;\">Pero la situaci\u00f3n en la que una tarima laminada de 12 mil\u00edmetros se hace indiscutible es cuando se emplea en una reforma. En la remodelaci\u00f3n de una vivienda hay otro factor muy importante, que es la<strong> falta de planitud de los suelos<\/strong>. <\/span><span style=\"font-size: medium; font-family: arial,helvetica,sans-serif;\">Dicho de otro modo, el suelo no es plano, puede estar con cierta inclinaci\u00f3n, con una curvatura o presentar diversas irregularidades. De modo que habr\u00e1 zonas en los que la tarima se quedar\u00e1 en el aire, se quedar\u00e1 sin apoyo en determinadas zonas. As\u00ed que con la pisada se transmitir\u00eda una tensi\u00f3n hasta las zonas de uni\u00f3n por clic y se podr\u00edan romper con mucha probabilidad las tarimas con un grosor de 10 \u00fa 8 mm. Por contra, <strong>una tarima laminada de 12 mil\u00edmetros va a resistir esos suelos irregulares<\/strong>. <\/span><\/p>\n<p><span style=\"font-size: medium; font-family: arial,helvetica,sans-serif;\">Por tanto una tarima con 12 mm es m\u00e1s fiable y m\u00e1s resistente. Es mejor porque nos podemos ahorrar el autonivelante sin que tengamos que poner un mortero autonivelante. No se van a romper las lenguetas. Con laminados inferiores a 12 mm las leng\u00fcetas se pueden romper.<\/span><\/p>\n<p style=\"text-align: center;\"><span style=\"font-size: x-large; font-family: arial,helvetica,sans-serif;\">Presupuestos sin compromiso y asesor\u00eda<\/span><\/p>\n<p style=\"text-align: center;\"><span style=\"font-size: x-large; font-family: arial,helvetica,sans-serif;\"> | <strong>636 52 04 08<\/strong> | 91 890 51 61 |<\/span><\/p>\n<p><a href=\"https:\/\/instalaciondetarimas.com\/madera-maciza-interior\/wp-content\/uploads\/sites\/10\/2024\/11\/laminado-ac6-12mm.jpg\"><img loading=\"lazy\" decoding=\"async\" class=\"size-full wp-image-1960 aligncenter\" src=\"https:\/\/instalaciondetarimas.com\/madera-maciza-interior\/wp-content\/uploads\/sites\/10\/2024\/11\/laminado-ac6-12mm.jpg\" alt=\"\" width=\"683\" height=\"900\" srcset=\"https:\/\/instalaciondetarimas.com\/madera-maciza-interior\/wp-content\/uploads\/sites\/10\/2024\/11\/laminado-ac6-12mm.jpg 683w, https:\/\/instalaciondetarimas.com\/madera-maciza-interior\/wp-content\/uploads\/sites\/10\/2024\/11\/laminado-ac6-12mm-228x300.jpg 228w\" sizes=\"auto, (max-width: 683px) 100vw, 683px\" \/><\/a><\/p>\n<h3>Nuestra tarima laminada de 12 mm es una inversi\u00f3n m\u00e1s que un gasto, adem\u00e1s es AC6 y ecol\u00f3gica.<\/h3>\n<p style=\"text-align: center;\"><span style=\"font-size: x-large; font-family: arial,helvetica,sans-serif;\">Presupuestos sin compromiso y asesor\u00eda<\/span><\/p>\n<p style=\"text-align: center;\"><span style=\"font-size: x-large; font-family: arial,helvetica,sans-serif;\"> | <strong>636 52 04 08<\/strong> | 91 890 51 61 |<\/span><\/p>\n<p>&nbsp;<\/p>\n<p><span style=\"font-size: medium; font-family: arial,helvetica,sans-serif;\">Como conclusi\u00f3n, podemos ver que <strong>una tarima <a href=\"https:\/\/es.wikipedia.org\/wiki\/Laminaci%C3%B3n\" target=\"_blank\" rel=\"nofollow noopener sponsored\">laminada<\/a> de 12 mm es mucho m\u00e1s resistente<\/strong> y es una inversi\u00f3n m\u00e1s que un gasto. La diferencia de precio no es relevante respecto a una tarima de 10, 8 o 7 mm. Adem\u00e1s, en este caso, al ser una <a href=\"https:\/\/instalaciondetarimas.com\/madera-maciza-interior\/2024\/01\/12\/tarima-laminada-muy-resistente-ac6-roble-para-restaurantes-bares-o-aeropuertos\/\" target=\"_blank\" rel=\"noopener sponsored\">tarima laminada AC6<\/a>, nomenclatura que indica que puede sufrir usos muy intensivos, <strong>no se raya<\/strong>. Aguantar\u00e1 a tu mascota m\u00e1s rebelde o el juego de tus criaturas traviesas.<\/span><\/p>\n<p><a title=\"Tienda laminado\" href=\"https:\/\/shop.instalaciondetarimas.com\/producto\/laminado-ac6-ecologico-libre-de-cov-sustancias-organicas-volatiles-y-de-formaldehido-de-12-mm-de-espesor\/\" target=\"_blank\" rel=\"noopener sponsored\"><img loading=\"lazy\" decoding=\"async\" class=\"size-full wp-image-1800 aligncenter\" src=\"https:\/\/instalaciondetarimas.com\/madera-maciza-interior\/wp-content\/uploads\/sites\/10\/2015\/10\/TIENDA-copy-400x400-1.png\" alt=\"\" width=\"400\" height=\"400\" srcset=\"https:\/\/instalaciondetarimas.com\/madera-maciza-interior\/wp-content\/uploads\/sites\/10\/2015\/10\/TIENDA-copy-400x400-1.png 400w, https:\/\/instalaciondetarimas.com\/madera-maciza-interior\/wp-content\/uploads\/sites\/10\/2015\/10\/TIENDA-copy-400x400-1-300x300.png 300w, https:\/\/instalaciondetarimas.com\/madera-maciza-interior\/wp-content\/uploads\/sites\/10\/2015\/10\/TIENDA-copy-400x400-1-150x150.png 150w, https:\/\/instalaciondetarimas.com\/madera-maciza-interior\/wp-content\/uploads\/sites\/10\/2015\/10\/TIENDA-copy-400x400-1-80x80.png 80w, https:\/\/instalaciondetarimas.com\/madera-maciza-interior\/wp-content\/uploads\/sites\/10\/2015\/10\/TIENDA-copy-400x400-1-266x266.png 266w, https:\/\/instalaciondetarimas.com\/madera-maciza-interior\/wp-content\/uploads\/sites\/10\/2015\/10\/TIENDA-copy-400x400-1-184x184.png 184w\" sizes=\"auto, (max-width: 400px) 100vw, 400px\" \/><\/a><\/p>\n<p><span style=\"font-size: medium; font-family: arial,helvetica,sans-serif;\">Adem\u00e1s nuestra tarima de 12 mm es <strong>hidr\u00f3fuga<\/strong> porque aguanta salpicaduras de agua (Hidr\u00f3fugo no implica que la tarima sea sumergible). <\/span><\/p>\n<div id=\"attachment_1880\" style=\"width: 610px\" class=\"wp-caption alignnone\"><a href=\"https:\/\/instalaciondetarimas.com\/madera-maciza-interior\/wp-content\/uploads\/sites\/10\/2024\/01\/roble-ac6-535.jpg\"><img loading=\"lazy\" decoding=\"async\" aria-describedby=\"caption-attachment-1880\" class=\"wp-image-1880 size-full\" src=\"https:\/\/instalaciondetarimas.com\/madera-maciza-interior\/wp-content\/uploads\/sites\/10\/2024\/01\/roble-ac6-535.jpg\" alt=\"tarima laminada de 12 mil\u00edmetros muy resistente AC6 Roble\" width=\"600\" height=\"800\" srcset=\"https:\/\/instalaciondetarimas.com\/madera-maciza-interior\/wp-content\/uploads\/sites\/10\/2024\/01\/roble-ac6-535.jpg 600w, https:\/\/instalaciondetarimas.com\/madera-maciza-interior\/wp-content\/uploads\/sites\/10\/2024\/01\/roble-ac6-535-225x300.jpg 225w\" sizes=\"auto, (max-width: 600px) 100vw, 600px\" \/><\/a><p id=\"caption-attachment-1880\" class=\"wp-caption-text\">tarima laminada de 12 mil\u00edmetros muy resistente AC6 Roble. con microbisel.<\/p><\/div>\n<p><span style=\"font-size: medium; font-family: arial,helvetica,sans-serif;\"><strong>Se puede instalar en ba\u00f1os o en cocina<\/strong>s porque aguanta las salpicaduras. Eso si si vas a encharcar el suelo no hay ning\u00fan laminado que aguante.. Esto es como un m\u00f3vil, <strong>se puede salpicar,<\/strong> pero no se puede sumergir.<\/span><\/p>\n<p style=\"text-align: center;\"><span style=\"font-size: x-large; font-family: arial,helvetica,sans-serif;\">Presupuestos sin compromiso y asesor\u00eda<\/span><\/p>\n<p style=\"text-align: center;\"><span style=\"font-size: x-large; font-family: arial,helvetica,sans-serif;\"> | <strong>636 52 04 08<\/strong> | 91 890 51 61 |<\/span><\/p>\n<div id=\"attachment_1864\" style=\"width: 537px\" class=\"wp-caption aligncenter\"><a title=\"tarima ac6 precio\" href=\"https:\/\/shop.instalaciondetarimas.com\/producto\/laminado-ac6-ecologico-libre-de-cov-sustancias-organicas-volatiles-y-de-formaldehido-de-12-mm-de-espesor\/\" target=\"_blank\" rel=\"noopener sponsored\"><img loading=\"lazy\" decoding=\"async\" aria-describedby=\"caption-attachment-1864\" class=\"size-full wp-image-1864\" src=\"https:\/\/instalaciondetarimas.com\/madera-maciza-interior\/wp-content\/uploads\/sites\/10\/2024\/01\/35-garanti\u0301a.png\" alt=\"Grafico con texto de garant\u00eda de 35 a\u00f1os en suelo laminado\" width=\"527\" height=\"1050\" srcset=\"https:\/\/instalaciondetarimas.com\/madera-maciza-interior\/wp-content\/uploads\/sites\/10\/2024\/01\/35-garanti\u0301a.png 527w, https:\/\/instalaciondetarimas.com\/madera-maciza-interior\/wp-content\/uploads\/sites\/10\/2024\/01\/35-garanti\u0301a-151x300.png 151w, https:\/\/instalaciondetarimas.com\/madera-maciza-interior\/wp-content\/uploads\/sites\/10\/2024\/01\/35-garanti\u0301a-514x1024.png 514w\" sizes=\"auto, (max-width: 527px) 100vw, 527px\" \/><\/a><p id=\"caption-attachment-1864\" class=\"wp-caption-text\">Grafico con texto de garant\u00eda de 35 a\u00f1os en suelo laminado<\/p><\/div>\n<div class=\"mceTemp\"><\/div>\n<div id=\"attachment_1963\" style=\"width: 663px\" class=\"wp-caption aligncenter\"><a href=\"https:\/\/instalaciondetarimas.com\/madera-maciza-interior\/wp-content\/uploads\/sites\/10\/2024\/11\/LAMINADO-copia.jpg\"><img loading=\"lazy\" decoding=\"async\" aria-describedby=\"caption-attachment-1963\" class=\"size-full wp-image-1963\" src=\"https:\/\/instalaciondetarimas.com\/madera-maciza-interior\/wp-content\/uploads\/sites\/10\/2024\/11\/LAMINADO-copia.jpg\" alt=\"Instalaci\u00f3n de tarima laminada de 12 mil\u00edmetros sobre manta aislante de 1 mm \" width=\"653\" height=\"900\" srcset=\"https:\/\/instalaciondetarimas.com\/madera-maciza-interior\/wp-content\/uploads\/sites\/10\/2024\/11\/LAMINADO-copia.jpg 653w, https:\/\/instalaciondetarimas.com\/madera-maciza-interior\/wp-content\/uploads\/sites\/10\/2024\/11\/LAMINADO-copia-218x300.jpg 218w\" sizes=\"auto, (max-width: 653px) 100vw, 653px\" \/><\/a><p id=\"caption-attachment-1963\" class=\"wp-caption-text\">Instalaci\u00f3n de tarima laminada de 12 mil\u00edmetros sobre manta aislante de 1 mm con capa de aluminio como barrera de vapor<\/p><\/div>\n<p>&nbsp;<\/p>\n<div  class=\"et_lb_module et_lb_note-block\">\r\n\t\t\t\t\t<div class='et_lb_note'>\r\n\t\t\t\t\t\t<div class='et_lb_note-inner'>\r\n\t\t\t\t\t\t\t<div class='et_lb_note-content clearfix'>\n<div  class=\"et_lb_module et_lb_list et_lb_list_arrow\">\n<h3><span style=\"font-size: x-large;\">Si est\u00e1s pensando en hacer una instalaci\u00f3n de interior o exterior \u00bfQu\u00e9 te podemos ofrecer? <\/span><\/h3>\n<ul>\n<li><span style=\"font-size: medium; font-family: arial,helvetica,sans-serif;\"><strong>Asesor\u00eda<\/strong> sobre materiales y t\u00e9cnicas si te animas a hacer t\u00fa mismo la instalaci\u00f3n. <\/span><\/li>\n<li><span style=\"font-size: medium; font-family: arial,helvetica,sans-serif;\">Plano de instalaci\u00f3n paso a paso. <\/span><\/li>\n<li><span style=\"font-size: medium; font-family: arial,helvetica,sans-serif;\"><a title=\"cepillado y barnizado de tarima\" href=\"https:\/\/instalaciondetarimas.com\/madera-maciza-interior\/2022\/07\/27\/oferta-de-cepillado-y-barnizado-de-tarima-maciza\/\" target=\"_blank\" rel=\"noopener sponsored\">Cepillado y barnizado de tarima<\/a><\/span><\/li>\n<li><span style=\"font-size: medium; font-family: arial,helvetica,sans-serif;\"><strong>Suministro<\/strong> de los mejores <strong>tarimas premium<\/strong>. <\/span><\/li>\n<li><span style=\"font-size: medium; font-family: arial,helvetica,sans-serif;\"><strong>Venta<\/strong> de los materiales.<\/span><\/li>\n<li><span style=\"font-size: medium; font-family: arial,helvetica,sans-serif;\"><strong> Instalaci\u00f3n<\/strong> con nuestros materiales premium. <\/span><\/li>\n<li><span style=\"font-size: medium; font-family: arial,helvetica,sans-serif;\"><a title=\"restaurar una tarima exterior\" href=\"https:\/\/instalaciondetarimas.com\/blog\/2016\/07\/12\/restaurar-una-tarima-exterior\/\" target=\"_blank\" rel=\"nofollow noopener sponsored\"><strong>Restaurar<\/strong> una tarima<\/a> que llevase rastreles de pino para sustituirlos por rastrel tropical. <\/span><\/li>\n<li><span style=\"font-size: medium; font-family: arial,helvetica,sans-serif;\"><strong>Lijar y acondicionar<\/strong> una tarima <a title=\"color gris\" href=\"https:\/\/es.wikipedia.org\/wiki\/Gris\" target=\"_blank\" rel=\"nofollow noopener sponsored\">gris<\/a>. <\/span><\/li>\n<li><span style=\"font-size: medium; font-family: arial,helvetica,sans-serif;\"><strong>Mantenimientos<\/strong> anuales por contrato. <\/span><\/li>\n<li><span style=\"font-size: medium; font-family: arial,helvetica,sans-serif;\"><strong>Venta de productos<\/strong> de <em>mantenimiento (barnices, aceites, cetoles, tornillos, adhesivos para <a title=\"adhesivos para tarima\" href=\"https:\/\/instalaciondetarimas.com\/tarima-exterior\/2017\/09\/27\/adhesivo-para-tarima-o-madera\/\" target=\"_blank\" rel=\"noopener sponsored\">exterior<\/a> o interior, <a title=\"Grapas para tarima de acero inoxidable A4 (AISI 316)\" href=\"https:\/\/instalaciondetarimas.com\/blog\/2022\/06\/18\/grapas-para-tarima-de-acero-inoxidable-a4-aisi-316\/\" target=\"_blank\" rel=\"noopener sponsored\">grapas para tarima<\/a>, etc. )<\/em><\/span><\/li>\n<\/ul>\n<\/div> <!-- end .et_lb_list -->\n<\/div> <!-- end .et_lb_note-content-->\r\n\t\t\t\t\t\t<\/div> <!-- end .et_lb_note-inner-->\r\n\t\t\t\t\t<\/div> <!-- end .et_lb_note-->\r\n\t\t\t\t\t<div class='et_lb_note-bottom-left'>\r\n\t\t\t\t\t\t<div class='et_lb_note-bottom-right'>\r\n\t\t\t\t\t\t\t<div class='et_lb_note-bottom-center'><\/div>\r\n\t\t\t\t\t\t<\/div>\r\n\t\t\t\t\t<\/div>\r\n\t\t\t\t<\/div> <!-- end .et_lb_note-block-->\n<h4 class=\"size-full wp-image-2064\" style=\"text-align: center;\"><span style=\"font-size: x-medium;\"><strong><span style=\"font-size: x-large;\">Asesoramiento y presupuestos sin compromiso por tel\u00e9fono ( 91 890 51 61, 636 52 04 08) o en nuestra tienda online:<span style=\"color: #ff0000;\"><br \/>\n<\/span><\/span><\/strong><\/span><\/h4>\n<p><a href=\"https:\/\/instalaciondetarimas.com\/categoria-producto\/tienda-online-de-tarima-maciza-y-productos-para-la-madera\/\" target=\"_blank\" rel=\"noopener sponsored\"><img loading=\"lazy\" decoding=\"async\" class=\"aligncenter size-full wp-image-1189\" src=\"https:\/\/instalaciondetarimas.com\/tarima-exterior\/wp-content\/uploads\/sites\/11\/2016\/01\/TIENDA-copy-400x400.png\" alt=\"\" width=\"400\" height=\"400\" \/><\/a><\/p>\n<h5><span style=\"font-size: x-large; font-family: arial,helvetica,sans-serif;\">Textos sobre tarima maciza interior:<\/span><\/h5>\n<ul>\n<li><span style=\"font-size: medium; font-family: arial, helvetica, sans-serif; color: #333333;\"><a style=\"color: #333333;\" href=\"https:\/\/instalaciondetarimas.com\/madera-maciza-interior\/2017\/12\/08\/el-encolado-con-la-espatula-dentada\/\" target=\"_blank\" rel=\"noopener\">El encolado de la tarima al suelo con esp\u00e1tula dentada <\/a><\/span><\/li>\n<li><span style=\"font-size: medium; font-family: arial, helvetica, sans-serif; color: #333333;\"><a style=\"color: #333333;\" href=\"https:\/\/instalaciondetarimas.com\/tarima-maciza-barnizada\/2015\/12\/30\/como-hacer-la-instalacion-de-la-tarima-maciza-barnizada\/\" target=\"_blank\" rel=\"noopener\">Instalar la tarima que ya viene barnizada en la f\u00e1brica. <\/a><\/span><\/li>\n<li><span style=\"font-size: medium; font-family: arial, helvetica, sans-serif; color: #333333;\"><a style=\"color: #333333;\" href=\"https:\/\/instalaciondetarimas.com\/tarima-maciza-barnizada\/2017\/06\/21\/las-ventajas-del-barnizado-de-fabrica-en-la-tarima-maciza\/\" target=\"_blank\" rel=\"noopener\">Las ventajas de la tarima barnizada de f\u00e1brica<\/a><\/span><\/li>\n<li><span style=\"font-size: medium; font-family: arial, helvetica, sans-serif; color: #333333;\"><a style=\"color: #333333;\" href=\"https:\/\/instalaciondetarimas.com\/madera-maciza-interior\/2017\/05\/08\/la-instalacion-de-la-madera-en-el-suelo-radiante\/\" target=\"_blank\" rel=\"noopener\">La instalaci\u00f3n de la tarima sobre un suelo radiante <\/a><\/span><\/li>\n<li><span style=\"font-size: medium; font-family: arial, helvetica, sans-serif; color: #333333;\"><a style=\"color: #333333;\" href=\"https:\/\/instalaciondetarimas.com\/tarima-maciza-barnizada\/2017\/03\/29\/fotos-tarima-maciza-roble-barnizado\/\" target=\"_blank\" rel=\"noopener\">Fotos de tarima de roble barnizado en la f\u00e1brica. <\/a><\/span><\/li>\n<li><span style=\"font-size: medium; font-family: arial, helvetica, sans-serif; color: #333333;\"><a style=\"color: #333333;\" href=\"https:\/\/instalaciondetarimas.com\/madera-maciza-interior\/2018\/01\/11\/como-secar-el-suelo-al-2-de-humedad-para-poder-pegar-la-tarima-maciza-al-suelo-sin-emplear-el-rastrel\/\" target=\"_blank\" rel=\"noopener\">\u00bfC\u00f3mo secar el suelo al 2% de humedad para poder pegar la tarima maciza al suelo, sin emplear el rastrel?. <\/a><\/span><\/li>\n<li><span style=\"font-size: medium; font-family: arial, helvetica, sans-serif; color: #333333;\"><a style=\"color: #333333;\" href=\"https:\/\/instalaciondetarimas.com\/madera-maciza-interior\/2015\/12\/18\/las-ventajas-de-la-tarima-maciza\/\" target=\"_blank\" rel=\"noopener sponsored\">Las ventajas de la tarima maciza<\/a>. <\/span><\/li>\n<li><span style=\"font-size: medium; font-family: arial, helvetica, sans-serif; color: #333333;\"><a style=\"color: #333333;\" href=\"https:\/\/instalaciondetarimas.com\/enciclopedia-de-la-madera\/2021\/12\/03\/que-es-mejor-una-tarima-flotante-o-maciza\/\" target=\"_blank\" rel=\"noopener sponsored\">\u00bfQu\u00e9 es mejor la tarima maciza o la flotante?<\/a>. <\/span><\/li>\n<li><span style=\"font-size: medium; font-family: arial, helvetica, sans-serif; color: #333333;\"><a href=\"https:\/\/instalaciondetarimas.com\/madera-maciza-interior\/2018\/09\/07\/ficha-de-la-limpieza-del-suelo-tratado-con-el-aceite-de-interior-rubio-monocoat\/\" target=\"_blank\" rel=\"noopener sponsored\">Mantenimiento y limpieza de la tarima interior<\/a>.<\/span><\/li>\n<\/ul>\n<p><a title=\"El mejor precio de una tarima de ip\u00e9\" href=\"https:\/\/shop.instalaciondetarimas.com\/producto\/el-mejor-precio-de-una-tarima-de-ipe-macizo-interior\/\" target=\"_blank\" rel=\"noopener sponsored\"><img loading=\"lazy\" decoding=\"async\" class=\"size-full wp-image-1973 aligncenter\" src=\"https:\/\/instalaciondetarimas.com\/madera-maciza-interior\/wp-content\/uploads\/sites\/10\/2015\/11\/oferta-ipe.jpg\" alt=\"\" width=\"300\" height=\"300\" srcset=\"https:\/\/instalaciondetarimas.com\/madera-maciza-interior\/wp-content\/uploads\/sites\/10\/2015\/11\/oferta-ipe.jpg 300w, https:\/\/instalaciondetarimas.com\/madera-maciza-interior\/wp-content\/uploads\/sites\/10\/2015\/11\/oferta-ipe-150x150.jpg 150w, https:\/\/instalaciondetarimas.com\/madera-maciza-interior\/wp-content\/uploads\/sites\/10\/2015\/11\/oferta-ipe-80x80.jpg 80w, https:\/\/instalaciondetarimas.com\/madera-maciza-interior\/wp-content\/uploads\/sites\/10\/2015\/11\/oferta-ipe-266x266.jpg 266w, https:\/\/instalaciondetarimas.com\/madera-maciza-interior\/wp-content\/uploads\/sites\/10\/2015\/11\/oferta-ipe-184x184.jpg 184w\" sizes=\"auto, (max-width: 300px) 100vw, 300px\" \/><\/a><\/p>\n<p><strong><span style=\"font-size: x-large; font-family: arial,helvetica,sans-serif;\">Consejos de instalaci\u00f3n generales de la tarima exterior:<\/span><\/strong><\/p>\n<ul>\n<li><span style=\"font-size: medium; font-family: arial, helvetica, sans-serif; color: #333333;\"><a href=\"https:\/\/instalaciondetarimas.com\/tarima-exterior\/2016\/08\/05\/saturador-cetol-wf771-de-sikkens\/\" target=\"_blank\" rel=\"noopener noreferrer\"><span style=\"color: #333333;\">\u00bfLa solera de hormig\u00f3n?<\/span><\/a><\/span><\/li>\n<li><span style=\"font-size: medium; font-family: arial, helvetica, sans-serif; color: #333333;\"><a style=\"color: #333333;\" href=\"https:\/\/instalaciondetarimas.com\/blog\/2016\/07\/04\/colocacion-de-los-rastreles-tropicales-tumbados-o-de-pie\/\" target=\"_blank\" rel=\"noopener noreferrer\">\u00bfC\u00f3mo colocamos los rastreles tumbados o de pie?<\/a><\/span><\/li>\n<li><span style=\"font-size: medium; font-family: arial, helvetica, sans-serif; color: #333333;\"><a style=\"color: #333333;\" href=\"https:\/\/instalaciondetarimas.com\/blog\/2017\/04\/12\/rastrel-con-clavos-de-acero-inoxidable-o-bricomatados\/\" target=\"_blank\" rel=\"noopener noreferrer\">\u00bfC\u00f3mo fijamos los rastreles al suelo? <\/a><\/span><\/li>\n<li><span style=\"font-size: medium; font-family: arial, helvetica, sans-serif; color: #333333;\"><a style=\"color: #333333;\" href=\"https:\/\/instalaciondetarimas.com\/blog\/2014\/08\/03\/las-ventajas-de-la-instalacin-de-tarima-de-exterior-con-rastreles-tropicales\/\" target=\"_blank\" rel=\"noopener noreferrer\">\u00bfPor qu\u00e9 los rastreles deben ser tropicales? <\/a><\/span><\/li>\n<li><span style=\"font-size: medium; font-family: arial, helvetica, sans-serif; color: #333333;\"><a style=\"color: #333333;\" href=\"https:\/\/instalaciondetarimas.com\/tarima-exterior\/2016\/03\/09\/remates-en-la-tarima-exterior-con-grapia\/\" target=\"_blank\" rel=\"noopener noreferrer\">\u00bfC\u00f3mo instalamos la primera l\u00ednea de tarima, atornillada o sin atornillar? <\/a><\/span><\/li>\n<li><span style=\"font-size: medium; font-family: arial, helvetica, sans-serif; color: #333333;\"><a style=\"color: #333333;\" href=\"https:\/\/instalaciondetarimas.com\/blog\/2016\/12\/15\/la-direccion-de-la-instalacion-de-la-tarima\/\" target=\"_blank\" rel=\"noopener noreferrer\">\u00bfCu\u00e1l es la direcci\u00f3n correcta que debe llevar la tarima en la instalaci\u00f3n? <\/a><\/span><\/li>\n<li><span style=\"font-size: medium; font-family: arial, helvetica, sans-serif; color: #333333;\"><a style=\"color: #333333;\" href=\"https:\/\/instalaciondetarimas.com\/tarima-exterior\/2016\/01\/23\/tarima-exterior-con-grapa-vista\/\" target=\"_blank\" rel=\"noopener noreferrer\">\u00bfTarima con sistema de grapa vista o con grapa oculta? <\/a><\/span><\/li>\n<li><span style=\"font-size: medium; font-family: arial, helvetica, sans-serif; color: #333333;\"><a style=\"color: #333333;\" href=\"https:\/\/instalaciondetarimas.com\/blog\/2015\/10\/03\/tarima-de-exterior-resistente-a-los-lictidos-o-la-polilla-de-la-madera\/\" target=\"_blank\" rel=\"noopener noreferrer\">\u00bfQu\u00e9 maderas son las m\u00e1s resistentes?<\/a><\/span><\/li>\n<li><span style=\"font-size: medium; font-family: arial, helvetica, sans-serif; color: #333333;\"><a style=\"color: #333333;\" href=\"https:\/\/instalaciondetarimas.com\/blog\/2016\/11\/23\/10-anos-garantia-la-instalacion-la-tarima-exterior\/\" target=\"_blank\" rel=\"noopener noreferrer\">\u00bfLa instalaci\u00f3n es la clave o son los materiales? <\/a><\/span><\/li>\n<li><span style=\"font-size: medium; font-family: arial, helvetica, sans-serif; color: #333333;\"><a style=\"color: #333333;\" href=\"https:\/\/instalaciondetarimas.com\/blog\/2014\/08\/07\/comparativa-entre-la-tarima-de-exterior-tecnolgica-madera-maciza-de-exterior\/\" target=\"_blank\" rel=\"noopener noreferrer\">\u00bfTarima sint\u00e9tica? No, gracias <\/a><\/span><\/li>\n<li><span style=\"font-size: medium; font-family: arial, helvetica, sans-serif; color: #333333;\"><a style=\"color: #333333;\" href=\"https:\/\/instalaciondetarimas.com\/tarima-exterior\/2017\/05\/30\/las-medidas-las-grapas-tarima-exterior\/\" target=\"_blank\" rel=\"noopener\">Medidas de las grapas para tarima de exterior.<\/a> <\/span><\/li>\n<li><span style=\"font-size: medium; font-family: arial, helvetica, sans-serif; color: #333333;\"><a style=\"color: #333333;\" href=\"https:\/\/instalaciondetarimas.com\/tarima-exterior\/2021\/07\/11\/tecnica-del-atornillado-de-las-grapas\/\" target=\"_blank\" rel=\"noopener sponsored\">\u00bfC\u00f3mo es la t\u00e9cnica del atornillado de las grapas?<\/a>. <\/span><\/li>\n<li><span style=\"font-size: medium; font-family: arial, helvetica, sans-serif; color: #333333;\"><a style=\"color: #333333;\" href=\"https:\/\/instalaciondetarimas.com\/tarima-exterior\/2021\/07\/03\/cuantas-grapas-de-exterior-se-necesitan\/\" target=\"_blank\" rel=\"noopener sponsored\">C\u00f3mo calcular el n\u00famero de grapas que necesitar\u00edamos por m2<\/a>.<\/span><\/li>\n<li><a href=\"https:\/\/instalaciondetarimas.com\/blog\/2016\/11\/23\/10-anos-garantia-la-instalacion-la-tarima-exterior\/\" target=\"_blank\" rel=\"noopener noreferrer\"><span style=\"font-size: medium; font-family: arial, helvetica, sans-serif; color: #333333;\">\u00bfLa instalaci\u00f3n es la clave o son los materiales?<\/span><\/a><\/li>\n<li><a href=\"https:\/\/instalaciondetarimas.com\/tarima-exterior\/2017\/05\/30\/las-medidas-las-grapas-tarima-exterior\/\" target=\"_blank\" rel=\"noopener\"><span style=\"font-size: medium; font-family: arial, helvetica, sans-serif; color: #333333;\">Medidas de las grapas para tarima de exterior <\/span><\/a><\/li>\n<li><a href=\"https:\/\/instalaciondetarimas.com\/blog\/2015\/09\/13\/la-instalacion-de-tarima-exterior\/\" target=\"_blank\" rel=\"noopener sponsored\"><span style=\"font-size: medium; font-family: arial, helvetica, sans-serif; color: #333333;\">7 claves de la instalaci\u00f3n exterior<\/span><\/a><\/li>\n<li><a href=\"https:\/\/instalaciondetarimas.com\/blog\/2021\/06\/30\/una-instalacion-duradera-con-una-tarima-de-ipe-exterior\/\" target=\"_blank\" rel=\"noopener sponsored\"><span style=\"font-size: medium; font-family: arial, helvetica, sans-serif; color: #333333;\">Como lograr una instalaci\u00f3n duradera. <\/span><\/a><\/li>\n<li><span style=\"font-size: medium; font-family: arial, helvetica, sans-serif; color: #333333;\"><a href=\"https:\/\/instalaciondetarimas.com\/blog\/2015\/11\/12\/consejos-de-aplicacion-de-lasur-o-aceite-para-tarima-de-exterior\/\" target=\"_blank\" rel=\"noopener sponsored\">Aceite para tarima exterior <\/a><\/span><\/li>\n<li><a href=\"https:\/\/instalaciondetarimas.com\/categoria-producto\/mantenimiento-madera-exterior\/\" target=\"_blank\" rel=\"noopener sponsored\"><span style=\"font-size: medium; font-family: arial, helvetica, sans-serif; color: #333333;\">Todo sobre el mantenimiento<\/span><\/a><\/li>\n<\/ul>\n<p>&nbsp;<\/p>\n<p><span style=\"font-size: x-large; font-family: arial,helvetica,sans-serif;\">| Venta directa en Espa\u00f1a y cualquier parte de Europa | <strong>636 52 04 08<\/strong> | 91 890 51 61 | <a title=\"mailto:tarima@instalaciondetarimas.com?subject=\" href=\"mailto:tarima@instalaciondetarimas.com?subject=\">tarima@instalaciondetarimas.com<\/a> | Especialistas en instalaci\u00f3n en tarimas de exterior y tarima de madera maciza interior | Tarima maciza de interior: Tarima laminada de 12 mil\u00edmetros\u00a0|<\/span><\/p>\n<p style=\"text-align: center;\"><span style=\"font-size: x-large; font-family: arial,helvetica,sans-serif;\">Presupuestos sin compromiso y asesor\u00eda<\/span><\/p>\n<p style=\"text-align: center;\"><span style=\"font-size: x-large; font-family: arial,helvetica,sans-serif;\"> | <strong>636 52 04 08<\/strong> | 91 890 51 61 |<\/span><\/p>\n<!--CusAds0-->\n<div style=\"font-size: 0px; height: 0px; line-height: 0px; margin: 0; padding: 0; clear: both;\"><\/div>","protected":false},"excerpt":{"rendered":"<p>\u00bfPor qu\u00e9 es mejor una tarima laminada de 12 mil\u00edmetros AC6? La tarima laminada de 12 mil\u00edmetros ecol\u00f3gico de un grosor es mejor que una de 10 mil\u00edmetros, o grosores inferiores. En primer lugar, al tener m\u00e1s grosor los sistemas de uni\u00f3n son m\u00e1s resistentes porque tambi\u00e9n son m\u00e1s gruesos. Es decir, las lenguetas del\u00a0sistema [&hellip;]<\/p>\n","protected":false},"author":1,"featured_media":1970,"comment_status":"open","ping_status":"open","sticky":false,"template":"","format":"standard","meta":{"footnotes":""},"categories":[37],"tags":[94],"class_list":["post-1954","post","type-post","status-publish","format-standard","has-post-thumbnail","hentry","category-como-instalar-los-suelos-de-madera","tag-tarima-laminada-de-12-milimetros"],"yoast_head":"<!-- This site is optimized with the Yoast SEO plugin v27.1.1 - https:\/\/yoast.com\/product\/yoast-seo-wordpress\/ -->\n<title>Por qu\u00e9 es mejor una tarima laminada de 12 mil\u00edmetros<\/title>\n<meta name=\"description\" content=\"\u00bfPor qu\u00e9 es mejor una tarima laminada de 12 mil\u00edmetros AC6? Es mejor porque nos podemos ahorrar el autonivelante sin que...\" \/>\n<meta name=\"robots\" content=\"index, follow, max-snippet:-1, max-image-preview:large, max-video-preview:-1\" \/>\n<link rel=\"canonical\" href=\"https:\/\/instalaciondetarimas.com\/madera-maciza-interior\/2024\/11\/06\/por-que-es-mejor-una-tarima-laminada-de-12-milimetros-ac6\/\" \/>\n<meta property=\"og:locale\" content=\"es_ES\" \/>\n<meta property=\"og:type\" content=\"article\" \/>\n<meta property=\"og:title\" content=\"Por qu\u00e9 es mejor una tarima laminada de 12 mil\u00edmetros\" \/>\n<meta property=\"og:description\" content=\"\u00bfPor qu\u00e9 es mejor una tarima laminada de 12 mil\u00edmetros AC6? Es mejor porque nos podemos ahorrar el autonivelante sin que...\" \/>\n<meta property=\"og:url\" content=\"https:\/\/instalaciondetarimas.com\/madera-maciza-interior\/2024\/11\/06\/por-que-es-mejor-una-tarima-laminada-de-12-milimetros-ac6\/\" \/>\n<meta property=\"og:site_name\" content=\"Ofertas de tarima maciza para suelos de interior\" \/>\n<meta property=\"article:published_time\" content=\"2024-11-06T20:24:53+00:00\" \/>\n<meta property=\"article:modified_time\" content=\"2025-03-22T23:30:38+00:00\" \/>\n<meta property=\"og:image\" content=\"https:\/\/instalaciondetarimas.com\/madera-maciza-interior\/wp-content\/uploads\/sites\/10\/2024\/11\/laminado-portada.jpg\" \/>\n\t<meta property=\"og:image:width\" content=\"1000\" \/>\n\t<meta property=\"og:image:height\" content=\"1117\" \/>\n\t<meta property=\"og:image:type\" content=\"image\/jpeg\" \/>\n<meta name=\"author\" content=\"Ribas\" \/>\n<meta name=\"twitter:card\" content=\"summary_large_image\" \/>\n<meta name=\"twitter:label1\" content=\"Escrito por\" \/>\n\t<meta name=\"twitter:data1\" content=\"Ribas\" \/>\n\t<meta name=\"twitter:label2\" content=\"Tiempo de lectura\" \/>\n\t<meta name=\"twitter:data2\" content=\"7 minutos\" \/>\n<script type=\"application\/ld+json\" class=\"yoast-schema-graph\">{\"@context\":\"https:\/\/schema.org\",\"@graph\":[{\"@type\":\"Article\",\"@id\":\"https:\/\/instalaciondetarimas.com\/madera-maciza-interior\/2024\/11\/06\/por-que-es-mejor-una-tarima-laminada-de-12-milimetros-ac6\/#article\",\"isPartOf\":{\"@id\":\"https:\/\/instalaciondetarimas.com\/madera-maciza-interior\/2024\/11\/06\/por-que-es-mejor-una-tarima-laminada-de-12-milimetros-ac6\/\"},\"author\":{\"name\":\"Ribas\",\"@id\":\"https:\/\/instalaciondetarimas.com\/madera-maciza-interior\/#\/schema\/person\/080df099c3c04ec9642544e2451b38c2\"},\"headline\":\"\u00bfPor qu\u00e9 es mejor una tarima laminada de 12 mil\u00edmetros AC6 ?\",\"datePublished\":\"2024-11-06T20:24:53+00:00\",\"dateModified\":\"2025-03-22T23:30:38+00:00\",\"mainEntityOfPage\":{\"@id\":\"https:\/\/instalaciondetarimas.com\/madera-maciza-interior\/2024\/11\/06\/por-que-es-mejor-una-tarima-laminada-de-12-milimetros-ac6\/\"},\"wordCount\":1038,\"commentCount\":1,\"image\":{\"@id\":\"https:\/\/instalaciondetarimas.com\/madera-maciza-interior\/2024\/11\/06\/por-que-es-mejor-una-tarima-laminada-de-12-milimetros-ac6\/#primaryimage\"},\"thumbnailUrl\":\"https:\/\/instalaciondetarimas.com\/madera-maciza-interior\/wp-content\/uploads\/sites\/10\/2024\/11\/laminado-portada.jpg\",\"keywords\":[\"tarima laminada de 12 mil\u00edmetros\"],\"articleSection\":[\"INSTALACI\u00d3N\"],\"inLanguage\":\"es\",\"potentialAction\":[{\"@type\":\"CommentAction\",\"name\":\"Comment\",\"target\":[\"https:\/\/instalaciondetarimas.com\/madera-maciza-interior\/2024\/11\/06\/por-que-es-mejor-una-tarima-laminada-de-12-milimetros-ac6\/#respond\"]}]},{\"@type\":\"WebPage\",\"@id\":\"https:\/\/instalaciondetarimas.com\/madera-maciza-interior\/2024\/11\/06\/por-que-es-mejor-una-tarima-laminada-de-12-milimetros-ac6\/\",\"url\":\"https:\/\/instalaciondetarimas.com\/madera-maciza-interior\/2024\/11\/06\/por-que-es-mejor-una-tarima-laminada-de-12-milimetros-ac6\/\",\"name\":\"Por qu\u00e9 es mejor una tarima laminada de 12 mil\u00edmetros\",\"isPartOf\":{\"@id\":\"https:\/\/instalaciondetarimas.com\/madera-maciza-interior\/#website\"},\"primaryImageOfPage\":{\"@id\":\"https:\/\/instalaciondetarimas.com\/madera-maciza-interior\/2024\/11\/06\/por-que-es-mejor-una-tarima-laminada-de-12-milimetros-ac6\/#primaryimage\"},\"image\":{\"@id\":\"https:\/\/instalaciondetarimas.com\/madera-maciza-interior\/2024\/11\/06\/por-que-es-mejor-una-tarima-laminada-de-12-milimetros-ac6\/#primaryimage\"},\"thumbnailUrl\":\"https:\/\/instalaciondetarimas.com\/madera-maciza-interior\/wp-content\/uploads\/sites\/10\/2024\/11\/laminado-portada.jpg\",\"datePublished\":\"2024-11-06T20:24:53+00:00\",\"dateModified\":\"2025-03-22T23:30:38+00:00\",\"author\":{\"@id\":\"https:\/\/instalaciondetarimas.com\/madera-maciza-interior\/#\/schema\/person\/080df099c3c04ec9642544e2451b38c2\"},\"description\":\"\u00bfPor qu\u00e9 es mejor una tarima laminada de 12 mil\u00edmetros AC6? Es mejor porque nos podemos ahorrar el autonivelante sin que...\",\"breadcrumb\":{\"@id\":\"https:\/\/instalaciondetarimas.com\/madera-maciza-interior\/2024\/11\/06\/por-que-es-mejor-una-tarima-laminada-de-12-milimetros-ac6\/#breadcrumb\"},\"inLanguage\":\"es\",\"potentialAction\":[{\"@type\":\"ReadAction\",\"target\":[\"https:\/\/instalaciondetarimas.com\/madera-maciza-interior\/2024\/11\/06\/por-que-es-mejor-una-tarima-laminada-de-12-milimetros-ac6\/\"]}]},{\"@type\":\"ImageObject\",\"inLanguage\":\"es\",\"@id\":\"https:\/\/instalaciondetarimas.com\/madera-maciza-interior\/2024\/11\/06\/por-que-es-mejor-una-tarima-laminada-de-12-milimetros-ac6\/#primaryimage\",\"url\":\"https:\/\/instalaciondetarimas.com\/madera-maciza-interior\/wp-content\/uploads\/sites\/10\/2024\/11\/laminado-portada.jpg\",\"contentUrl\":\"https:\/\/instalaciondetarimas.com\/madera-maciza-interior\/wp-content\/uploads\/sites\/10\/2024\/11\/laminado-portada.jpg\",\"width\":1000,\"height\":1117,\"caption\":\"Instalaci\u00f3n de tarima laminada de 12 mil\u00edmetros sobre manta aislante\"},{\"@type\":\"BreadcrumbList\",\"@id\":\"https:\/\/instalaciondetarimas.com\/madera-maciza-interior\/2024\/11\/06\/por-que-es-mejor-una-tarima-laminada-de-12-milimetros-ac6\/#breadcrumb\",\"itemListElement\":[{\"@type\":\"ListItem\",\"position\":1,\"name\":\"Portada\",\"item\":\"https:\/\/instalaciondetarimas.com\/madera-maciza-interior\/\"},{\"@type\":\"ListItem\",\"position\":2,\"name\":\"\u00bfPor qu\u00e9 es mejor una tarima laminada de 12 mil\u00edmetros AC6 ?\"}]},{\"@type\":\"WebSite\",\"@id\":\"https:\/\/instalaciondetarimas.com\/madera-maciza-interior\/#website\",\"url\":\"https:\/\/instalaciondetarimas.com\/madera-maciza-interior\/\",\"name\":\"Ofertas de tarima maciza para suelos de interior\",\"description\":\"Ofertas de tarima maciza\",\"potentialAction\":[{\"@type\":\"SearchAction\",\"target\":{\"@type\":\"EntryPoint\",\"urlTemplate\":\"https:\/\/instalaciondetarimas.com\/madera-maciza-interior\/?s={search_term_string}\"},\"query-input\":{\"@type\":\"PropertyValueSpecification\",\"valueRequired\":true,\"valueName\":\"search_term_string\"}}],\"inLanguage\":\"es\"},{\"@type\":\"Person\",\"@id\":\"https:\/\/instalaciondetarimas.com\/madera-maciza-interior\/#\/schema\/person\/080df099c3c04ec9642544e2451b38c2\",\"name\":\"Ribas\",\"image\":{\"@type\":\"ImageObject\",\"inLanguage\":\"es\",\"@id\":\"https:\/\/instalaciondetarimas.com\/madera-maciza-interior\/#\/schema\/person\/image\/\",\"url\":\"https:\/\/secure.gravatar.com\/avatar\/53f051e804b18764c53f9952c629b135af8edb7bb2b61711c5175ce506878789?s=96&d=mm&r=g\",\"contentUrl\":\"https:\/\/secure.gravatar.com\/avatar\/53f051e804b18764c53f9952c629b135af8edb7bb2b61711c5175ce506878789?s=96&d=mm&r=g\",\"caption\":\"Ribas\"},\"url\":\"https:\/\/instalaciondetarimas.com\/madera-maciza-interior\/author\/admin\/\"}]}<\/script>\n<!-- \/ Yoast SEO plugin. -->","yoast_head_json":{"title":"Por qu\u00e9 es mejor una tarima laminada de 12 mil\u00edmetros","description":"\u00bfPor qu\u00e9 es mejor una tarima laminada de 12 mil\u00edmetros AC6? Es mejor porque nos podemos ahorrar el autonivelante sin que...","robots":{"index":"index","follow":"follow","max-snippet":"max-snippet:-1","max-image-preview":"max-image-preview:large","max-video-preview":"max-video-preview:-1"},"canonical":"https:\/\/instalaciondetarimas.com\/madera-maciza-interior\/2024\/11\/06\/por-que-es-mejor-una-tarima-laminada-de-12-milimetros-ac6\/","og_locale":"es_ES","og_type":"article","og_title":"Por qu\u00e9 es mejor una tarima laminada de 12 mil\u00edmetros","og_description":"\u00bfPor qu\u00e9 es mejor una tarima laminada de 12 mil\u00edmetros AC6? Es mejor porque nos podemos ahorrar el autonivelante sin que...","og_url":"https:\/\/instalaciondetarimas.com\/madera-maciza-interior\/2024\/11\/06\/por-que-es-mejor-una-tarima-laminada-de-12-milimetros-ac6\/","og_site_name":"Ofertas de tarima maciza para suelos de interior","article_published_time":"2024-11-06T20:24:53+00:00","article_modified_time":"2025-03-22T23:30:38+00:00","og_image":[{"width":1000,"height":1117,"url":"https:\/\/instalaciondetarimas.com\/madera-maciza-interior\/wp-content\/uploads\/sites\/10\/2024\/11\/laminado-portada.jpg","type":"image\/jpeg"}],"author":"Ribas","twitter_card":"summary_large_image","twitter_misc":{"Escrito por":"Ribas","Tiempo de lectura":"7 minutos"},"schema":{"@context":"https:\/\/schema.org","@graph":[{"@type":"Article","@id":"https:\/\/instalaciondetarimas.com\/madera-maciza-interior\/2024\/11\/06\/por-que-es-mejor-una-tarima-laminada-de-12-milimetros-ac6\/#article","isPartOf":{"@id":"https:\/\/instalaciondetarimas.com\/madera-maciza-interior\/2024\/11\/06\/por-que-es-mejor-una-tarima-laminada-de-12-milimetros-ac6\/"},"author":{"name":"Ribas","@id":"https:\/\/instalaciondetarimas.com\/madera-maciza-interior\/#\/schema\/person\/080df099c3c04ec9642544e2451b38c2"},"headline":"\u00bfPor qu\u00e9 es mejor una tarima laminada de 12 mil\u00edmetros AC6 ?","datePublished":"2024-11-06T20:24:53+00:00","dateModified":"2025-03-22T23:30:38+00:00","mainEntityOfPage":{"@id":"https:\/\/instalaciondetarimas.com\/madera-maciza-interior\/2024\/11\/06\/por-que-es-mejor-una-tarima-laminada-de-12-milimetros-ac6\/"},"wordCount":1038,"commentCount":1,"image":{"@id":"https:\/\/instalaciondetarimas.com\/madera-maciza-interior\/2024\/11\/06\/por-que-es-mejor-una-tarima-laminada-de-12-milimetros-ac6\/#primaryimage"},"thumbnailUrl":"https:\/\/instalaciondetarimas.com\/madera-maciza-interior\/wp-content\/uploads\/sites\/10\/2024\/11\/laminado-portada.jpg","keywords":["tarima laminada de 12 mil\u00edmetros"],"articleSection":["INSTALACI\u00d3N"],"inLanguage":"es","potentialAction":[{"@type":"CommentAction","name":"Comment","target":["https:\/\/instalaciondetarimas.com\/madera-maciza-interior\/2024\/11\/06\/por-que-es-mejor-una-tarima-laminada-de-12-milimetros-ac6\/#respond"]}]},{"@type":"WebPage","@id":"https:\/\/instalaciondetarimas.com\/madera-maciza-interior\/2024\/11\/06\/por-que-es-mejor-una-tarima-laminada-de-12-milimetros-ac6\/","url":"https:\/\/instalaciondetarimas.com\/madera-maciza-interior\/2024\/11\/06\/por-que-es-mejor-una-tarima-laminada-de-12-milimetros-ac6\/","name":"Por qu\u00e9 es mejor una tarima laminada de 12 mil\u00edmetros","isPartOf":{"@id":"https:\/\/instalaciondetarimas.com\/madera-maciza-interior\/#website"},"primaryImageOfPage":{"@id":"https:\/\/instalaciondetarimas.com\/madera-maciza-interior\/2024\/11\/06\/por-que-es-mejor-una-tarima-laminada-de-12-milimetros-ac6\/#primaryimage"},"image":{"@id":"https:\/\/instalaciondetarimas.com\/madera-maciza-interior\/2024\/11\/06\/por-que-es-mejor-una-tarima-laminada-de-12-milimetros-ac6\/#primaryimage"},"thumbnailUrl":"https:\/\/instalaciondetarimas.com\/madera-maciza-interior\/wp-content\/uploads\/sites\/10\/2024\/11\/laminado-portada.jpg","datePublished":"2024-11-06T20:24:53+00:00","dateModified":"2025-03-22T23:30:38+00:00","author":{"@id":"https:\/\/instalaciondetarimas.com\/madera-maciza-interior\/#\/schema\/person\/080df099c3c04ec9642544e2451b38c2"},"description":"\u00bfPor qu\u00e9 es mejor una tarima laminada de 12 mil\u00edmetros AC6? Es mejor porque nos podemos ahorrar el autonivelante sin que...","breadcrumb":{"@id":"https:\/\/instalaciondetarimas.com\/madera-maciza-interior\/2024\/11\/06\/por-que-es-mejor-una-tarima-laminada-de-12-milimetros-ac6\/#breadcrumb"},"inLanguage":"es","potentialAction":[{"@type":"ReadAction","target":["https:\/\/instalaciondetarimas.com\/madera-maciza-interior\/2024\/11\/06\/por-que-es-mejor-una-tarima-laminada-de-12-milimetros-ac6\/"]}]},{"@type":"ImageObject","inLanguage":"es","@id":"https:\/\/instalaciondetarimas.com\/madera-maciza-interior\/2024\/11\/06\/por-que-es-mejor-una-tarima-laminada-de-12-milimetros-ac6\/#primaryimage","url":"https:\/\/instalaciondetarimas.com\/madera-maciza-interior\/wp-content\/uploads\/sites\/10\/2024\/11\/laminado-portada.jpg","contentUrl":"https:\/\/instalaciondetarimas.com\/madera-maciza-interior\/wp-content\/uploads\/sites\/10\/2024\/11\/laminado-portada.jpg","width":1000,"height":1117,"caption":"Instalaci\u00f3n de tarima laminada de 12 mil\u00edmetros sobre manta aislante"},{"@type":"BreadcrumbList","@id":"https:\/\/instalaciondetarimas.com\/madera-maciza-interior\/2024\/11\/06\/por-que-es-mejor-una-tarima-laminada-de-12-milimetros-ac6\/#breadcrumb","itemListElement":[{"@type":"ListItem","position":1,"name":"Portada","item":"https:\/\/instalaciondetarimas.com\/madera-maciza-interior\/"},{"@type":"ListItem","position":2,"name":"\u00bfPor qu\u00e9 es mejor una tarima laminada de 12 mil\u00edmetros AC6 ?"}]},{"@type":"WebSite","@id":"https:\/\/instalaciondetarimas.com\/madera-maciza-interior\/#website","url":"https:\/\/instalaciondetarimas.com\/madera-maciza-interior\/","name":"Ofertas de tarima maciza para suelos de interior","description":"Ofertas de tarima maciza","potentialAction":[{"@type":"SearchAction","target":{"@type":"EntryPoint","urlTemplate":"https:\/\/instalaciondetarimas.com\/madera-maciza-interior\/?s={search_term_string}"},"query-input":{"@type":"PropertyValueSpecification","valueRequired":true,"valueName":"search_term_string"}}],"inLanguage":"es"},{"@type":"Person","@id":"https:\/\/instalaciondetarimas.com\/madera-maciza-interior\/#\/schema\/person\/080df099c3c04ec9642544e2451b38c2","name":"Ribas","image":{"@type":"ImageObject","inLanguage":"es","@id":"https:\/\/instalaciondetarimas.com\/madera-maciza-interior\/#\/schema\/person\/image\/","url":"https:\/\/secure.gravatar.com\/avatar\/53f051e804b18764c53f9952c629b135af8edb7bb2b61711c5175ce506878789?s=96&d=mm&r=g","contentUrl":"https:\/\/secure.gravatar.com\/avatar\/53f051e804b18764c53f9952c629b135af8edb7bb2b61711c5175ce506878789?s=96&d=mm&r=g","caption":"Ribas"},"url":"https:\/\/instalaciondetarimas.com\/madera-maciza-interior\/author\/admin\/"}]}},"_links":{"self":[{"href":"https:\/\/instalaciondetarimas.com\/madera-maciza-interior\/wp-json\/wp\/v2\/posts\/1954","targetHints":{"allow":["GET"]}}],"collection":[{"href":"https:\/\/instalaciondetarimas.com\/madera-maciza-interior\/wp-json\/wp\/v2\/posts"}],"about":[{"href":"https:\/\/instalaciondetarimas.com\/madera-maciza-interior\/wp-json\/wp\/v2\/types\/post"}],"author":[{"embeddable":true,"href":"https:\/\/instalaciondetarimas.com\/madera-maciza-interior\/wp-json\/wp\/v2\/users\/1"}],"replies":[{"embeddable":true,"href":"https:\/\/instalaciondetarimas.com\/madera-maciza-interior\/wp-json\/wp\/v2\/comments?post=1954"}],"version-history":[{"count":17,"href":"https:\/\/instalaciondetarimas.com\/madera-maciza-interior\/wp-json\/wp\/v2\/posts\/1954\/revisions"}],"predecessor-version":[{"id":2139,"href":"https:\/\/instalaciondetarimas.com\/madera-maciza-interior\/wp-json\/wp\/v2\/posts\/1954\/revisions\/2139"}],"wp:featuredmedia":[{"embeddable":true,"href":"https:\/\/instalaciondetarimas.com\/madera-maciza-interior\/wp-json\/wp\/v2\/media\/1970"}],"wp:attachment":[{"href":"https:\/\/instalaciondetarimas.com\/madera-maciza-interior\/wp-json\/wp\/v2\/media?parent=1954"}],"wp:term":[{"taxonomy":"category","embeddable":true,"href":"https:\/\/instalaciondetarimas.com\/madera-maciza-interior\/wp-json\/wp\/v2\/categories?post=1954"},{"taxonomy":"post_tag","embeddable":true,"href":"https:\/\/instalaciondetarimas.com\/madera-maciza-interior\/wp-json\/wp\/v2\/tags?post=1954"}],"curies":[{"name":"wp","href":"https:\/\/api.w.org\/{rel}","templated":true}]}}