{"id":1752,"date":"2022-12-12T20:31:22","date_gmt":"2022-12-12T19:31:22","guid":{"rendered":"https:\/\/instalaciondetarimas.com\/madera-maciza-interior\/?p=1752"},"modified":"2025-03-23T00:55:33","modified_gmt":"2025-03-22T23:55:33","slug":"laminado-ac6-hidrofugo-con-35-ano-de-garantia","status":"publish","type":"post","link":"https:\/\/instalaciondetarimas.com\/madera-maciza-interior\/2022\/12\/12\/laminado-ac6-hidrofugo-con-35-ano-de-garantia\/","title":{"rendered":"Laminado AC6 hidr\u00f3fugo ecol\u00f3gico con 35 a\u00f1os de garant\u00eda"},"content":{"rendered":"<p>&nbsp;<\/p>\n<h1>Suelo laminado AC6 roble,\u00a0 hidr\u00f3fugo con 35 a\u00f1os de garant\u00eda. Totalmente ecol\u00f3gico, sin sustancias org\u00e1nicas vol\u00e1tiles (COV) y sin formaldeh\u00eddo.\u00a0 Espesor de 12 mm, no de 8 mm. Mucho m\u00e1s resistente, no se rompen los clicks. Hidr\u00f3fugo. Garant\u00eda 35 a\u00f1os.<\/h1>\n<div id=\"attachment_1763\" style=\"width: 310px\" class=\"wp-caption aligncenter\"><a href=\"https:\/\/shop.instalaciondetarimas.com\/producto\/laminado-ac6-ecologico-libre-de-cov-sustancias-organicas-volatiles-y-de-formaldehido-de-12-mm-de-espesor\/\" target=\"_blank\" rel=\"nofollow noopener sponsored\"><img loading=\"lazy\" decoding=\"async\" aria-describedby=\"caption-attachment-1763\" class=\"size-full wp-image-1763\" src=\"https:\/\/instalaciondetarimas.com\/madera-maciza-interior\/wp-content\/uploads\/sites\/10\/2022\/12\/LAMINADO-AC6.gif\" alt=\"\" width=\"300\" height=\"300\" \/><\/a><p id=\"caption-attachment-1763\" class=\"wp-caption-text\">roble laminado AC6 hidr\u00f3fugo y ecol\u00f3gico<\/p><\/div>\n<p><span style=\"font-size: medium; font-family: arial,helvetica,sans-serif;\"><em>Si busca un suelo para toda la vida te ofrecemos el laminado AC6 Roble, ecol\u00f3gico con 35 a\u00f1os de garant\u00eda. Ancho: 214 mm; largos 1290 mm; grosor 12 mm. Puedes comprar el suelo en nuestra tienda online: <a href=\"https:\/\/shop.instalaciondetarimas.com\/producto\/laminado-ac6-ecologico-libre-de-cov-sustancias-organicas-volatiles-y-de-formaldehido-de-12-mm-de-espesor\/\" target=\"_blank\" rel=\"nofollow noopener sponsored\">Oferta de laminado AC6<\/a>.<\/em><\/span><\/p>\n<div id=\"attachment_1958\" style=\"width: 668px\" class=\"wp-caption aligncenter\"><a href=\"https:\/\/instalaciondetarimas.com\/madera-maciza-interior\/wp-content\/uploads\/sites\/10\/2024\/11\/IMG_20241017_160432-copia.jpg\"><img loading=\"lazy\" decoding=\"async\" aria-describedby=\"caption-attachment-1958\" class=\"wp-image-1958 size-full\" src=\"https:\/\/instalaciondetarimas.com\/madera-maciza-interior\/wp-content\/uploads\/sites\/10\/2024\/11\/IMG_20241017_160432-copia.jpg\" alt=\"Instalaci\u00f3n de tarima de 12 mil\u00edmetros\" width=\"658\" height=\"900\" srcset=\"https:\/\/instalaciondetarimas.com\/madera-maciza-interior\/wp-content\/uploads\/sites\/10\/2024\/11\/IMG_20241017_160432-copia.jpg 658w, https:\/\/instalaciondetarimas.com\/madera-maciza-interior\/wp-content\/uploads\/sites\/10\/2024\/11\/IMG_20241017_160432-copia-219x300.jpg 219w\" sizes=\"auto, (max-width: 658px) 100vw, 658px\" \/><\/a><p id=\"caption-attachment-1958\" class=\"wp-caption-text\">Instalaci\u00f3n de tarima laminada de 12 mil\u00edmetros<\/p><\/div>\n<p><span style=\"font-family: arial, helvetica, sans-serif; font-size: medium;\">Se trata de un laminado AC6 muy realista, con microbisel, con 14 motivos diferentes lo que hace que no se perciba artificialidad. Al contrario, es muy natural porque parece madera de verdad. Adem\u00e1s parece una tarima maciza por la sincron\u00eda entre los dibujos y la textura anti<\/span><span style=\"font-family: arial, helvetica, sans-serif; font-size: medium;\">deslizante. Tiene tanta <a title=\"densidad de las maderas\" href=\"https:\/\/instalaciondetarimas.com\/blog\/2017\/04\/21\/la-clasificacion-de-la-madera-por-su-densidad\/\" target=\"_blank\" rel=\"noopener sponsored\">densidad<\/a> como algunas tarimas macizas, como la <a title=\"grapia tarima\" href=\"https:\/\/shop.instalaciondetarimas.com\/producto\/liquidacion-de-tarima-de-madera-de-grapia\/\" target=\"_blank\" rel=\"noopener sponsored\">grapia<\/a> con 850 Kg\/m3.<\/span><\/p>\n<div id=\"attachment_1760\" style=\"width: 564px\" class=\"wp-caption aligncenter\"><a href=\"https:\/\/instalaciondetarimas.com\/madera-maciza-interior\/wp-content\/uploads\/sites\/10\/2022\/12\/35-an\u0303os-garantia.png\"><img loading=\"lazy\" decoding=\"async\" aria-describedby=\"caption-attachment-1760\" class=\"size-full wp-image-1760\" src=\"https:\/\/instalaciondetarimas.com\/madera-maciza-interior\/wp-content\/uploads\/sites\/10\/2022\/12\/35-an\u0303os-garantia.png\" alt=\"35 a\u00f1os de garant\u00eda en laminado AC6\" width=\"554\" height=\"847\" srcset=\"https:\/\/instalaciondetarimas.com\/madera-maciza-interior\/wp-content\/uploads\/sites\/10\/2022\/12\/35-an\u0303os-garantia.png 554w, https:\/\/instalaciondetarimas.com\/madera-maciza-interior\/wp-content\/uploads\/sites\/10\/2022\/12\/35-an\u0303os-garantia-196x300.png 196w\" sizes=\"auto, (max-width: 554px) 100vw, 554px\" \/><\/a><p id=\"caption-attachment-1760\" class=\"wp-caption-text\">35 a\u00f1os de garant\u00eda en laminado AC6<\/p><\/div>\n<p><span style=\"font-size: medium; font-family: arial,helvetica,sans-serif;\">Dispones de 5 opciones de color con acabado roble. Des de un roble muy claro, con fondo crema y vetas suAvemente marcada. Otra opci\u00f3n clara pero con un tono c\u00e1lido; un tono oscuro; etc.<\/span><\/p>\n<p><span style=\"font-size: medium; font-family: arial,helvetica,sans-serif;\">Si tienes un local p\u00fablico y est\u00e1s cansado de cambiar el suelo cada 5 a\u00f1os la soluci\u00f3n es un suelo laminado AC6. Las leng\u00fcetas van selladas y resisten el agua, es decir, es un suelo hidr\u00f3fugo. Adem\u00e1s no se ralla, ni se desconcha, por eso esta garant\u00eda de 35 a\u00f1os.<\/span><\/p>\n<div id=\"attachment_1754\" style=\"width: 710px\" class=\"wp-caption aligncenter\"><a href=\"https:\/\/instalaciondetarimas.com\/madera-maciza-interior\/wp-content\/uploads\/sites\/10\/2022\/12\/ROBLE-435-AC6.jpg\"><img loading=\"lazy\" decoding=\"async\" aria-describedby=\"caption-attachment-1754\" class=\"size-full wp-image-1754\" src=\"https:\/\/instalaciondetarimas.com\/madera-maciza-interior\/wp-content\/uploads\/sites\/10\/2022\/12\/ROBLE-435-AC6.jpg\" alt=\"laminado AC6 roble claro y c\u00e1lido\" width=\"700\" height=\"511\" srcset=\"https:\/\/instalaciondetarimas.com\/madera-maciza-interior\/wp-content\/uploads\/sites\/10\/2022\/12\/ROBLE-435-AC6.jpg 700w, https:\/\/instalaciondetarimas.com\/madera-maciza-interior\/wp-content\/uploads\/sites\/10\/2022\/12\/ROBLE-435-AC6-300x219.jpg 300w\" sizes=\"auto, (max-width: 700px) 100vw, 700px\" \/><\/a><p id=\"caption-attachment-1754\" class=\"wp-caption-text\">laminado AC6 roble claro y c\u00e1lido modelo 435 y modelo 471<\/p><\/div>\n<h2>Un suelo laminado de 12 mm de espesor y 21 cm de ancho.<\/h2>\n<p><span style=\"font-size: medium; font-family: arial,helvetica,sans-serif;\">Su espesor elevado de 12 mm, y no de 8 mm a\u00f1ade m\u00e1s resistencia y evita que las leng\u00fcetas se rompan. Adem\u00e1s si el solado fuera irregular el formato de 12 mm de grosor resiste sin quebrarse.<\/span><\/p>\n<p><span style=\"font-family: arial, helvetica, sans-serif; font-size: medium;\">Por todo lo dicho este suelo es adecuado para cocinas, ba\u00f1os, aeropuertos, discotecas, restaurantes, bares, etc. En definitiva, cualquier sitio con un transito elevado.<\/span><\/p>\n<p><a href=\"https:\/\/instalaciondetarimas.com\/madera-maciza-interior\/wp-content\/uploads\/sites\/10\/2022\/12\/ROBLE-528-AC6.jpg\"><img loading=\"lazy\" decoding=\"async\" class=\"aligncenter size-full wp-image-1755\" src=\"https:\/\/instalaciondetarimas.com\/madera-maciza-interior\/wp-content\/uploads\/sites\/10\/2022\/12\/ROBLE-528-AC6.jpg\" alt=\"laminado roble\" width=\"650\" height=\"464\" srcset=\"https:\/\/instalaciondetarimas.com\/madera-maciza-interior\/wp-content\/uploads\/sites\/10\/2022\/12\/ROBLE-528-AC6.jpg 650w, https:\/\/instalaciondetarimas.com\/madera-maciza-interior\/wp-content\/uploads\/sites\/10\/2022\/12\/ROBLE-528-AC6-300x214.jpg 300w\" sizes=\"auto, (max-width: 650px) 100vw, 650px\" \/><\/a><\/p>\n<h3>Suelo laminado AC6\u00a0 sin sustancias org\u00e1nicas vol\u00e1tiles y sin formaldehido<\/h3>\n<p><span style=\"font-size: medium; font-family: arial,helvetica,sans-serif;\">Hoy en d\u00eda estamos sometidos a muchos tipos de productos t\u00f3xicos. Mucho se insiste en que los veh\u00edculos contaminan, pero el peligro mayo est\u00e1 dentro de nuestros hogares llenos de muebles y suelos fabricados con sustancias qu\u00edmicas peligrosas. O peor a\u00fan el envasado de los alimentos. Los efectos m\u00e1s graves en la salud son <a href=\"https:\/\/www.youtube.com\/watch?v=9gREcun_pLg&amp;feature=youtu.be\" target=\"_blank\" rel=\"nofollow noopener sponsored\"><strong>disruptores endocrinos<\/strong><\/a>. Que son unos qu\u00edmicos que alteran el funcionamiento hormonal pudiendo producir alergias o incluso el c\u00e1ncer.<\/span><\/p>\n<p><span style=\"font-size: medium; font-family: arial,helvetica,sans-serif;\">El suelo AC6 que ofrecemos es saludable, no est\u00e1 fabricado con sustancias t\u00f3xicas. Por ello lleva una<\/span><span style=\"font-size: medium; font-family: arial,helvetica,sans-serif;\">\u00a0<strong>certificaci\u00f3n ecol\u00f3gica sin COV, sin <a title=\"disruptores endocrinos\" href=\"https:\/\/www.isglobal.org\/healthisglobal\/-\/custom-blog-portlet\/los-disruptores-endocrinos-que-son-y-como-nos-afectan-#:~:text=Los%20disruptores%20endocrinos%20(o%20EDCs,acci%C3%B3n%20normal%20de%20las%20hormonas.\" target=\"_blank\" rel=\"nofollow noopener sponsored\">disruptores endocrinos<\/a> y sin formaldehido.<\/strong><\/span><\/p>\n<p><span style=\"font-size: medium; font-family: arial,helvetica,sans-serif;\">Nuestro laminado AC6 no contiene sustancias vol\u00e1tiles org\u00e1nicas. (ox\u00edgeno, fl\u00faor, <a href=\"https:\/\/es.wikipedia.org\/wiki\/Cloro\" target=\"_blank\" rel=\"noopener sponsored\">cloro<\/a>, bromo, azufre o nitr\u00f3geno).<\/span><\/p>\n<div id=\"attachment_2058\" style=\"width: 1010px\" class=\"wp-caption aligncenter\"><a title=\"Laminado AC6 hidr\u00f3fugo ecol\u00f3gico con 35 a\u00f1os de garant\u00eda\" href=\"https:\/\/shop.instalaciondetarimas.com\/producto\/laminado-ac6-ecologico-libre-de-cov-sustancias-organicas-volatiles-y-de-formaldehido-de-12-mm-de-espesor\/\" target=\"_blank\" rel=\"noopener sponsored\"><img loading=\"lazy\" decoding=\"async\" aria-describedby=\"caption-attachment-2058\" class=\"wp-image-2058 size-full\" src=\"https:\/\/instalaciondetarimas.com\/madera-maciza-interior\/wp-content\/uploads\/sites\/10\/2022\/12\/publi.jpg\" alt=\"Laminado AC6 con precio hidr\u00f3fugo ecol\u00f3gico con 35 a\u00f1os de garant\u00eda\" width=\"1000\" height=\"2248\" srcset=\"https:\/\/instalaciondetarimas.com\/madera-maciza-interior\/wp-content\/uploads\/sites\/10\/2022\/12\/publi.jpg 1000w, https:\/\/instalaciondetarimas.com\/madera-maciza-interior\/wp-content\/uploads\/sites\/10\/2022\/12\/publi-133x300.jpg 133w, https:\/\/instalaciondetarimas.com\/madera-maciza-interior\/wp-content\/uploads\/sites\/10\/2022\/12\/publi-456x1024.jpg 456w, https:\/\/instalaciondetarimas.com\/madera-maciza-interior\/wp-content\/uploads\/sites\/10\/2022\/12\/publi-768x1726.jpg 768w, https:\/\/instalaciondetarimas.com\/madera-maciza-interior\/wp-content\/uploads\/sites\/10\/2022\/12\/publi-683x1536.jpg 683w, https:\/\/instalaciondetarimas.com\/madera-maciza-interior\/wp-content\/uploads\/sites\/10\/2022\/12\/publi-911x2048.jpg 911w\" sizes=\"auto, (max-width: 1000px) 100vw, 1000px\" \/><\/a><p id=\"caption-attachment-2058\" class=\"wp-caption-text\">Presupuestos sin compromiso y asesor\u00eda<br \/>Laminado AC6 con precio hidr\u00f3fugo ecol\u00f3gico con 35 a\u00f1os de garant\u00eda<br \/><span style=\"font-size: x-large; font-family: arial,helvetica,sans-serif;\">| Venta directa en Espa\u00f1a y cualquier parte de Europa | <strong>636 52 04 08<\/strong> | 91 890 51 61 | <span style=\"color: #003366;\"><a style=\"color: #003366;\" title=\"mailto:tarima@instalaciondetarimas.com?subject=\" href=\"mailto:tarima@instalaciondetarimas.com?subject=\">tarima@instalaciondetarimas.com<\/a> <\/span><\/span><\/p><\/div>\n<p>&nbsp;<\/p>\n<p>&nbsp;<\/p>\n<div  class=\"et_lb_module et_lb_toggle et_lb_toggle_close\">\r\n\t\t\t\t\t<div class='et_lb_module_content'>\r\n\t\t\t\t\t\t<div class='et_lb_module_content_inner'>\r\n\t\t\t\t\t\t\t<h3 class='et_lb_toggle_title'><span class='et_toggle'><\/span><\/h3>\r\n\t\t\t\t\t\t\t<div class='et_lb_toggle_content clearfix et_lb_hidden'>\n<p><span style=\"font-size: medium; font-family: arial,helvetica,sans-serif;\">Caracter\u00edsticas:<\/span><\/p>\n<div  class=\"et_lb_module et_lb_list et_lb_list_arrow\">\n<ul>\n<li><span style=\"font-size: medium; font-family: arial,helvetica,sans-serif;\">Espesor: 12 mm. <\/span><\/li>\n<li><span style=\"font-size: medium; font-family: arial,helvetica,sans-serif;\">Ensamblaje: Clip A. <\/span><\/li>\n<li><span style=\"font-size: medium; font-family: arial,helvetica,sans-serif;\">Biselado: 4 biseles. <\/span><\/li>\n<li><span style=\"font-size: medium; font-family: arial,helvetica,sans-serif;\">Soporte: HDF: <\/span><span style=\"font-size: medium; font-family: arial,helvetica,sans-serif;\">Resistente al agua (<em>water Resistant<\/em>). <\/span><\/li>\n<li><span style=\"font-size: medium; font-family: arial,helvetica,sans-serif;\">Acabado: Sincronizado y Heliocromo. <\/span><\/li>\n<li><span style=\"font-size: medium; font-family: arial,helvetica,sans-serif;\">Dimensiones: 1290 x 214 mm. <\/span><\/li>\n<li><span style=\"font-size: medium; font-family: arial,helvetica,sans-serif;\">Garant\u00eda 35 a\u00f1os. <\/span><\/li>\n<li><span style=\"font-size: medium; font-family: arial,helvetica,sans-serif;\">Log\u00edstica: una caja contiene 6 tablas y son 1,66 m2. <\/span><\/li>\n<li><span style=\"font-size: medium; font-family: arial,helvetica,sans-serif;\">Peso por caja 18 kg. <\/span><\/li>\n<li><span style=\"font-size: medium; font-family: arial,helvetica,sans-serif;\">Peso de palet con 18 cajas igual a 864 kg. <\/span><\/li>\n<li><span style=\"font-size: medium; font-family: arial,helvetica,sans-serif;\">N\u00famero de dise\u00f1os: 14. <\/span><\/li>\n<li><span style=\"font-size: medium; font-family: arial,helvetica,sans-serif;\">Resistencia al fuego: CFL S1. <\/span><\/li>\n<li><span style=\"font-size: medium; font-family: arial,helvetica,sans-serif;\">Tasa de formaldehido E1<\/span><\/li>\n<\/ul>\n<\/div> <!-- end .et_lb_list -->\n\t\t\t<\/div>\r\n\t\t\t\t\t\t<\/div> <!-- end .et_lb_module_content_inner -->\r\n\t\t\t\t\t<\/div> <!-- end .et_lb_module_content -->\r\n\t\t\t\t<\/div> <!-- end .et_lb_toggle -->\n<div id=\"attachment_2045\" style=\"width: 1010px\" class=\"wp-caption aligncenter\"><a href=\"https:\/\/instalaciondetarimas.com\/madera-maciza-interior\/wp-content\/uploads\/sites\/10\/2022\/12\/laminado-ac6-12mm.jpg\"><img loading=\"lazy\" decoding=\"async\" aria-describedby=\"caption-attachment-2045\" class=\"wp-image-2045 size-full\" src=\"https:\/\/instalaciondetarimas.com\/madera-maciza-interior\/wp-content\/uploads\/sites\/10\/2022\/12\/laminado-ac6-12mm.jpg\" alt=\"laminado ac6 12 mm ecol\u00f3gico\" width=\"1000\" height=\"688\" srcset=\"https:\/\/instalaciondetarimas.com\/madera-maciza-interior\/wp-content\/uploads\/sites\/10\/2022\/12\/laminado-ac6-12mm.jpg 1000w, https:\/\/instalaciondetarimas.com\/madera-maciza-interior\/wp-content\/uploads\/sites\/10\/2022\/12\/laminado-ac6-12mm-300x206.jpg 300w, https:\/\/instalaciondetarimas.com\/madera-maciza-interior\/wp-content\/uploads\/sites\/10\/2022\/12\/laminado-ac6-12mm-768x528.jpg 768w\" sizes=\"auto, (max-width: 1000px) 100vw, 1000px\" \/><\/a><p id=\"caption-attachment-2045\" class=\"wp-caption-text\">Laminado ac6 12 mm ecol\u00f3gico. Foto de cliente.<\/p><\/div>\n<p>&nbsp;<\/p>\n<p><img loading=\"lazy\" decoding=\"async\" class=\"wp-image-6075 size-large\" src=\"https:\/\/shop.instalaciondetarimas.com\/wp-content\/uploads\/2022\/12\/ESPECIFICACION-1024x774.png\" alt=\"texto con especificaciones del laminado AC6 ecol\u00f3gico\" width=\"980\" height=\"741\" \/><\/p>\n<h4>Comprar laminado con 35 a\u00f1os de garant\u00eda en la tienda online:<\/h4>\n<p><a href=\"https:\/\/shop.instalaciondetarimas.com\/producto\/laminado-ac6-ecologico-libre-de-cov-sustancias-organicas-volatiles-y-de-formaldehido-de-12-mm-de-espesor\/\" target=\"_blank\" rel=\"noopener sponsored\"><img loading=\"lazy\" decoding=\"async\" class=\"size-full wp-image-1800 alignnone\" src=\"https:\/\/instalaciondetarimas.com\/madera-maciza-interior\/wp-content\/uploads\/sites\/10\/2015\/10\/TIENDA-copy-400x400-1.png\" alt=\"\" width=\"400\" height=\"400\" srcset=\"https:\/\/instalaciondetarimas.com\/madera-maciza-interior\/wp-content\/uploads\/sites\/10\/2015\/10\/TIENDA-copy-400x400-1.png 400w, https:\/\/instalaciondetarimas.com\/madera-maciza-interior\/wp-content\/uploads\/sites\/10\/2015\/10\/TIENDA-copy-400x400-1-300x300.png 300w, https:\/\/instalaciondetarimas.com\/madera-maciza-interior\/wp-content\/uploads\/sites\/10\/2015\/10\/TIENDA-copy-400x400-1-150x150.png 150w, https:\/\/instalaciondetarimas.com\/madera-maciza-interior\/wp-content\/uploads\/sites\/10\/2015\/10\/TIENDA-copy-400x400-1-80x80.png 80w, https:\/\/instalaciondetarimas.com\/madera-maciza-interior\/wp-content\/uploads\/sites\/10\/2015\/10\/TIENDA-copy-400x400-1-266x266.png 266w, https:\/\/instalaciondetarimas.com\/madera-maciza-interior\/wp-content\/uploads\/sites\/10\/2015\/10\/TIENDA-copy-400x400-1-184x184.png 184w\" sizes=\"auto, (max-width: 400px) 100vw, 400px\" \/><\/a><\/p>\n<h5><span style=\"font-size: x-large; font-family: arial,helvetica,sans-serif;\">Textos sobre tarima maciza interior:<\/span><\/h5>\n<ul>\n<li><span style=\"font-size: medium; font-family: arial, helvetica, sans-serif; color: #003366;\"><a style=\"color: #003366;\" href=\"https:\/\/instalaciondetarimas.com\/madera-maciza-interior\/2017\/12\/08\/el-encolado-con-la-espatula-dentada\/\" target=\"_blank\" rel=\"noopener\">El encolado de la tarima al suelo con esp\u00e1tula dentada <\/a><\/span><\/li>\n<li><span style=\"font-size: medium; font-family: arial, helvetica, sans-serif; color: #003366;\"><a style=\"color: #003366;\" href=\"https:\/\/instalaciondetarimas.com\/tarima-maciza-barnizada\/2015\/12\/30\/como-hacer-la-instalacion-de-la-tarima-maciza-barnizada\/\" target=\"_blank\" rel=\"noopener\">C\u00f3mo instalar la tarima que ya viene barnizada en la f\u00e1brica. <\/a><\/span><\/li>\n<li><span style=\"font-size: medium; font-family: arial, helvetica, sans-serif; color: #003366;\"><a style=\"color: #003366;\" href=\"https:\/\/instalaciondetarimas.com\/tarima-maciza-barnizada\/2017\/06\/21\/las-ventajas-del-barnizado-de-fabrica-en-la-tarima-maciza\/\" target=\"_blank\" rel=\"noopener\">Las ventajas de la tarima barnizada de f\u00e1brica<\/a><\/span><\/li>\n<li><span style=\"font-size: medium; font-family: arial, helvetica, sans-serif; color: #003366;\"><a style=\"color: #003366;\" href=\"https:\/\/instalaciondetarimas.com\/madera-maciza-interior\/2017\/05\/08\/la-instalacion-de-la-madera-en-el-suelo-radiante\/\" target=\"_blank\" rel=\"noopener\">La instalaci\u00f3n de la tarima sobre un suelo radiante <\/a><\/span><\/li>\n<li><span style=\"font-size: medium; font-family: arial, helvetica, sans-serif; color: #003366;\"><a style=\"color: #003366;\" href=\"https:\/\/instalaciondetarimas.com\/tarima-maciza-barnizada\/2017\/03\/29\/fotos-tarima-maciza-roble-barnizado\/\" target=\"_blank\" rel=\"noopener\">Fotos de tarima de roble barnizado en la f\u00e1brica.\u00a0<\/a><\/span><\/li>\n<li><span style=\"font-size: medium; font-family: arial, helvetica, sans-serif; color: #003366;\"><a style=\"color: #003366;\" href=\"https:\/\/instalaciondetarimas.com\/madera-maciza-interior\/2018\/01\/11\/como-secar-el-suelo-al-2-de-humedad-para-poder-pegar-la-tarima-maciza-al-suelo-sin-emplear-el-rastrel\/\" target=\"_blank\" rel=\"noopener\">\u00bfC\u00f3mo secar el suelo al 2% de humedad para poder pegar la tarima maciza al suelo, sin emplear el rastrel?. <\/a><\/span><\/li>\n<li><span style=\"font-size: medium; font-family: arial, helvetica, sans-serif; color: #003366;\"><a style=\"color: #003366;\" href=\"https:\/\/instalaciondetarimas.com\/madera-maciza-interior\/2015\/12\/18\/las-ventajas-de-la-tarima-maciza\/\" target=\"_blank\" rel=\"noopener sponsored\">Las ventajas de la tarima maciza<\/a>. <\/span><\/li>\n<li><span style=\"font-size: medium; font-family: arial, helvetica, sans-serif; color: #003366;\"><a style=\"color: #003366;\" href=\"https:\/\/instalaciondetarimas.com\/enciclopedia-de-la-madera\/2021\/12\/03\/que-es-mejor-una-tarima-flotante-o-maciza\/\" target=\"_blank\" rel=\"noopener sponsored\">\u00bfQu\u00e9 es mejor la tarima maciza o la flotante?<\/a>.<\/span><\/li>\n<\/ul>\n<p><strong><span style=\"font-size: x-large; font-family: arial,helvetica,sans-serif;\">Consejos de instalaci\u00f3n generales de la tarima exterior:<\/span><\/strong><\/p>\n<ul>\n<li><span style=\"font-size: medium; font-family: arial, helvetica, sans-serif; color: #003366;\"><a style=\"color: #003366;\" href=\"https:\/\/instalaciondetarimas.com\/tarima-exterior\/2016\/08\/05\/saturador-cetol-wf771-de-sikkens\/\" target=\"_blank\" rel=\"noopener noreferrer\">\u00bfLa solera de hormig\u00f3n?<\/a><\/span><\/li>\n<li><span style=\"font-size: medium; font-family: arial, helvetica, sans-serif; color: #003366;\"><a style=\"color: #003366;\" href=\"https:\/\/instalaciondetarimas.com\/blog\/2016\/07\/04\/colocacion-de-los-rastreles-tropicales-tumbados-o-de-pie\/\" target=\"_blank\" rel=\"noopener noreferrer\">\u00bfC\u00f3mo colocamos los rastreles tumbados o de pie?<\/a><\/span><\/li>\n<li><span style=\"font-size: medium; font-family: arial, helvetica, sans-serif; color: #003366;\"><a style=\"color: #003366;\" href=\"https:\/\/instalaciondetarimas.com\/blog\/2017\/04\/12\/rastrel-con-clavos-de-acero-inoxidable-o-bricomatados\/\" target=\"_blank\" rel=\"noopener noreferrer\">\u00bfC\u00f3mo fijamos los rastreles al suelo? <\/a><\/span><\/li>\n<li><span style=\"font-size: medium; font-family: arial, helvetica, sans-serif; color: #003366;\"><a style=\"color: #003366;\" href=\"https:\/\/instalaciondetarimas.com\/blog\/2014\/08\/03\/las-ventajas-de-la-instalacin-de-tarima-de-exterior-con-rastreles-tropicales\/\" target=\"_blank\" rel=\"noopener noreferrer\">\u00bfPor qu\u00e9 los rastreles deben ser tropicales? <\/a><\/span><\/li>\n<li><span style=\"font-size: medium; font-family: arial, helvetica, sans-serif; color: #003366;\"><a style=\"color: #003366;\" href=\"https:\/\/instalaciondetarimas.com\/tarima-exterior\/2016\/03\/09\/remates-en-la-tarima-exterior-con-grapia\/\" target=\"_blank\" rel=\"noopener noreferrer\">\u00bfC\u00f3mo instalamos la primera l\u00ednea de tarima, atornillada o sin atornillar? <\/a><\/span><\/li>\n<li><span style=\"font-size: medium; font-family: arial, helvetica, sans-serif; color: #003366;\"><a style=\"color: #003366;\" href=\"https:\/\/instalaciondetarimas.com\/blog\/2016\/12\/15\/la-direccion-de-la-instalacion-de-la-tarima\/\" target=\"_blank\" rel=\"noopener noreferrer\">\u00bfCu\u00e1l es la direcci\u00f3n correcta que debe llevar la tarima en la instalaci\u00f3n? <\/a><\/span><\/li>\n<li><span style=\"font-size: medium; font-family: arial, helvetica, sans-serif; color: #003366;\"><a style=\"color: #003366;\" href=\"https:\/\/instalaciondetarimas.com\/tarima-exterior\/2016\/01\/23\/tarima-exterior-con-grapa-vista\/\" target=\"_blank\" rel=\"noopener noreferrer\">\u00bfTarima con sistema de grapa vista o con grapa oculta? <\/a><\/span><\/li>\n<li><span style=\"font-size: medium; font-family: arial, helvetica, sans-serif; color: #003366;\"><a style=\"color: #003366;\" href=\"https:\/\/instalaciondetarimas.com\/blog\/2015\/10\/03\/tarima-de-exterior-resistente-a-los-lictidos-o-la-polilla-de-la-madera\/\" target=\"_blank\" rel=\"noopener noreferrer\">\u00bfQu\u00e9 maderas son las m\u00e1s resistentes?<\/a><\/span><\/li>\n<li><span style=\"font-size: medium; font-family: arial, helvetica, sans-serif; color: #003366;\"><a style=\"color: #003366;\" href=\"https:\/\/instalaciondetarimas.com\/blog\/2016\/11\/23\/10-anos-garantia-la-instalacion-la-tarima-exterior\/\" target=\"_blank\" rel=\"noopener noreferrer\">\u00bfLa instalaci\u00f3n es la clave o son los materiales? <\/a><\/span><\/li>\n<li><span style=\"font-size: medium; font-family: arial, helvetica, sans-serif; color: #003366;\"><a style=\"color: #003366;\" href=\"https:\/\/instalaciondetarimas.com\/blog\/2014\/08\/07\/comparativa-entre-la-tarima-de-exterior-tecnolgica-madera-maciza-de-exterior\/\" target=\"_blank\" rel=\"noopener noreferrer\">\u00bfTarima sint\u00e9tica? No, gracias <\/a><\/span><\/li>\n<li><span style=\"font-size: medium; font-family: arial, helvetica, sans-serif; color: #003366;\"><a style=\"color: #003366;\" href=\"https:\/\/instalaciondetarimas.com\/tarima-exterior\/2017\/05\/30\/las-medidas-las-grapas-tarima-exterior\/\" target=\"_blank\" rel=\"noopener\">Medidas de las grapas para tarima de exterior.<\/a>\u00a0<\/span><\/li>\n<li><span style=\"font-size: medium; font-family: arial, helvetica, sans-serif; color: #003366;\"><a style=\"color: #003366;\" href=\"https:\/\/instalaciondetarimas.com\/tarima-exterior\/2021\/07\/11\/tecnica-del-atornillado-de-las-grapas\/\" target=\"_blank\" rel=\"noopener sponsored\">\u00bfC\u00f3mo es la t\u00e9cnica del atornillado de las grapas?<\/a>. <\/span><\/li>\n<li><span style=\"font-size: medium; font-family: arial, helvetica, sans-serif; color: #003366;\"><a style=\"color: #003366;\" href=\"https:\/\/instalaciondetarimas.com\/tarima-exterior\/2021\/07\/03\/cuantas-grapas-de-exterior-se-necesitan\/\" target=\"_blank\" rel=\"noopener sponsored\">C\u00f3mo calcular el n\u00famero de grapas que necesitar\u00edamos por m2<\/a>.<\/span><\/li>\n<li><span style=\"color: #003366;\"><a style=\"color: #003366;\" href=\"https:\/\/instalaciondetarimas.com\/blog\/2016\/11\/23\/10-anos-garantia-la-instalacion-la-tarima-exterior\/\" target=\"_blank\" rel=\"noopener noreferrer\"><span style=\"font-size: medium; font-family: arial, helvetica, sans-serif;\">\u00bfLa instalaci\u00f3n es la clave o son los materiales?<\/span><\/a><\/span><\/li>\n<li><span style=\"color: #003366;\"><a style=\"color: #003366;\" href=\"https:\/\/instalaciondetarimas.com\/tarima-exterior\/2017\/05\/30\/las-medidas-las-grapas-tarima-exterior\/\" target=\"_blank\" rel=\"noopener\"><span style=\"font-size: medium; font-family: arial, helvetica, sans-serif;\">Medidas de las grapas para tarima de exterior<\/span><\/a><\/span><\/li>\n<\/ul>\n<h6><span style=\"font-size: medium; font-family: arial,helvetica,sans-serif;\">Saber m\u00e1s: <\/span><\/h6>\n<ul>\n<li><span style=\"color: #003366;\"><a style=\"color: #003366;\" href=\"https:\/\/instalaciondetarimas.com\/blog\/2017\/04\/21\/la-clasificacion-de-la-madera-por-su-densidad\/\" target=\"_blank\" rel=\"noopener sponsored\"><span style=\"font-size: medium; font-family: arial,helvetica,sans-serif;\">Clasificaci\u00f3n de las maderas por su densidad <\/span><\/a><\/span><\/li>\n<li><span style=\"color: #003366;\"><a style=\"color: #003366;\" href=\"https:\/\/instalaciondetarimas.com\/blog\/2016\/12\/15\/la-direccion-de-la-instalacion-de-la-tarima\/\" target=\"_blank\" rel=\"noopener sponsored\"><span style=\"font-size: medium; font-family: arial,helvetica,sans-serif;\">La direcci\u00f3n de la tarima determina la direcci\u00f3n del rastrel<\/span><\/a><\/span><\/li>\n<\/ul>\n<p><span style=\"font-size: medium; font-family: arial,helvetica,sans-serif;\">Otros textos relacionados con el rastrel:<\/span><\/p>\n<ul>\n<li><span style=\"color: #003366;\"><a style=\"color: #003366;\" href=\"https:\/\/instalaciondetarimas.com\/blog\/2016\/07\/04\/colocacion-de-los-rastreles-tropicales-tumbados-o-de-pie\/\" target=\"_blank\" rel=\"noopener sponsored\"><span style=\"font-size: medium; font-family: arial,helvetica,sans-serif;\">\u00bfC\u00f3mo colocamos el rastrel, tumbado o de pi\u00e9? <\/span><\/a><\/span><\/li>\n<li><span style=\"color: #003366;\"><a style=\"color: #003366;\" href=\"https:\/\/instalaciondetarimas.com\/blog\/2019\/02\/09\/colocacion-de-tarima-de-exterior-sobre-rastreles-tropicales-cruzados\/\" target=\"_blank\" rel=\"noopener sponsored\"><span style=\"font-size: medium; font-family: arial,helvetica,sans-serif;\">Rastreles cruzados <\/span><\/a><\/span><\/li>\n<li><span style=\"color: #003366;\"><a style=\"color: #003366;\" href=\"https:\/\/instalaciondetarimas.com\/blog\/2020\/02\/18\/la-mejor-colocacion-de-los-rastreles-en-una-terraza\/\" target=\"_blank\" rel=\"noopener sponsored\"><span style=\"font-size: medium; font-family: arial,helvetica,sans-serif;\">Rastreles en una terraza <\/span><\/a><\/span><\/li>\n<li><span style=\"font-size: medium; font-family: arial, helvetica, sans-serif; color: #003366;\"><a style=\"color: #003366;\" href=\"https:\/\/instalaciondetarimas.com\/blog\/2017\/09\/25\/como-aplicar-los-adhesivos-en-la-tarima-de-exterior\/\" target=\"_blank\" rel=\"noopener sponsored\">Sujetar el rastrel con adhesivos <\/a><\/span><\/li>\n<li><span style=\"color: #003366;\"><a style=\"color: #003366;\" href=\"https:\/\/instalaciondetarimas.com\/blog\/2017\/04\/12\/rastrel-con-clavos-de-acero-inoxidable-o-bricomatados\/\" target=\"_blank\" rel=\"noopener sponsored\"><span style=\"font-size: medium; font-family: arial,helvetica,sans-serif;\">Sujetar rastreles con acero inoxidable <\/span><\/a><\/span><\/li>\n<li><span style=\"color: #003366;\"><a style=\"color: #003366;\" href=\"https:\/\/instalaciondetarimas.com\/blog\/2016\/11\/23\/10-anos-de-garantia-en-la-instalacion-de-la-tarima-de-exterior\/\" target=\"_blank\" rel=\"noopener sponsored\"><span style=\"font-size: medium; font-family: arial,helvetica,sans-serif;\">La distancia del rastrel forma parte de la garant\u00eda<\/span><\/a><\/span><\/li>\n<\/ul>\n<p><span style=\"font-size: medium; font-family: arial,helvetica,sans-serif;\">Te puede interesar en relaci\u00f3n a las grapas: <\/span><\/p>\n<ul>\n<li><span style=\"color: #003366;\"><a style=\"color: #003366;\" href=\"https:\/\/instalaciondetarimas.com\/tarima-exterior\/2021\/07\/03\/cuantas-grapas-de-exterior-se-necesitan\/\" target=\"_blank\" rel=\"noopener sponsored\"><span style=\"font-size: medium; font-family: arial,helvetica,sans-serif;\">Calcular el n\u00famero de grapas<\/span><\/a><\/span><\/li>\n<li><span style=\"color: #003366;\"><a style=\"color: #003366;\" href=\"https:\/\/instalaciondetarimas.com\/tarima-exterior\/2021\/07\/11\/tecnica-del-atornillado-de-las-grapas\/\" target=\"_blank\" rel=\"noopener sponsored\"><span style=\"font-size: medium; font-family: arial,helvetica,sans-serif;\">Como atornillar las grapas <\/span><\/a><\/span><\/li>\n<li><span style=\"color: #003366;\"><a style=\"color: #003366;\" href=\"https:\/\/instalaciondetarimas.com\/blog\/2015\/09\/13\/la-instalacion-de-tarima-exterior\/\" target=\"_blank\" rel=\"noopener sponsored\"><span style=\"font-size: medium; font-family: arial,helvetica,sans-serif;\">La separaci\u00f3n adecuada es una de las 7 claves de la instalaci\u00f3n exterior<\/span><\/a><\/span><\/li>\n<\/ul>\n<p><span style=\"font-size: x-large; font-family: arial,helvetica,sans-serif;\">| Venta directa en Espa\u00f1a y cualquier parte de Europa | <strong>636 52 04 08<\/strong> | 91 890 51 61 | <span style=\"color: #003366;\"><a style=\"color: #003366;\" title=\"mailto:tarima@instalaciondetarimas.com?subject=\" href=\"mailto:tarima@instalaciondetarimas.com?subject=\">tarima@instalaciondetarimas.com<\/a> <\/span>| Especialistas en instalaci\u00f3n en tarimas de exterior y tarima de madera maciza interior | Tarima maciza de interior: Tarima laminada AC6 ecol\u00f3gica. |<\/span><\/p>\n<p style=\"text-align: center;\"><span style=\"font-size: x-large; font-family: arial,helvetica,sans-serif;\">Presupuestos sin compromiso y asesor\u00eda<\/span><\/p>\n<p style=\"text-align: center;\"><span style=\"font-size: x-large; font-family: arial,helvetica,sans-serif;\"> | <strong>636 52 04 08<\/strong> | 91 890 51 61 |<\/span><\/p>\n<p>&nbsp;<\/p>\n<!--CusAds0-->\n<div style=\"font-size: 0px; height: 0px; line-height: 0px; margin: 0; padding: 0; clear: both;\"><\/div>","protected":false},"excerpt":{"rendered":"<p>&nbsp; Suelo laminado AC6 roble,\u00a0 hidr\u00f3fugo con 35 a\u00f1os de garant\u00eda. Totalmente ecol\u00f3gico, sin sustancias org\u00e1nicas vol\u00e1tiles (COV) y sin formaldeh\u00eddo.\u00a0 Espesor de 12 mm, no de 8 mm. Mucho m\u00e1s resistente, no se rompen los clicks. Hidr\u00f3fugo. Garant\u00eda 35 a\u00f1os. Si busca un suelo para toda la vida te ofrecemos el laminado AC6 Roble, [&hellip;]<\/p>\n","protected":false},"author":1,"featured_media":1754,"comment_status":"open","ping_status":"open","sticky":false,"template":"","format":"standard","meta":{"footnotes":""},"categories":[13],"tags":[89],"class_list":["post-1752","post","type-post","status-publish","format-standard","has-post-thumbnail","hentry","category-ofertas-de-tarima","tag-laminado-ac6"],"yoast_head":"<!-- This site is optimized with the Yoast SEO plugin v27.1.1 - https:\/\/yoast.com\/product\/yoast-seo-wordpress\/ -->\n<title>Laminado AC6 hidr\u00f3fugo ecol\u00f3gico<\/title>\n<meta name=\"description\" content=\"Suelo laminado AC6 roble hidr\u00f3fugo con 35 a\u00f1os de garant\u00eda. Totalmente ecol\u00f3gico, sin sustancias org\u00e1nicas vol\u00e1tiles (COV) y sin formaldeh\u00eddo\" \/>\n<meta name=\"robots\" content=\"index, follow, max-snippet:-1, max-image-preview:large, max-video-preview:-1\" \/>\n<link rel=\"canonical\" href=\"https:\/\/instalaciondetarimas.com\/madera-maciza-interior\/2022\/12\/12\/laminado-ac6-hidrofugo-con-35-ano-de-garantia\/\" \/>\n<meta property=\"og:locale\" content=\"es_ES\" \/>\n<meta property=\"og:type\" content=\"article\" \/>\n<meta property=\"og:title\" content=\"Laminado AC6 hidr\u00f3fugo ecol\u00f3gico\" \/>\n<meta property=\"og:description\" content=\"Suelo laminado AC6 roble hidr\u00f3fugo con 35 a\u00f1os de garant\u00eda. Totalmente ecol\u00f3gico, sin sustancias org\u00e1nicas vol\u00e1tiles (COV) y sin formaldeh\u00eddo\" \/>\n<meta property=\"og:url\" content=\"https:\/\/instalaciondetarimas.com\/madera-maciza-interior\/2022\/12\/12\/laminado-ac6-hidrofugo-con-35-ano-de-garantia\/\" \/>\n<meta property=\"og:site_name\" content=\"Ofertas de tarima maciza para suelos de interior\" \/>\n<meta property=\"article:published_time\" content=\"2022-12-12T19:31:22+00:00\" \/>\n<meta property=\"article:modified_time\" content=\"2025-03-22T23:55:33+00:00\" \/>\n<meta property=\"og:image\" content=\"https:\/\/instalaciondetarimas.com\/madera-maciza-interior\/wp-content\/uploads\/sites\/10\/2022\/12\/ROBLE-435-AC6.jpg\" \/>\n\t<meta property=\"og:image:width\" content=\"700\" \/>\n\t<meta property=\"og:image:height\" content=\"511\" \/>\n\t<meta property=\"og:image:type\" content=\"image\/jpeg\" \/>\n<meta name=\"author\" content=\"Ribas\" \/>\n<meta name=\"twitter:card\" content=\"summary_large_image\" \/>\n<meta name=\"twitter:label1\" content=\"Escrito por\" \/>\n\t<meta name=\"twitter:data1\" content=\"Ribas\" \/>\n\t<meta name=\"twitter:label2\" content=\"Tiempo de lectura\" \/>\n\t<meta name=\"twitter:data2\" content=\"7 minutos\" \/>\n<script type=\"application\/ld+json\" class=\"yoast-schema-graph\">{\"@context\":\"https:\/\/schema.org\",\"@graph\":[{\"@type\":\"Article\",\"@id\":\"https:\/\/instalaciondetarimas.com\/madera-maciza-interior\/2022\/12\/12\/laminado-ac6-hidrofugo-con-35-ano-de-garantia\/#article\",\"isPartOf\":{\"@id\":\"https:\/\/instalaciondetarimas.com\/madera-maciza-interior\/2022\/12\/12\/laminado-ac6-hidrofugo-con-35-ano-de-garantia\/\"},\"author\":{\"name\":\"Ribas\",\"@id\":\"https:\/\/instalaciondetarimas.com\/madera-maciza-interior\/#\/schema\/person\/080df099c3c04ec9642544e2451b38c2\"},\"headline\":\"Laminado AC6 hidr\u00f3fugo ecol\u00f3gico con 35 a\u00f1os de garant\u00eda\",\"datePublished\":\"2022-12-12T19:31:22+00:00\",\"dateModified\":\"2025-03-22T23:55:33+00:00\",\"mainEntityOfPage\":{\"@id\":\"https:\/\/instalaciondetarimas.com\/madera-maciza-interior\/2022\/12\/12\/laminado-ac6-hidrofugo-con-35-ano-de-garantia\/\"},\"wordCount\":1067,\"commentCount\":2,\"image\":{\"@id\":\"https:\/\/instalaciondetarimas.com\/madera-maciza-interior\/2022\/12\/12\/laminado-ac6-hidrofugo-con-35-ano-de-garantia\/#primaryimage\"},\"thumbnailUrl\":\"https:\/\/instalaciondetarimas.com\/madera-maciza-interior\/wp-content\/uploads\/sites\/10\/2022\/12\/ROBLE-435-AC6.jpg\",\"keywords\":[\"laminado AC6\"],\"articleSection\":[\"OFERTAS DE TARIMA\"],\"inLanguage\":\"es\",\"potentialAction\":[{\"@type\":\"CommentAction\",\"name\":\"Comment\",\"target\":[\"https:\/\/instalaciondetarimas.com\/madera-maciza-interior\/2022\/12\/12\/laminado-ac6-hidrofugo-con-35-ano-de-garantia\/#respond\"]}]},{\"@type\":\"WebPage\",\"@id\":\"https:\/\/instalaciondetarimas.com\/madera-maciza-interior\/2022\/12\/12\/laminado-ac6-hidrofugo-con-35-ano-de-garantia\/\",\"url\":\"https:\/\/instalaciondetarimas.com\/madera-maciza-interior\/2022\/12\/12\/laminado-ac6-hidrofugo-con-35-ano-de-garantia\/\",\"name\":\"Laminado AC6 hidr\u00f3fugo ecol\u00f3gico\",\"isPartOf\":{\"@id\":\"https:\/\/instalaciondetarimas.com\/madera-maciza-interior\/#website\"},\"primaryImageOfPage\":{\"@id\":\"https:\/\/instalaciondetarimas.com\/madera-maciza-interior\/2022\/12\/12\/laminado-ac6-hidrofugo-con-35-ano-de-garantia\/#primaryimage\"},\"image\":{\"@id\":\"https:\/\/instalaciondetarimas.com\/madera-maciza-interior\/2022\/12\/12\/laminado-ac6-hidrofugo-con-35-ano-de-garantia\/#primaryimage\"},\"thumbnailUrl\":\"https:\/\/instalaciondetarimas.com\/madera-maciza-interior\/wp-content\/uploads\/sites\/10\/2022\/12\/ROBLE-435-AC6.jpg\",\"datePublished\":\"2022-12-12T19:31:22+00:00\",\"dateModified\":\"2025-03-22T23:55:33+00:00\",\"author\":{\"@id\":\"https:\/\/instalaciondetarimas.com\/madera-maciza-interior\/#\/schema\/person\/080df099c3c04ec9642544e2451b38c2\"},\"description\":\"Suelo laminado AC6 roble hidr\u00f3fugo con 35 a\u00f1os de garant\u00eda. Totalmente ecol\u00f3gico, sin sustancias org\u00e1nicas vol\u00e1tiles (COV) y sin formaldeh\u00eddo\",\"breadcrumb\":{\"@id\":\"https:\/\/instalaciondetarimas.com\/madera-maciza-interior\/2022\/12\/12\/laminado-ac6-hidrofugo-con-35-ano-de-garantia\/#breadcrumb\"},\"inLanguage\":\"es\",\"potentialAction\":[{\"@type\":\"ReadAction\",\"target\":[\"https:\/\/instalaciondetarimas.com\/madera-maciza-interior\/2022\/12\/12\/laminado-ac6-hidrofugo-con-35-ano-de-garantia\/\"]}]},{\"@type\":\"ImageObject\",\"inLanguage\":\"es\",\"@id\":\"https:\/\/instalaciondetarimas.com\/madera-maciza-interior\/2022\/12\/12\/laminado-ac6-hidrofugo-con-35-ano-de-garantia\/#primaryimage\",\"url\":\"https:\/\/instalaciondetarimas.com\/madera-maciza-interior\/wp-content\/uploads\/sites\/10\/2022\/12\/ROBLE-435-AC6.jpg\",\"contentUrl\":\"https:\/\/instalaciondetarimas.com\/madera-maciza-interior\/wp-content\/uploads\/sites\/10\/2022\/12\/ROBLE-435-AC6.jpg\",\"width\":700,\"height\":511,\"caption\":\"laminado AC6 roble claro y c\u00e1lido\"},{\"@type\":\"BreadcrumbList\",\"@id\":\"https:\/\/instalaciondetarimas.com\/madera-maciza-interior\/2022\/12\/12\/laminado-ac6-hidrofugo-con-35-ano-de-garantia\/#breadcrumb\",\"itemListElement\":[{\"@type\":\"ListItem\",\"position\":1,\"name\":\"Portada\",\"item\":\"https:\/\/instalaciondetarimas.com\/madera-maciza-interior\/\"},{\"@type\":\"ListItem\",\"position\":2,\"name\":\"Laminado AC6 hidr\u00f3fugo ecol\u00f3gico con 35 a\u00f1os de garant\u00eda\"}]},{\"@type\":\"WebSite\",\"@id\":\"https:\/\/instalaciondetarimas.com\/madera-maciza-interior\/#website\",\"url\":\"https:\/\/instalaciondetarimas.com\/madera-maciza-interior\/\",\"name\":\"Ofertas de tarima maciza para suelos de interior\",\"description\":\"Ofertas de tarima maciza\",\"potentialAction\":[{\"@type\":\"SearchAction\",\"target\":{\"@type\":\"EntryPoint\",\"urlTemplate\":\"https:\/\/instalaciondetarimas.com\/madera-maciza-interior\/?s={search_term_string}\"},\"query-input\":{\"@type\":\"PropertyValueSpecification\",\"valueRequired\":true,\"valueName\":\"search_term_string\"}}],\"inLanguage\":\"es\"},{\"@type\":\"Person\",\"@id\":\"https:\/\/instalaciondetarimas.com\/madera-maciza-interior\/#\/schema\/person\/080df099c3c04ec9642544e2451b38c2\",\"name\":\"Ribas\",\"image\":{\"@type\":\"ImageObject\",\"inLanguage\":\"es\",\"@id\":\"https:\/\/instalaciondetarimas.com\/madera-maciza-interior\/#\/schema\/person\/image\/\",\"url\":\"https:\/\/secure.gravatar.com\/avatar\/53f051e804b18764c53f9952c629b135af8edb7bb2b61711c5175ce506878789?s=96&d=mm&r=g\",\"contentUrl\":\"https:\/\/secure.gravatar.com\/avatar\/53f051e804b18764c53f9952c629b135af8edb7bb2b61711c5175ce506878789?s=96&d=mm&r=g\",\"caption\":\"Ribas\"},\"url\":\"https:\/\/instalaciondetarimas.com\/madera-maciza-interior\/author\/admin\/\"}]}<\/script>\n<!-- \/ Yoast SEO plugin. -->","yoast_head_json":{"title":"Laminado AC6 hidr\u00f3fugo ecol\u00f3gico","description":"Suelo laminado AC6 roble hidr\u00f3fugo con 35 a\u00f1os de garant\u00eda. Totalmente ecol\u00f3gico, sin sustancias org\u00e1nicas vol\u00e1tiles (COV) y sin formaldeh\u00eddo","robots":{"index":"index","follow":"follow","max-snippet":"max-snippet:-1","max-image-preview":"max-image-preview:large","max-video-preview":"max-video-preview:-1"},"canonical":"https:\/\/instalaciondetarimas.com\/madera-maciza-interior\/2022\/12\/12\/laminado-ac6-hidrofugo-con-35-ano-de-garantia\/","og_locale":"es_ES","og_type":"article","og_title":"Laminado AC6 hidr\u00f3fugo ecol\u00f3gico","og_description":"Suelo laminado AC6 roble hidr\u00f3fugo con 35 a\u00f1os de garant\u00eda. Totalmente ecol\u00f3gico, sin sustancias org\u00e1nicas vol\u00e1tiles (COV) y sin formaldeh\u00eddo","og_url":"https:\/\/instalaciondetarimas.com\/madera-maciza-interior\/2022\/12\/12\/laminado-ac6-hidrofugo-con-35-ano-de-garantia\/","og_site_name":"Ofertas de tarima maciza para suelos de interior","article_published_time":"2022-12-12T19:31:22+00:00","article_modified_time":"2025-03-22T23:55:33+00:00","og_image":[{"width":700,"height":511,"url":"https:\/\/instalaciondetarimas.com\/madera-maciza-interior\/wp-content\/uploads\/sites\/10\/2022\/12\/ROBLE-435-AC6.jpg","type":"image\/jpeg"}],"author":"Ribas","twitter_card":"summary_large_image","twitter_misc":{"Escrito por":"Ribas","Tiempo de lectura":"7 minutos"},"schema":{"@context":"https:\/\/schema.org","@graph":[{"@type":"Article","@id":"https:\/\/instalaciondetarimas.com\/madera-maciza-interior\/2022\/12\/12\/laminado-ac6-hidrofugo-con-35-ano-de-garantia\/#article","isPartOf":{"@id":"https:\/\/instalaciondetarimas.com\/madera-maciza-interior\/2022\/12\/12\/laminado-ac6-hidrofugo-con-35-ano-de-garantia\/"},"author":{"name":"Ribas","@id":"https:\/\/instalaciondetarimas.com\/madera-maciza-interior\/#\/schema\/person\/080df099c3c04ec9642544e2451b38c2"},"headline":"Laminado AC6 hidr\u00f3fugo ecol\u00f3gico con 35 a\u00f1os de garant\u00eda","datePublished":"2022-12-12T19:31:22+00:00","dateModified":"2025-03-22T23:55:33+00:00","mainEntityOfPage":{"@id":"https:\/\/instalaciondetarimas.com\/madera-maciza-interior\/2022\/12\/12\/laminado-ac6-hidrofugo-con-35-ano-de-garantia\/"},"wordCount":1067,"commentCount":2,"image":{"@id":"https:\/\/instalaciondetarimas.com\/madera-maciza-interior\/2022\/12\/12\/laminado-ac6-hidrofugo-con-35-ano-de-garantia\/#primaryimage"},"thumbnailUrl":"https:\/\/instalaciondetarimas.com\/madera-maciza-interior\/wp-content\/uploads\/sites\/10\/2022\/12\/ROBLE-435-AC6.jpg","keywords":["laminado AC6"],"articleSection":["OFERTAS DE TARIMA"],"inLanguage":"es","potentialAction":[{"@type":"CommentAction","name":"Comment","target":["https:\/\/instalaciondetarimas.com\/madera-maciza-interior\/2022\/12\/12\/laminado-ac6-hidrofugo-con-35-ano-de-garantia\/#respond"]}]},{"@type":"WebPage","@id":"https:\/\/instalaciondetarimas.com\/madera-maciza-interior\/2022\/12\/12\/laminado-ac6-hidrofugo-con-35-ano-de-garantia\/","url":"https:\/\/instalaciondetarimas.com\/madera-maciza-interior\/2022\/12\/12\/laminado-ac6-hidrofugo-con-35-ano-de-garantia\/","name":"Laminado AC6 hidr\u00f3fugo ecol\u00f3gico","isPartOf":{"@id":"https:\/\/instalaciondetarimas.com\/madera-maciza-interior\/#website"},"primaryImageOfPage":{"@id":"https:\/\/instalaciondetarimas.com\/madera-maciza-interior\/2022\/12\/12\/laminado-ac6-hidrofugo-con-35-ano-de-garantia\/#primaryimage"},"image":{"@id":"https:\/\/instalaciondetarimas.com\/madera-maciza-interior\/2022\/12\/12\/laminado-ac6-hidrofugo-con-35-ano-de-garantia\/#primaryimage"},"thumbnailUrl":"https:\/\/instalaciondetarimas.com\/madera-maciza-interior\/wp-content\/uploads\/sites\/10\/2022\/12\/ROBLE-435-AC6.jpg","datePublished":"2022-12-12T19:31:22+00:00","dateModified":"2025-03-22T23:55:33+00:00","author":{"@id":"https:\/\/instalaciondetarimas.com\/madera-maciza-interior\/#\/schema\/person\/080df099c3c04ec9642544e2451b38c2"},"description":"Suelo laminado AC6 roble hidr\u00f3fugo con 35 a\u00f1os de garant\u00eda. Totalmente ecol\u00f3gico, sin sustancias org\u00e1nicas vol\u00e1tiles (COV) y sin formaldeh\u00eddo","breadcrumb":{"@id":"https:\/\/instalaciondetarimas.com\/madera-maciza-interior\/2022\/12\/12\/laminado-ac6-hidrofugo-con-35-ano-de-garantia\/#breadcrumb"},"inLanguage":"es","potentialAction":[{"@type":"ReadAction","target":["https:\/\/instalaciondetarimas.com\/madera-maciza-interior\/2022\/12\/12\/laminado-ac6-hidrofugo-con-35-ano-de-garantia\/"]}]},{"@type":"ImageObject","inLanguage":"es","@id":"https:\/\/instalaciondetarimas.com\/madera-maciza-interior\/2022\/12\/12\/laminado-ac6-hidrofugo-con-35-ano-de-garantia\/#primaryimage","url":"https:\/\/instalaciondetarimas.com\/madera-maciza-interior\/wp-content\/uploads\/sites\/10\/2022\/12\/ROBLE-435-AC6.jpg","contentUrl":"https:\/\/instalaciondetarimas.com\/madera-maciza-interior\/wp-content\/uploads\/sites\/10\/2022\/12\/ROBLE-435-AC6.jpg","width":700,"height":511,"caption":"laminado AC6 roble claro y c\u00e1lido"},{"@type":"BreadcrumbList","@id":"https:\/\/instalaciondetarimas.com\/madera-maciza-interior\/2022\/12\/12\/laminado-ac6-hidrofugo-con-35-ano-de-garantia\/#breadcrumb","itemListElement":[{"@type":"ListItem","position":1,"name":"Portada","item":"https:\/\/instalaciondetarimas.com\/madera-maciza-interior\/"},{"@type":"ListItem","position":2,"name":"Laminado AC6 hidr\u00f3fugo ecol\u00f3gico con 35 a\u00f1os de garant\u00eda"}]},{"@type":"WebSite","@id":"https:\/\/instalaciondetarimas.com\/madera-maciza-interior\/#website","url":"https:\/\/instalaciondetarimas.com\/madera-maciza-interior\/","name":"Ofertas de tarima maciza para suelos de interior","description":"Ofertas de tarima maciza","potentialAction":[{"@type":"SearchAction","target":{"@type":"EntryPoint","urlTemplate":"https:\/\/instalaciondetarimas.com\/madera-maciza-interior\/?s={search_term_string}"},"query-input":{"@type":"PropertyValueSpecification","valueRequired":true,"valueName":"search_term_string"}}],"inLanguage":"es"},{"@type":"Person","@id":"https:\/\/instalaciondetarimas.com\/madera-maciza-interior\/#\/schema\/person\/080df099c3c04ec9642544e2451b38c2","name":"Ribas","image":{"@type":"ImageObject","inLanguage":"es","@id":"https:\/\/instalaciondetarimas.com\/madera-maciza-interior\/#\/schema\/person\/image\/","url":"https:\/\/secure.gravatar.com\/avatar\/53f051e804b18764c53f9952c629b135af8edb7bb2b61711c5175ce506878789?s=96&d=mm&r=g","contentUrl":"https:\/\/secure.gravatar.com\/avatar\/53f051e804b18764c53f9952c629b135af8edb7bb2b61711c5175ce506878789?s=96&d=mm&r=g","caption":"Ribas"},"url":"https:\/\/instalaciondetarimas.com\/madera-maciza-interior\/author\/admin\/"}]}},"_links":{"self":[{"href":"https:\/\/instalaciondetarimas.com\/madera-maciza-interior\/wp-json\/wp\/v2\/posts\/1752","targetHints":{"allow":["GET"]}}],"collection":[{"href":"https:\/\/instalaciondetarimas.com\/madera-maciza-interior\/wp-json\/wp\/v2\/posts"}],"about":[{"href":"https:\/\/instalaciondetarimas.com\/madera-maciza-interior\/wp-json\/wp\/v2\/types\/post"}],"author":[{"embeddable":true,"href":"https:\/\/instalaciondetarimas.com\/madera-maciza-interior\/wp-json\/wp\/v2\/users\/1"}],"replies":[{"embeddable":true,"href":"https:\/\/instalaciondetarimas.com\/madera-maciza-interior\/wp-json\/wp\/v2\/comments?post=1752"}],"version-history":[{"count":28,"href":"https:\/\/instalaciondetarimas.com\/madera-maciza-interior\/wp-json\/wp\/v2\/posts\/1752\/revisions"}],"predecessor-version":[{"id":2143,"href":"https:\/\/instalaciondetarimas.com\/madera-maciza-interior\/wp-json\/wp\/v2\/posts\/1752\/revisions\/2143"}],"wp:featuredmedia":[{"embeddable":true,"href":"https:\/\/instalaciondetarimas.com\/madera-maciza-interior\/wp-json\/wp\/v2\/media\/1754"}],"wp:attachment":[{"href":"https:\/\/instalaciondetarimas.com\/madera-maciza-interior\/wp-json\/wp\/v2\/media?parent=1752"}],"wp:term":[{"taxonomy":"category","embeddable":true,"href":"https:\/\/instalaciondetarimas.com\/madera-maciza-interior\/wp-json\/wp\/v2\/categories?post=1752"},{"taxonomy":"post_tag","embeddable":true,"href":"https:\/\/instalaciondetarimas.com\/madera-maciza-interior\/wp-json\/wp\/v2\/tags?post=1752"}],"curies":[{"name":"wp","href":"https:\/\/api.w.org\/{rel}","templated":true}]}}