{"id":1556,"date":"2021-12-30T03:12:08","date_gmt":"2021-12-30T02:12:08","guid":{"rendered":"https:\/\/instalaciondetarimas.com\/madera-maciza-interior\/?p=1556"},"modified":"2025-03-25T01:14:47","modified_gmt":"2025-03-25T00:14:47","slug":"oferta-de-tarima-de-jatoba-con-precios-de-fabrica","status":"publish","type":"post","link":"https:\/\/instalaciondetarimas.com\/madera-maciza-interior\/2021\/12\/30\/oferta-de-tarima-de-jatoba-con-precios-de-fabrica\/","title":{"rendered":"Oferta de tarima de jatoba con precios de f\u00e1brica"},"content":{"rendered":"<h1 style=\"text-align: left;\">La tarima de jatoba se fabrica con una madera llena de car\u00e1cter y personalidad<\/h1>\n<p style=\"text-align: left;\"><span style=\"font-size: medium; font-family: arial,helvetica,sans-serif;\">La <strong>tarima de jatoba<\/strong> es una madera noble con tonos rojizos, concretamente su tono se asemeja al denominado color <em>rojo ingl\u00e9s<\/em><\/span><span style=\"font-size: medium; font-family: arial,helvetica,sans-serif;\">. Es un tono elegante y decorativo. Est\u00e9ticamente por las cualidades de este color la madera de jatoba combina muy bien con los tonos azules y los verdes. Y, por supuesto, con tonos neutrales, como el color blanco y el gris.\u00a0<\/span><\/p>\n<p style=\"text-align: left;\"><span style=\"font-size: medium; font-family: arial,helvetica,sans-serif;\">Est\u00e9ticamente la madera de jatoba es mucho m\u00e1s que un suelo, es un suelo con personalidad y con car\u00e1cter<\/span><span style=\"font-size: medium; font-family: arial,helvetica,sans-serif;\">. Porque la <strong>madera de jatoba<\/strong> por sus vetas expresivas, por la <strong>originalidad \u00fanica<\/strong> de cada tabla de madera natural. Algo que jam\u00e1s podr\u00e1 imitar un material sint\u00e9tico, no renovable. <\/span><\/p>\n<div><a href=\"https:\/\/www.houzz.es\/hznb\/fotos\/kahrs-hardwood-flooring-phvw-vp~38803370\" target=\"_blank\" rel=\"follow noopener\"><img loading=\"lazy\" decoding=\"async\" src=\"https:\/\/st.hzcdn.com\/simgs\/pictures\/dining-rooms\/kahrs-hardwood-flooring-green-building-supply-img~9ac1bb5f05e0d47c_8-1079-1-dfc40a6.jpg\" alt=\"suelo de madera con tarima de jatoba\" width=\"500\" height=\"674\" border=\"0\" \/><\/a><\/div>\n<div style=\"color: #444;\"><small><a style=\"text-decoration: none; color: #444;\" href=\"https:\/\/www.houzz.es\/profesionales\/disenadores-e-instaladores-de-cocinas-y-banos\/green-building-supply-pfvwus-pf~58792198\" target=\"_blank\" rel=\"nofollow noopener sponsored\">Espacio creado por Green Building Supply<\/a> &#8211; <a style=\"text-decoration: none; color: #444;\" href=\"https:\/\/www.houzz.es\/fotos\/fotos-de-comedores-phbr0-bp~t_17474\" target=\"_blank\" rel=\"nofollow noopener sponsored\">Ver m\u00e1s fotos de comedores<\/a><\/small><\/div>\n<p>&nbsp;<\/p>\n<h2 style=\"text-align: left;\"><span style=\"font-size: x-large; font-family: arial,helvetica,sans-serif;\">Una tarima de jatoba de madera maciza con clase y mucho m\u00e1s: resistencia f\u00edsica<\/span><\/h2>\n<p style=\"text-align: left;\"><span style=\"font-size: medium; font-family: arial,helvetica,sans-serif;\">La madera de jatoba es muy resistente a la torsi\u00f3n, no se dobla por el peso. Esto se produce por las cualidades de esta madera, porque la jatoba tiene <strong>mucha resistencia a la flexi\u00f3n. <\/strong>De tal modo que su de flexi\u00f3n est\u00e1tica es de<em> 198 &#8211; 206 N\/mm2, en definitiva un valor muy alto. Mucho m\u00e1s que el el pino hoop (300-560 kg\/m3), que tiene una flexi\u00f3n est\u00e1tica menor, de 76-90 N\/mm2.<\/em><\/span><\/p>\n<p style=\"text-align: left;\"><span style=\"font-size: medium; font-family: arial,helvetica,sans-serif;\">Del mismo modo hay otra <strong>cualidad t\u00e9cnica<\/strong> por la que destaca esta madera, se encuentra entre las <a href=\"https:\/\/instalaciondetarimas.com\/blog\/2021\/12\/24\/las-maderas-mas-duras-para-la-fabricacion-de-la-tarima-maciza-de-interior-o-exterior\/\" target=\"_blank\" rel=\"noopener sponsored\">maderas m\u00e1s duras<\/a>\u00a0del mundo, con una <a href=\"https:\/\/instalaciondetarimas.com\/blog\/2017\/04\/21\/la-clasificacion-de-la-madera-por-su-densidad\/\" target=\"_blank\" rel=\"nofollow noopener sponsored\">densidad de su madera<\/a> de hasta 970 Kg\/m3. El doble que el pino silvestre (<em>350 kg\/m3<\/em>) y cerca de un tercio m\u00e1s que el roble (<em>670 kg\/m3<\/em>). La jatoba puede aguantar una humedad continua sin problemas, por eso es adecuada para el exterior. Aguanta en climas muy h\u00famedos (como el ip\u00e9, el cumar\u00fa y otras maderas tropicales, entre las no tropicales el cipr\u00e9s es <a title=\"rastrel de madera imputrescible\" href=\"https:\/\/instalaciondetarimas.com\/blog\/2025\/03\/09\/rastrel-de-madera-imputrescible-para-construcciones-en-la-intemperie\/\" target=\"_blank\" rel=\"noopener sponsored\">imputrescible<\/a> igualmente)<\/span><\/p>\n<p><a href=\"https:\/\/instalaciondetarimas.com\/madera-maciza-interior\/wp-content\/uploads\/sites\/10\/2021\/12\/tarima-maciza.jpg\"><img loading=\"lazy\" decoding=\"async\" class=\"size-full wp-image-1581\" src=\"https:\/\/instalaciondetarimas.com\/madera-maciza-interior\/wp-content\/uploads\/sites\/10\/2021\/12\/tarima-maciza.jpg\" alt=\"foto mosaico de tarima de jatoba, ip\u00e9, doussie, iroko, roble, wengu\u00e9, elondo, cumar\u00fa y sucupira\" width=\"800\" height=\"967\" srcset=\"https:\/\/instalaciondetarimas.com\/madera-maciza-interior\/wp-content\/uploads\/sites\/10\/2021\/12\/tarima-maciza.jpg 800w, https:\/\/instalaciondetarimas.com\/madera-maciza-interior\/wp-content\/uploads\/sites\/10\/2021\/12\/tarima-maciza-248x300.jpg 248w, https:\/\/instalaciondetarimas.com\/madera-maciza-interior\/wp-content\/uploads\/sites\/10\/2021\/12\/tarima-maciza-768x928.jpg 768w, https:\/\/instalaciondetarimas.com\/madera-maciza-interior\/wp-content\/uploads\/sites\/10\/2021\/12\/tarima-maciza-260x315.jpg 260w, https:\/\/instalaciondetarimas.com\/madera-maciza-interior\/wp-content\/uploads\/sites\/10\/2021\/12\/tarima-maciza-140x170.jpg 140w, https:\/\/instalaciondetarimas.com\/madera-maciza-interior\/wp-content\/uploads\/sites\/10\/2021\/12\/tarima-maciza-600x725.jpg 600w\" sizes=\"auto, (max-width: 800px) 100vw, 800px\" \/><\/a> Foto mosaico de tarima maciza de jatoba, ip\u00e9, doussie, iroko, roble blanco americano, wengu\u00e9, elondo, cumar\u00fa y sucupira<\/p>\n<p>&nbsp;<\/p>\n<h3><span style=\"font-size: x-large; font-family: arial,helvetica,sans-serif;\"> Durabilidad natural contra las plagas de insectos.<\/span><\/h3>\n<p style=\"text-align: left;\"><span style=\"font-size: medium; font-family: arial,helvetica,sans-serif;\">Por sus <strong>cualidades naturales sobresalientes<\/strong> es una madera que es muy resistente al\u00a0ataque de\u00a0<span style=\"font-family: arial, helvetica, sans-serif; font-size: medium;\">las <a href=\"https:\/\/instalaciondetarimas.com\/blog\/2021\/12\/08\/clasificacion-de-tarimas-resistentes-al-ataque-de-las-termitas-capitulo-1-a\/\" target=\"_blank\" rel=\"noopener sponsored\">termitas<\/a><\/span> y los hongos,\u00a0<span style=\"font-family: arial, helvetica, sans-serif; font-size: medium;\">resistente a la <a href=\"https:\/\/instalaciondetarimas.com\/blog\/2014\/08\/13\/instalacion-de-tarimas-resistentes-a-la-carcoma\/\" target=\"_blank\" rel=\"noopener sponsored\">carcoma<\/a>, los l\u00edctidos, <\/span> y poco resistente a los xil\u00f3fagos marinos.\u00a0<\/span><\/p>\n<p style=\"text-align: left;\"><span style=\"font-size: medium; font-family: arial,helvetica,sans-serif;\">Debido a esto el <strong>suelo de jatoba<\/strong> se puede emplear al aire libre o en espacios interiores. Eso s\u00ed, la fabricaci\u00f3n es distinta para cada modalidad. El secado para interior oscila entre un 7 y 9% y la de exterior a un 12%.<\/span><\/p>\n<p>&nbsp;<\/p>\n<div>\n<div><a href=\"https:\/\/www.houzz.es\/fotos\/cherry-and-jatoba-stair-phvw-vp~6449201\" target=\"_blank\" rel=\"follow noopener\"><img loading=\"lazy\" decoding=\"async\" src=\"https:\/\/st.hzcdn.com\/simgs\/pictures\/staircases\/cherry-and-jatoba-stair-specialized-stair-and-rail-img~4321c71f026adfd2_8-8200-1-2206738.jpg\" alt=\"\" width=\"500\" height=\"752\" border=\"0\" \/><\/a><\/div>\n<div style=\"color: #444;\"><small><a style=\"text-decoration: none; color: #444;\" href=\"https:\/\/www.houzz.es\/profesionales\/escaleras-y-barandillas\/specialized-stair-and-rail-pfvwus-pf~1258855682\" target=\"_blank\" rel=\"nofollow noopener sponsored\">Espacio creado por Specialized Stair and Rail<\/a> &#8211; <a style=\"text-decoration: none; color: #444;\" href=\"https:\/\/www.houzz.es\/fotos\/fotos-de-escaleras-phbr0-bp~t_17694\" target=\"_blank\" rel=\"nofollow noopener sponsored\">Ver m\u00e1s ejemplos de escaleras<\/a><\/small><\/div>\n<\/div>\n<div><a href=\"https:\/\/www.houzz.es\/fotos\/stairs-and-stairparts-phvw-vp~3353151\" target=\"_blank\" rel=\"follow noopener\"><img loading=\"lazy\" decoding=\"async\" src=\"https:\/\/st.hzcdn.com\/simgs\/pictures\/staircases\/stairs-and-stairparts-horner-millwork-img~fbd115bb015207a8_8-8023-1-8db5e50.jpg\" alt=\"escalera de tarima de jatoba\" width=\"500\" height=\"364\" border=\"0\" \/><\/a><\/div>\n<div style=\"color: #444;\"><small><a style=\"text-decoration: none; color: #444;\" href=\"https:\/\/www.houzz.es\/profesionales\/armarios-de-cocina-y-bano-a-medida\/horner-millwork-pfvwus-pf~59079310\" target=\"_blank\" rel=\"nofollow noopener sponsored\">Espacio creado por Horner Millwork<\/a> &#8211; <a style=\"text-decoration: none; color: #444;\" href=\"https:\/\/www.houzz.es\/fotos\/fotos-de-escaleras-phbr0-bp~t_17694\" target=\"_blank\" rel=\"nofollow noopener sponsored\">Insp\u00edrate con fotos de escaleras<\/a><\/small><\/div>\n<div><\/div>\n<div style=\"color: #444;\"><\/div>\n<p>&nbsp;<\/p>\n<div><a href=\"https:\/\/www.houzz.es\/fotos\/dean-residence-phvw-vp~86251806\" target=\"_blank\" rel=\"follow noopener\"><img loading=\"lazy\" decoding=\"async\" src=\"https:\/\/st.hzcdn.com\/simgs\/pictures\/living-rooms\/dean-residence-bc-construction-img~71115a7a08b0b049_8-7031-1-1c482ad.jpg\" alt=\"suelo de tarima de jatoba\" width=\"500\" height=\"376\" border=\"0\" \/><\/a><\/div>\n<div style=\"color: #444;\"><small><a style=\"text-decoration: none; color: #444;\" href=\"https:\/\/www.houzz.es\/profesionales\/contratistas\/bc-construction-pfvwus-pf~757311517\" target=\"_blank\" rel=\"nofollow noopener sponsored\">Espacio creado por BC Construction<\/a> &#8211; <a style=\"text-decoration: none; color: #444;\" href=\"https:\/\/www.houzz.es\/fotos\/ideas-para-salones-phbr0-bp~t_17470\" target=\"_blank\" rel=\"nofollow noopener sponsored\">M\u00e1s dise\u00f1os de salones<\/a><\/small><\/div>\n<div><\/div>\n<h2 style=\"text-align: left;\"><span style=\"font-size: x-large; font-family: arial,helvetica,sans-serif;\">Denominaciones\u00a0<\/span><span style=\"font-size: x-large; font-family: arial,helvetica,sans-serif;\">de la tarima de la tarima de jatoba<\/span><\/h2>\n<p><span style=\"font-size: medium; font-family: arial,helvetica,sans-serif;\">Denominaciones por pa\u00eds:<\/span><\/p>\n<ul>\n<li><span style=\"font-size: medium; font-family: arial,helvetica,sans-serif;\">Las Antillas:<em> copalier.<\/em><\/span><\/li>\n<li><span style=\"font-size: medium; font-family: arial,helvetica,sans-serif;\">America Central: <em>Guapinol, Algarrobo.<\/em><\/span><\/li>\n<li><span style=\"font-size: medium; font-family: arial,helvetica,sans-serif;\">Brasil: jatoba, <em>jutai, copal, jatai.<\/em><\/span><\/li>\n<li><span style=\"font-size: medium; font-family: arial,helvetica,sans-serif;\">Colombia: <em>arenilla, zapan negro. <\/em><\/span><\/li>\n<li><span style=\"font-size: medium; font-family: arial,helvetica,sans-serif;\">Guayana: <em>west indian locust.<\/em><\/span><\/li>\n<li><span style=\"font-size: medium; font-family: arial,helvetica,sans-serif;\">Per\u00fa: <em>azucar- huayo. <\/em><\/span><\/li>\n<li><span style=\"font-size: medium; font-family: arial,helvetica,sans-serif;\">Surinan: <em>Rode locust. <\/em><\/span><\/li>\n<li><span style=\"font-size: medium; font-family: arial,helvetica,sans-serif;\">Venezuela: <em>Algarrobo.<\/em><\/span><\/li>\n<li><span style=\"font-size: medium; font-family: arial,helvetica,sans-serif;\">M\u00e9xico: <em>gaupinol. <\/em><\/span><\/li>\n<li><span style=\"font-size: medium; font-family: arial,helvetica,sans-serif;\">Puerto Rico: <em>algarrobo.<\/em><\/span><\/li>\n<\/ul>\n<p>&nbsp;<\/p>\n<div><a href=\"https:\/\/www.houzz.es\/fotos\/devos-woodworking-brazilian-cherry-jatoba-island-top-phvw-vp~11118679\" target=\"_blank\" rel=\"follow noopener\"><img loading=\"lazy\" decoding=\"async\" src=\"https:\/\/st.hzcdn.com\/simgs\/pictures\/kitchens\/devos-woodworking-brazilian-cherry-jatoba-island-top-devos-custom-woodworking-img~a3f1be61034c4616_8-3064-1-9889eaf.jpg\" alt=\"\" width=\"500\" height=\"376\" border=\"0\" \/><\/a><\/div>\n<div style=\"color: #444;\"><small><a style=\"text-decoration: none; color: #444;\" href=\"https:\/\/www.houzz.es\/profesionales\/azulejos-y-encimeras\/devos-custom-woodworking-pfvwus-pf~1351045271\">Espacio creado por DeVos Custom Woodworking<\/a> &#8211; <a style=\"text-decoration: none; color: #444;\" href=\"https:\/\/www.houzz.es\/fotos\/ideas-para-cocinas-phbr0-bp~t_17189\">Ver m\u00e1s fotos de cocinas<\/a><\/small><\/div>\n<div><\/div>\n<div><a href=\"https:\/\/www.houzz.es\/fotos\/devos-woodworking-brazilian-cherry-jatoba-island-top-phvw-vp~11118746\" target=\"_blank\" rel=\"follow noopener\"><img loading=\"lazy\" decoding=\"async\" src=\"https:\/\/st.hzcdn.com\/simgs\/pictures\/kitchens\/devos-woodworking-brazilian-cherry-jatoba-island-top-devos-custom-woodworking-img~bde15fea034c469d_8-3063-1-dde58c1.jpg\" alt=\"\" width=\"500\" height=\"376\" border=\"0\" \/><\/a><\/div>\n<div style=\"color: #444;\"><small><a style=\"text-decoration: none; color: #444;\" href=\"https:\/\/www.houzz.es\/profesionales\/azulejos-y-encimeras\/devos-custom-woodworking-pfvwus-pf~1351045271\">Espacio creado por DeVos Custom Woodworking<\/a> &#8211; <a style=\"text-decoration: none; color: #444;\" href=\"https:\/\/www.houzz.es\/fotos\/ideas-para-cocinas-phbr0-bp~t_17189\">Ver m\u00e1s ejemplos de cocinas<\/a><\/small><\/div>\n<div><\/div>\n<div>\n<div  class=\"et_lb_module et_lb_note-block\">\r\n\t\t\t\t\t<div class='et_lb_note'>\r\n\t\t\t\t\t\t<div class='et_lb_note-inner'>\r\n\t\t\t\t\t\t\t<div class='et_lb_note-content clearfix'>\n<div  class=\"et_lb_module et_lb_list et_lb_list_arrow\">\n<h3><span style=\"font-size: x-large;\">Si est\u00e1s pensando en hacer una instalaci\u00f3n de interior o exterior \u00bfQu\u00e9 te podemos ofrecer? <\/span><\/h3>\n<ul>\n<li><span style=\"font-size: medium; font-family: arial,helvetica,sans-serif;\"><strong>Asesor\u00eda<\/strong> sobre materiales y t\u00e9cnicas si te animas a hacer t\u00fa mismo la instalaci\u00f3n. <\/span><\/li>\n<li><span style=\"font-size: medium; font-family: arial,helvetica,sans-serif;\">Plano de instalaci\u00f3n paso a paso. <\/span><\/li>\n<li><span style=\"font-size: medium; font-family: arial,helvetica,sans-serif;\"><a title=\"cepillado y barnizado de tarima\" href=\"https:\/\/instalaciondetarimas.com\/madera-maciza-interior\/2022\/07\/27\/oferta-de-cepillado-y-barnizado-de-tarima-maciza\/\" target=\"_blank\" rel=\"noopener sponsored\">Cepillado y barnizado de tarima<\/a><\/span><\/li>\n<li><span style=\"font-size: medium; font-family: arial,helvetica,sans-serif;\"><strong>Suministro<\/strong> de los mejores <strong>tarimas premium<\/strong>. <\/span><\/li>\n<li><span style=\"font-size: medium; font-family: arial,helvetica,sans-serif;\"><strong>Venta<\/strong> de los materiales.<\/span><\/li>\n<li><span style=\"font-size: medium; font-family: arial,helvetica,sans-serif;\"><strong> Instalaci\u00f3n<\/strong> con nuestros materiales premium. <\/span><\/li>\n<li><span style=\"font-size: medium; font-family: arial,helvetica,sans-serif;\"><a title=\"restaurar una tarima exterior\" href=\"https:\/\/instalaciondetarimas.com\/blog\/2016\/07\/12\/restaurar-una-tarima-exterior\/\" target=\"_blank\" rel=\"nofollow noopener sponsored\"><strong>Restaurar<\/strong> una tarima<\/a> que llevase rastreles de pino para sustituirlos por rastrel tropical. <\/span><\/li>\n<li><span style=\"font-size: medium; font-family: arial,helvetica,sans-serif;\"><strong>Lijar y acondicionar<\/strong> una tarima <a title=\"color gris\" href=\"https:\/\/es.wikipedia.org\/wiki\/Gris\" target=\"_blank\" rel=\"nofollow noopener sponsored\">gris<\/a>. <\/span><\/li>\n<li><span style=\"font-size: medium; font-family: arial,helvetica,sans-serif;\"><strong>Mantenimientos<\/strong> anuales por contrato. <\/span><\/li>\n<li><span style=\"font-size: medium; font-family: arial,helvetica,sans-serif;\"><strong>Venta de productos<\/strong> de <em>mantenimiento (barnices, aceites, cetoles, tornillos, adhesivos para <a title=\"adhesivos para tarima\" href=\"https:\/\/instalaciondetarimas.com\/tarima-exterior\/2017\/09\/27\/adhesivo-para-tarima-o-madera\/\" target=\"_blank\" rel=\"noopener sponsored\">exterior<\/a> o interior, <a title=\"Grapas para tarima de acero inoxidable A4 (AISI 316)\" href=\"https:\/\/instalaciondetarimas.com\/blog\/2022\/06\/18\/grapas-para-tarima-de-acero-inoxidable-a4-aisi-316\/\" target=\"_blank\" rel=\"noopener sponsored\">grapas para tarima<\/a>, etc. )<\/em><\/span><\/li>\n<\/ul>\n<\/div> <!-- end .et_lb_list -->\n<\/div> <!-- end .et_lb_note-content-->\r\n\t\t\t\t\t\t<\/div> <!-- end .et_lb_note-inner-->\r\n\t\t\t\t\t<\/div> <!-- end .et_lb_note-->\r\n\t\t\t\t\t<div class='et_lb_note-bottom-left'>\r\n\t\t\t\t\t\t<div class='et_lb_note-bottom-right'>\r\n\t\t\t\t\t\t\t<div class='et_lb_note-bottom-center'><\/div>\r\n\t\t\t\t\t\t<\/div>\r\n\t\t\t\t\t<\/div>\r\n\t\t\t\t<\/div> <!-- end .et_lb_note-block-->\n<\/div>\n<h4>Oferta de tarima de sucupira de interior:<\/h4>\n<p><a href=\"https:\/\/instalaciondetarimas.com\/madera-maciza-interior\/2015\/12\/08\/oferta-de-tarima-de-sucupira-de-madera-maciza\/\" target=\"_blank\" rel=\"noopener sponsored\"><img loading=\"lazy\" decoding=\"async\" class=\"size-full wp-image-1884 aligncenter\" src=\"https:\/\/instalaciondetarimas.com\/madera-maciza-interior\/wp-content\/uploads\/sites\/10\/2021\/12\/oferta-de-sucupira.png\" alt=\"\" width=\"771\" height=\"771\" srcset=\"https:\/\/instalaciondetarimas.com\/madera-maciza-interior\/wp-content\/uploads\/sites\/10\/2021\/12\/oferta-de-sucupira.png 771w, https:\/\/instalaciondetarimas.com\/madera-maciza-interior\/wp-content\/uploads\/sites\/10\/2021\/12\/oferta-de-sucupira-300x300.png 300w, https:\/\/instalaciondetarimas.com\/madera-maciza-interior\/wp-content\/uploads\/sites\/10\/2021\/12\/oferta-de-sucupira-150x150.png 150w, https:\/\/instalaciondetarimas.com\/madera-maciza-interior\/wp-content\/uploads\/sites\/10\/2021\/12\/oferta-de-sucupira-768x768.png 768w, https:\/\/instalaciondetarimas.com\/madera-maciza-interior\/wp-content\/uploads\/sites\/10\/2021\/12\/oferta-de-sucupira-80x80.png 80w, https:\/\/instalaciondetarimas.com\/madera-maciza-interior\/wp-content\/uploads\/sites\/10\/2021\/12\/oferta-de-sucupira-266x266.png 266w, https:\/\/instalaciondetarimas.com\/madera-maciza-interior\/wp-content\/uploads\/sites\/10\/2021\/12\/oferta-de-sucupira-184x184.png 184w\" sizes=\"auto, (max-width: 771px) 100vw, 771px\" \/><\/a><\/p>\n<h3 style=\"text-align: left;\"><span style=\"font-size: x-large; font-family: arial,helvetica,sans-serif;\">Otros usos de la madera de jatoba<\/span><\/h3>\n<p><span style=\"font-size: medium; font-family: arial,helvetica,sans-serif;\">Esta madera por sus cualidades <strong>se emplea en la construcci\u00f3n naval<\/strong>, en la carpinter\u00eda exterior y en climas extremos. Pero, al mismo tiempo, se emplea en el mobiliario y en la ebanister\u00eda para muebles lujosos. <\/span><\/p>\n<p><span style=\"font-size: medium; font-family: arial,helvetica,sans-serif;\">Otros usos:<\/span><\/p>\n<ul>\n<li><span style=\"font-family: arial, helvetica, sans-serif; font-size: medium;\">Talla y escultura.<\/span><\/li>\n<li><span style=\"font-size: medium; font-family: arial,helvetica,sans-serif;\">Torner\u00eda<em>.<\/em><\/span><\/li>\n<li><span style=\"font-size: medium; font-family: arial,helvetica,sans-serif;\">Fabricaci\u00f3n de toneles<em>. <\/em><\/span><\/li>\n<li><span style=\"font-size: medium; font-family: arial,helvetica,sans-serif;\">Instrumentos musicales<em>. <\/em><\/span><\/li>\n<li><span style=\"font-size: medium; font-family: arial,helvetica,sans-serif;\">Chapas para recubrimientos decorativos. <\/span><\/li>\n<li><span style=\"font-size: medium; font-family: arial,helvetica,sans-serif;\">Carpinter\u00eda de lujo de interior: puertas, barandillas, suelos, rodapi\u00e9s, etc<\/span><\/li>\n<\/ul>\n<h6><span style=\"font-size: x-large; font-family: arial,helvetica,sans-serif;\">Textos relacionados con el <a href=\"https:\/\/instalaciondetarimas.com\/madera-maciza-interior\/2019\/04\/12\/precio-de-los-rastreles-para-montar-la-tarima\/\" target=\"_blank\" rel=\"noopener sponsored\">rastrel<\/a>:<\/span><\/h6>\n<ul>\n<li><a href=\"https:\/\/instalaciondetarimas.com\/blog\/2016\/07\/04\/colocacion-de-los-rastreles-tropicales-tumbados-o-de-pie\/\" target=\"_blank\" rel=\"noopener sponsored\">\u00bfC\u00f3mo colocamos el rastrel, tumbado o de pi\u00e9? <\/a><\/li>\n<li><a href=\"https:\/\/instalaciondetarimas.com\/blog\/2019\/02\/09\/colocacion-de-tarima-de-exterior-sobre-rastreles-tropicales-cruzados\/\" target=\"_blank\" rel=\"noopener sponsored\">Rastreles cruzados <\/a><\/li>\n<li><a href=\"https:\/\/instalaciondetarimas.com\/blog\/2020\/02\/18\/la-mejor-colocacion-de-los-rastreles-en-una-terraza\/\" target=\"_blank\" rel=\"noopener sponsored\">C\u00f3mo colocar los rastreles en una terraza <\/a><\/li>\n<li><a href=\"https:\/\/instalaciondetarimas.com\/blog\/2017\/09\/25\/como-aplicar-los-adhesivos-en-la-tarima-de-exterior\/\" target=\"_blank\" rel=\"noopener sponsored\">Sujetar el rastrel con adhesivos <\/a><\/li>\n<li><a href=\"https:\/\/instalaciondetarimas.com\/blog\/2017\/04\/12\/rastrel-con-clavos-de-acero-inoxidable-o-bricomatados\/\" target=\"_blank\" rel=\"noopener sponsored\">Atornillar los rastreles con acero inoxidable <\/a><\/li>\n<li><a href=\"https:\/\/instalaciondetarimas.com\/blog\/2016\/11\/23\/10-anos-de-garantia-en-la-instalacion-de-la-tarima-de-exterior\/\" target=\"_blank\" rel=\"noopener sponsored\">La distancia del rastrel forma parte de la garant\u00eda. <\/a><\/li>\n<li><a href=\"https:\/\/instalaciondetarimas.com\/tarima-exterior\/2021\/12\/19\/como-calcular-los-metros-lineales-de-rastrel-en-funcion-de-la-superficie\/\" target=\"_blank\" rel=\"noopener sponsored\">Calcular los metros lineales de rastrel en funci\u00f3n de la superficie.<\/a><\/li>\n<\/ul>\n<p>Te puede interesar en relaci\u00f3n a las grapas los siguientes textos:<\/p>\n<ul>\n<li><a href=\"https:\/\/instalaciondetarimas.com\/tarima-exterior\/2021\/07\/03\/cuantas-grapas-de-exterior-se-necesitan\/\" target=\"_blank\" rel=\"noopener sponsored\">Calcular el n\u00famero de grapas<\/a><\/li>\n<li><a href=\"https:\/\/instalaciondetarimas.com\/tarima-exterior\/2021\/07\/11\/tecnica-del-atornillado-de-las-grapas\/\" target=\"_blank\" rel=\"noopener sponsored\">Como atornillar las grapas <\/a><\/li>\n<li><a href=\"https:\/\/instalaciondetarimas.com\/blog\/2015\/09\/13\/la-instalacion-de-tarima-exterior\/\" target=\"_blank\" rel=\"noopener sponsored\">La separaci\u00f3n adecuada es una de las 7 claves de la instalaci\u00f3n exterior<\/a><\/li>\n<\/ul>\n<p>&nbsp;<\/p>\n<h5 class=\"size-full wp-image-2064\" style=\"text-align: center;\"><span style=\"font-size: x-medium;\"><strong><span style=\"font-size: x-large;\">Asesoramiento y presupuestos sin compromiso por tel\u00e9fono ( 91 890 51 61, 636 52 04 08) o en nuestra tienda online:<span style=\"color: #ff0000;\"><br \/>\n<\/span><\/span><\/strong><\/span><\/h5>\n<p><a href=\"https:\/\/instalaciondetarimas.com\/categoria-producto\/tienda-online-de-tarima-maciza-y-productos-para-la-madera\/\" target=\"_blank\" rel=\"noopener sponsored\"><img loading=\"lazy\" decoding=\"async\" class=\"aligncenter size-full wp-image-1189\" src=\"https:\/\/instalaciondetarimas.com\/tarima-exterior\/wp-content\/uploads\/sites\/11\/2016\/01\/TIENDA-copy-400x400.png\" alt=\"\" width=\"400\" height=\"400\" \/><\/a><\/p>\n<h5><span style=\"font-size: x-large; font-family: arial,helvetica,sans-serif;\">Textos sobre tarima maciza interior:<\/span><\/h5>\n<ul>\n<li><span style=\"font-size: medium; font-family: arial, helvetica, sans-serif; color: #333333;\"><a style=\"color: #333333;\" href=\"https:\/\/instalaciondetarimas.com\/madera-maciza-interior\/2017\/12\/08\/el-encolado-con-la-espatula-dentada\/\" target=\"_blank\" rel=\"noopener\">El encolado de la tarima al suelo con esp\u00e1tula dentada <\/a><\/span><\/li>\n<li><span style=\"font-size: medium; font-family: arial, helvetica, sans-serif; color: #333333;\"><a style=\"color: #333333;\" href=\"https:\/\/instalaciondetarimas.com\/tarima-maciza-barnizada\/2015\/12\/30\/como-hacer-la-instalacion-de-la-tarima-maciza-barnizada\/\" target=\"_blank\" rel=\"noopener\">Instalar la tarima que ya viene barnizada en la f\u00e1brica. <\/a><\/span><\/li>\n<li><span style=\"font-size: medium; font-family: arial, helvetica, sans-serif; color: #333333;\"><a style=\"color: #333333;\" href=\"https:\/\/instalaciondetarimas.com\/tarima-maciza-barnizada\/2017\/06\/21\/las-ventajas-del-barnizado-de-fabrica-en-la-tarima-maciza\/\" target=\"_blank\" rel=\"noopener\">Las ventajas de la tarima barnizada de f\u00e1brica<\/a><\/span><\/li>\n<li><span style=\"font-size: medium; font-family: arial, helvetica, sans-serif; color: #333333;\"><a style=\"color: #333333;\" href=\"https:\/\/instalaciondetarimas.com\/madera-maciza-interior\/2017\/05\/08\/la-instalacion-de-la-madera-en-el-suelo-radiante\/\" target=\"_blank\" rel=\"noopener\">La instalaci\u00f3n de la tarima sobre un suelo radiante <\/a><\/span><\/li>\n<li><span style=\"font-size: medium; font-family: arial, helvetica, sans-serif; color: #333333;\"><a style=\"color: #333333;\" href=\"https:\/\/instalaciondetarimas.com\/tarima-maciza-barnizada\/2017\/03\/29\/fotos-tarima-maciza-roble-barnizado\/\" target=\"_blank\" rel=\"noopener\">Fotos de tarima de roble barnizado en la f\u00e1brica. <\/a><\/span><\/li>\n<li><span style=\"font-size: medium; font-family: arial, helvetica, sans-serif; color: #333333;\"><a style=\"color: #333333;\" href=\"https:\/\/instalaciondetarimas.com\/madera-maciza-interior\/2018\/01\/11\/como-secar-el-suelo-al-2-de-humedad-para-poder-pegar-la-tarima-maciza-al-suelo-sin-emplear-el-rastrel\/\" target=\"_blank\" rel=\"noopener\">\u00bfC\u00f3mo secar el suelo al 2% de humedad para poder pegar la tarima maciza al suelo, sin emplear el rastrel?. <\/a><\/span><\/li>\n<li><span style=\"font-size: medium; font-family: arial, helvetica, sans-serif; color: #333333;\"><a style=\"color: #333333;\" href=\"https:\/\/instalaciondetarimas.com\/madera-maciza-interior\/2015\/12\/18\/las-ventajas-de-la-tarima-maciza\/\" target=\"_blank\" rel=\"noopener sponsored\">Las ventajas de la tarima maciza<\/a>. <\/span><\/li>\n<li><span style=\"font-size: medium; font-family: arial, helvetica, sans-serif; color: #333333;\"><a style=\"color: #333333;\" href=\"https:\/\/instalaciondetarimas.com\/enciclopedia-de-la-madera\/2021\/12\/03\/que-es-mejor-una-tarima-flotante-o-maciza\/\" target=\"_blank\" rel=\"noopener sponsored\">\u00bfQu\u00e9 es mejor la tarima maciza o la flotante?<\/a>. <\/span><\/li>\n<li><span style=\"font-size: medium; font-family: arial, helvetica, sans-serif; color: #333333;\"><a href=\"https:\/\/instalaciondetarimas.com\/madera-maciza-interior\/2018\/09\/07\/ficha-de-la-limpieza-del-suelo-tratado-con-el-aceite-de-interior-rubio-monocoat\/\" target=\"_blank\" rel=\"noopener sponsored\">Mantenimiento y limpieza de la tarima interior<\/a>.<\/span><\/li>\n<\/ul>\n<p><strong><span style=\"font-size: x-large; font-family: arial,helvetica,sans-serif;\">Consejos de instalaci\u00f3n generales de la tarima exterior:<\/span><\/strong><\/p>\n<ul>\n<li><span style=\"font-size: medium; font-family: arial, helvetica, sans-serif; color: #333333;\"><a href=\"https:\/\/instalaciondetarimas.com\/tarima-exterior\/2016\/08\/05\/saturador-cetol-wf771-de-sikkens\/\" target=\"_blank\" rel=\"noopener noreferrer\"><span style=\"color: #333333;\">\u00bfLa solera de hormig\u00f3n?<\/span><\/a><\/span><\/li>\n<li><span style=\"font-size: medium; font-family: arial, helvetica, sans-serif; color: #333333;\"><a style=\"color: #333333;\" href=\"https:\/\/instalaciondetarimas.com\/blog\/2016\/07\/04\/colocacion-de-los-rastreles-tropicales-tumbados-o-de-pie\/\" target=\"_blank\" rel=\"noopener noreferrer\">\u00bfC\u00f3mo colocamos los rastreles tumbados o de pie?<\/a><\/span><\/li>\n<li><span style=\"font-size: medium; font-family: arial, helvetica, sans-serif; color: #333333;\"><a style=\"color: #333333;\" href=\"https:\/\/instalaciondetarimas.com\/blog\/2017\/04\/12\/rastrel-con-clavos-de-acero-inoxidable-o-bricomatados\/\" target=\"_blank\" rel=\"noopener noreferrer\">\u00bfM\u00e9todo para fijar los rastreles al suelo? <\/a><\/span><\/li>\n<li><span style=\"font-size: medium; font-family: arial, helvetica, sans-serif; color: #333333;\"><a style=\"color: #333333;\" href=\"https:\/\/instalaciondetarimas.com\/blog\/2014\/08\/03\/las-ventajas-de-la-instalacin-de-tarima-de-exterior-con-rastreles-tropicales\/\" target=\"_blank\" rel=\"noopener noreferrer\">\u00bfPor qu\u00e9 los rastreles deben ser tropicales? <\/a><\/span><\/li>\n<li><span style=\"font-size: medium; font-family: arial, helvetica, sans-serif; color: #333333;\"><a style=\"color: #333333;\" href=\"https:\/\/instalaciondetarimas.com\/tarima-exterior\/2016\/03\/09\/remates-en-la-tarima-exterior-con-grapia\/\" target=\"_blank\" rel=\"noopener noreferrer\">\u00bfC\u00f3mo instalamos la primera l\u00ednea de tarima, atornillada o sin atornillar? <\/a><\/span><\/li>\n<li><span style=\"font-size: medium; font-family: arial, helvetica, sans-serif; color: #333333;\"><a style=\"color: #333333;\" href=\"https:\/\/instalaciondetarimas.com\/blog\/2016\/12\/15\/la-direccion-de-la-instalacion-de-la-tarima\/\" target=\"_blank\" rel=\"noopener noreferrer\">\u00bfCu\u00e1l es la direcci\u00f3n correcta que debe llevar la tarima en la instalaci\u00f3n? <\/a><\/span><\/li>\n<li><span style=\"font-size: medium; font-family: arial, helvetica, sans-serif; color: #333333;\"><a style=\"color: #333333;\" href=\"https:\/\/instalaciondetarimas.com\/tarima-exterior\/2016\/01\/23\/tarima-exterior-con-grapa-vista\/\" target=\"_blank\" rel=\"noopener noreferrer\">\u00bfTarima con sistema de grapa vista o con grapa oculta? <\/a><\/span><\/li>\n<li><span style=\"font-size: medium; font-family: arial, helvetica, sans-serif; color: #333333;\"><a style=\"color: #333333;\" href=\"https:\/\/instalaciondetarimas.com\/blog\/2015\/10\/03\/tarima-de-exterior-resistente-a-los-lictidos-o-la-polilla-de-la-madera\/\" target=\"_blank\" rel=\"noopener noreferrer\">\u00bfQu\u00e9 maderas son las m\u00e1s resistentes?<\/a><\/span><\/li>\n<li><span style=\"font-size: medium; font-family: arial, helvetica, sans-serif; color: #333333;\"><a style=\"color: #333333;\" href=\"https:\/\/instalaciondetarimas.com\/blog\/2016\/11\/23\/10-anos-garantia-la-instalacion-la-tarima-exterior\/\" target=\"_blank\" rel=\"noopener noreferrer\">\u00bfLa instalaci\u00f3n es la clave o son los materiales? <\/a><\/span><\/li>\n<li><span style=\"font-size: medium; font-family: arial, helvetica, sans-serif; color: #333333;\"><a style=\"color: #333333;\" href=\"https:\/\/instalaciondetarimas.com\/blog\/2014\/08\/07\/comparativa-entre-la-tarima-de-exterior-tecnolgica-madera-maciza-de-exterior\/\" target=\"_blank\" rel=\"noopener noreferrer\">\u00bfTarima sint\u00e9tica? No, gracias <\/a><\/span><\/li>\n<li><span style=\"font-size: medium; font-family: arial, helvetica, sans-serif; color: #333333;\"><a style=\"color: #333333;\" href=\"https:\/\/instalaciondetarimas.com\/tarima-exterior\/2017\/05\/30\/las-medidas-las-grapas-tarima-exterior\/\" target=\"_blank\" rel=\"noopener\">Medidas de las grapas para tarima de exterior.<\/a> <\/span><\/li>\n<li><span style=\"font-size: medium; font-family: arial, helvetica, sans-serif; color: #333333;\"><a style=\"color: #333333;\" href=\"https:\/\/instalaciondetarimas.com\/tarima-exterior\/2021\/07\/11\/tecnica-del-atornillado-de-las-grapas\/\" target=\"_blank\" rel=\"noopener sponsored\">\u00bfC\u00f3mo es la t\u00e9cnica del atornillado de las grapas?<\/a>. <\/span><\/li>\n<li><span style=\"font-size: medium; font-family: arial, helvetica, sans-serif; color: #333333;\"><a style=\"color: #333333;\" href=\"https:\/\/instalaciondetarimas.com\/tarima-exterior\/2021\/07\/03\/cuantas-grapas-de-exterior-se-necesitan\/\" target=\"_blank\" rel=\"noopener sponsored\">Calcular el n\u00famero de grapas que necesitar\u00edamos por m2<\/a>.<\/span><\/li>\n<li><a href=\"https:\/\/instalaciondetarimas.com\/blog\/2016\/11\/23\/10-anos-garantia-la-instalacion-la-tarima-exterior\/\" target=\"_blank\" rel=\"noopener noreferrer\"><span style=\"font-size: medium; font-family: arial, helvetica, sans-serif; color: #333333;\">\u00bfLa instalaci\u00f3n es la clave o son los materiales?<\/span><\/a><\/li>\n<li><a href=\"https:\/\/instalaciondetarimas.com\/tarima-exterior\/2017\/05\/30\/las-medidas-las-grapas-tarima-exterior\/\" target=\"_blank\" rel=\"noopener\"><span style=\"font-size: medium; font-family: arial, helvetica, sans-serif; color: #333333;\">Medidas de las grapas para tarima de exterior <\/span><\/a><\/li>\n<li><a href=\"https:\/\/instalaciondetarimas.com\/blog\/2015\/09\/13\/la-instalacion-de-tarima-exterior\/\" target=\"_blank\" rel=\"noopener sponsored\"><span style=\"font-size: medium; font-family: arial, helvetica, sans-serif; color: #333333;\">7 claves de la instalaci\u00f3n exterior<\/span><\/a><\/li>\n<li><a href=\"https:\/\/instalaciondetarimas.com\/blog\/2021\/06\/30\/una-instalacion-duradera-con-una-tarima-de-ipe-exterior\/\" target=\"_blank\" rel=\"noopener sponsored\"><span style=\"font-size: medium; font-family: arial, helvetica, sans-serif; color: #333333;\">Como lograr una instalaci\u00f3n duradera. <\/span><\/a><\/li>\n<li><span style=\"font-size: medium; font-family: arial, helvetica, sans-serif; color: #333333;\"><a href=\"https:\/\/instalaciondetarimas.com\/blog\/2015\/11\/12\/consejos-de-aplicacion-de-lasur-o-aceite-para-tarima-de-exterior\/\" target=\"_blank\" rel=\"noopener sponsored\">Aceite para tarima exterior <\/a><\/span><\/li>\n<li><a href=\"https:\/\/instalaciondetarimas.com\/categoria-producto\/mantenimiento-madera-exterior\/\" target=\"_blank\" rel=\"noopener sponsored\"><span style=\"font-size: medium; font-family: arial, helvetica, sans-serif; color: #333333;\">Todo sobre el mantenimiento<\/span><\/a><\/li>\n<\/ul>\n<p>&nbsp;<\/p>\n<p><span style=\"font-size: x-large; font-family: arial,helvetica,sans-serif;\">| Venta directa en Espa\u00f1a y cualquier parte de Europa | <strong>636 52 04 08<\/strong> | 91 890 51 61 | <a title=\"mailto:tarima@instalaciondetarimas.com?subject=\" href=\"mailto:tarima@instalaciondetarimas.com?subject=\">tarima@instalaciondetarimas.com<\/a> | Especialistas en instalaci\u00f3n en tarimas de exterior y tarima de madera maciza interior | Tarima maciza de exterior: N\u00famero de grapas de exterior por m2 |<\/span><\/p>\n<p style=\"text-align: center;\"><span style=\"font-size: x-large; font-family: arial,helvetica,sans-serif;\">Presupuestos sin compromiso y asesor\u00eda<\/span><\/p>\n<p style=\"text-align: center;\"><span style=\"font-size: x-large; font-family: arial,helvetica,sans-serif;\"> | <strong>636 52 04 08<\/strong> | 91 890 51 61 |<\/span><\/p>\n<!--CusAds0-->\n<div style=\"font-size: 0px; height: 0px; line-height: 0px; margin: 0; padding: 0; clear: both;\"><\/div>","protected":false},"excerpt":{"rendered":"<p>La tarima de jatoba se fabrica con una madera llena de car\u00e1cter y personalidad La tarima de jatoba es una madera noble con tonos rojizos, concretamente su tono se asemeja al denominado color rojo ingl\u00e9s. Es un tono elegante y decorativo. Est\u00e9ticamente por las cualidades de este color la madera de jatoba combina muy bien [&hellip;]<\/p>\n","protected":false},"author":1,"featured_media":1585,"comment_status":"open","ping_status":"open","sticky":false,"template":"","format":"standard","meta":{"footnotes":""},"categories":[84,6,7],"tags":[83],"class_list":["post-1556","post","type-post","status-publish","format-standard","has-post-thumbnail","hentry","category-cabecera","category-madera-maciza","category-tarima-maciza","tag-tarima-de-jatoba"],"yoast_head":"<!-- This site is optimized with the Yoast SEO plugin v27.1.1 - https:\/\/yoast.com\/product\/yoast-seo-wordpress\/ -->\n<title>Tarima de jatoba con precios de f\u00e1brica: Primera calidad<\/title>\n<meta name=\"description\" content=\"Oferta de tarima de jatoba con precios de f\u00e1brica. Una madera maciza rebajada por restos de stock. Calidad certificada: AENOR, IQNET, FSC.\" \/>\n<meta name=\"robots\" content=\"index, follow, max-snippet:-1, max-image-preview:large, max-video-preview:-1\" \/>\n<link rel=\"canonical\" href=\"https:\/\/instalaciondetarimas.com\/madera-maciza-interior\/2021\/12\/30\/oferta-de-tarima-de-jatoba-con-precios-de-fabrica\/\" \/>\n<meta property=\"og:locale\" content=\"es_ES\" \/>\n<meta property=\"og:type\" content=\"article\" \/>\n<meta property=\"og:title\" content=\"Tarima de jatoba con precios de f\u00e1brica: Primera calidad\" \/>\n<meta property=\"og:description\" content=\"Oferta de tarima de jatoba con precios de f\u00e1brica. Una madera maciza rebajada por restos de stock. Calidad certificada: AENOR, IQNET, FSC.\" \/>\n<meta property=\"og:url\" content=\"https:\/\/instalaciondetarimas.com\/madera-maciza-interior\/2021\/12\/30\/oferta-de-tarima-de-jatoba-con-precios-de-fabrica\/\" \/>\n<meta property=\"og:site_name\" content=\"Ofertas de tarima maciza para suelos de interior\" \/>\n<meta property=\"article:published_time\" content=\"2021-12-30T02:12:08+00:00\" \/>\n<meta property=\"article:modified_time\" content=\"2025-03-25T00:14:47+00:00\" \/>\n<meta property=\"og:image\" content=\"https:\/\/instalaciondetarimas.com\/madera-maciza-interior\/wp-content\/uploads\/sites\/10\/2021\/12\/tarima-jatoba.jpg\" \/>\n\t<meta property=\"og:image:width\" content=\"961\" \/>\n\t<meta property=\"og:image:height\" content=\"297\" \/>\n\t<meta property=\"og:image:type\" content=\"image\/jpeg\" \/>\n<meta name=\"author\" content=\"Ribas\" \/>\n<meta name=\"twitter:card\" content=\"summary_large_image\" \/>\n<meta name=\"twitter:label1\" content=\"Escrito por\" \/>\n\t<meta name=\"twitter:data1\" content=\"Ribas\" \/>\n\t<meta name=\"twitter:label2\" content=\"Tiempo de lectura\" \/>\n\t<meta name=\"twitter:data2\" content=\"7 minutos\" \/>\n<script type=\"application\/ld+json\" class=\"yoast-schema-graph\">{\"@context\":\"https:\/\/schema.org\",\"@graph\":[{\"@type\":\"Article\",\"@id\":\"https:\/\/instalaciondetarimas.com\/madera-maciza-interior\/2021\/12\/30\/oferta-de-tarima-de-jatoba-con-precios-de-fabrica\/#article\",\"isPartOf\":{\"@id\":\"https:\/\/instalaciondetarimas.com\/madera-maciza-interior\/2021\/12\/30\/oferta-de-tarima-de-jatoba-con-precios-de-fabrica\/\"},\"author\":{\"name\":\"Ribas\",\"@id\":\"https:\/\/instalaciondetarimas.com\/madera-maciza-interior\/#\/schema\/person\/080df099c3c04ec9642544e2451b38c2\"},\"headline\":\"Oferta de tarima de jatoba con precios de f\u00e1brica\",\"datePublished\":\"2021-12-30T02:12:08+00:00\",\"dateModified\":\"2025-03-25T00:14:47+00:00\",\"mainEntityOfPage\":{\"@id\":\"https:\/\/instalaciondetarimas.com\/madera-maciza-interior\/2021\/12\/30\/oferta-de-tarima-de-jatoba-con-precios-de-fabrica\/\"},\"wordCount\":1182,\"commentCount\":4,\"image\":{\"@id\":\"https:\/\/instalaciondetarimas.com\/madera-maciza-interior\/2021\/12\/30\/oferta-de-tarima-de-jatoba-con-precios-de-fabrica\/#primaryimage\"},\"thumbnailUrl\":\"https:\/\/instalaciondetarimas.com\/madera-maciza-interior\/wp-content\/uploads\/sites\/10\/2021\/12\/tarima-jatoba.jpg\",\"keywords\":[\"tarima de jatoba\"],\"articleSection\":[\"CABECERA\",\"MADERA MACIZA\",\"TARIMA MACIZA\"],\"inLanguage\":\"es\",\"potentialAction\":[{\"@type\":\"CommentAction\",\"name\":\"Comment\",\"target\":[\"https:\/\/instalaciondetarimas.com\/madera-maciza-interior\/2021\/12\/30\/oferta-de-tarima-de-jatoba-con-precios-de-fabrica\/#respond\"]}]},{\"@type\":\"WebPage\",\"@id\":\"https:\/\/instalaciondetarimas.com\/madera-maciza-interior\/2021\/12\/30\/oferta-de-tarima-de-jatoba-con-precios-de-fabrica\/\",\"url\":\"https:\/\/instalaciondetarimas.com\/madera-maciza-interior\/2021\/12\/30\/oferta-de-tarima-de-jatoba-con-precios-de-fabrica\/\",\"name\":\"Tarima de jatoba con precios de f\u00e1brica: Primera calidad\",\"isPartOf\":{\"@id\":\"https:\/\/instalaciondetarimas.com\/madera-maciza-interior\/#website\"},\"primaryImageOfPage\":{\"@id\":\"https:\/\/instalaciondetarimas.com\/madera-maciza-interior\/2021\/12\/30\/oferta-de-tarima-de-jatoba-con-precios-de-fabrica\/#primaryimage\"},\"image\":{\"@id\":\"https:\/\/instalaciondetarimas.com\/madera-maciza-interior\/2021\/12\/30\/oferta-de-tarima-de-jatoba-con-precios-de-fabrica\/#primaryimage\"},\"thumbnailUrl\":\"https:\/\/instalaciondetarimas.com\/madera-maciza-interior\/wp-content\/uploads\/sites\/10\/2021\/12\/tarima-jatoba.jpg\",\"datePublished\":\"2021-12-30T02:12:08+00:00\",\"dateModified\":\"2025-03-25T00:14:47+00:00\",\"author\":{\"@id\":\"https:\/\/instalaciondetarimas.com\/madera-maciza-interior\/#\/schema\/person\/080df099c3c04ec9642544e2451b38c2\"},\"description\":\"Oferta de tarima de jatoba con precios de f\u00e1brica. Una madera maciza rebajada por restos de stock. Calidad certificada: AENOR, IQNET, FSC.\",\"breadcrumb\":{\"@id\":\"https:\/\/instalaciondetarimas.com\/madera-maciza-interior\/2021\/12\/30\/oferta-de-tarima-de-jatoba-con-precios-de-fabrica\/#breadcrumb\"},\"inLanguage\":\"es\",\"potentialAction\":[{\"@type\":\"ReadAction\",\"target\":[\"https:\/\/instalaciondetarimas.com\/madera-maciza-interior\/2021\/12\/30\/oferta-de-tarima-de-jatoba-con-precios-de-fabrica\/\"]}]},{\"@type\":\"ImageObject\",\"inLanguage\":\"es\",\"@id\":\"https:\/\/instalaciondetarimas.com\/madera-maciza-interior\/2021\/12\/30\/oferta-de-tarima-de-jatoba-con-precios-de-fabrica\/#primaryimage\",\"url\":\"https:\/\/instalaciondetarimas.com\/madera-maciza-interior\/wp-content\/uploads\/sites\/10\/2021\/12\/tarima-jatoba.jpg\",\"contentUrl\":\"https:\/\/instalaciondetarimas.com\/madera-maciza-interior\/wp-content\/uploads\/sites\/10\/2021\/12\/tarima-jatoba.jpg\",\"width\":961,\"height\":297,\"caption\":\"foto abanico de tarima de jatoba, doussie, ip\u00e9, cumar\u00fa y wengu\u00e9\"},{\"@type\":\"BreadcrumbList\",\"@id\":\"https:\/\/instalaciondetarimas.com\/madera-maciza-interior\/2021\/12\/30\/oferta-de-tarima-de-jatoba-con-precios-de-fabrica\/#breadcrumb\",\"itemListElement\":[{\"@type\":\"ListItem\",\"position\":1,\"name\":\"Portada\",\"item\":\"https:\/\/instalaciondetarimas.com\/madera-maciza-interior\/\"},{\"@type\":\"ListItem\",\"position\":2,\"name\":\"Oferta de tarima de jatoba con precios de f\u00e1brica\"}]},{\"@type\":\"WebSite\",\"@id\":\"https:\/\/instalaciondetarimas.com\/madera-maciza-interior\/#website\",\"url\":\"https:\/\/instalaciondetarimas.com\/madera-maciza-interior\/\",\"name\":\"Ofertas de tarima maciza para suelos de interior\",\"description\":\"Ofertas de tarima maciza\",\"potentialAction\":[{\"@type\":\"SearchAction\",\"target\":{\"@type\":\"EntryPoint\",\"urlTemplate\":\"https:\/\/instalaciondetarimas.com\/madera-maciza-interior\/?s={search_term_string}\"},\"query-input\":{\"@type\":\"PropertyValueSpecification\",\"valueRequired\":true,\"valueName\":\"search_term_string\"}}],\"inLanguage\":\"es\"},{\"@type\":\"Person\",\"@id\":\"https:\/\/instalaciondetarimas.com\/madera-maciza-interior\/#\/schema\/person\/080df099c3c04ec9642544e2451b38c2\",\"name\":\"Ribas\",\"image\":{\"@type\":\"ImageObject\",\"inLanguage\":\"es\",\"@id\":\"https:\/\/instalaciondetarimas.com\/madera-maciza-interior\/#\/schema\/person\/image\/\",\"url\":\"https:\/\/secure.gravatar.com\/avatar\/53f051e804b18764c53f9952c629b135af8edb7bb2b61711c5175ce506878789?s=96&d=mm&r=g\",\"contentUrl\":\"https:\/\/secure.gravatar.com\/avatar\/53f051e804b18764c53f9952c629b135af8edb7bb2b61711c5175ce506878789?s=96&d=mm&r=g\",\"caption\":\"Ribas\"},\"url\":\"https:\/\/instalaciondetarimas.com\/madera-maciza-interior\/author\/admin\/\"}]}<\/script>\n<!-- \/ Yoast SEO plugin. -->","yoast_head_json":{"title":"Tarima de jatoba con precios de f\u00e1brica: Primera calidad","description":"Oferta de tarima de jatoba con precios de f\u00e1brica. Una madera maciza rebajada por restos de stock. Calidad certificada: AENOR, IQNET, FSC.","robots":{"index":"index","follow":"follow","max-snippet":"max-snippet:-1","max-image-preview":"max-image-preview:large","max-video-preview":"max-video-preview:-1"},"canonical":"https:\/\/instalaciondetarimas.com\/madera-maciza-interior\/2021\/12\/30\/oferta-de-tarima-de-jatoba-con-precios-de-fabrica\/","og_locale":"es_ES","og_type":"article","og_title":"Tarima de jatoba con precios de f\u00e1brica: Primera calidad","og_description":"Oferta de tarima de jatoba con precios de f\u00e1brica. Una madera maciza rebajada por restos de stock. Calidad certificada: AENOR, IQNET, FSC.","og_url":"https:\/\/instalaciondetarimas.com\/madera-maciza-interior\/2021\/12\/30\/oferta-de-tarima-de-jatoba-con-precios-de-fabrica\/","og_site_name":"Ofertas de tarima maciza para suelos de interior","article_published_time":"2021-12-30T02:12:08+00:00","article_modified_time":"2025-03-25T00:14:47+00:00","og_image":[{"width":961,"height":297,"url":"https:\/\/instalaciondetarimas.com\/madera-maciza-interior\/wp-content\/uploads\/sites\/10\/2021\/12\/tarima-jatoba.jpg","type":"image\/jpeg"}],"author":"Ribas","twitter_card":"summary_large_image","twitter_misc":{"Escrito por":"Ribas","Tiempo de lectura":"7 minutos"},"schema":{"@context":"https:\/\/schema.org","@graph":[{"@type":"Article","@id":"https:\/\/instalaciondetarimas.com\/madera-maciza-interior\/2021\/12\/30\/oferta-de-tarima-de-jatoba-con-precios-de-fabrica\/#article","isPartOf":{"@id":"https:\/\/instalaciondetarimas.com\/madera-maciza-interior\/2021\/12\/30\/oferta-de-tarima-de-jatoba-con-precios-de-fabrica\/"},"author":{"name":"Ribas","@id":"https:\/\/instalaciondetarimas.com\/madera-maciza-interior\/#\/schema\/person\/080df099c3c04ec9642544e2451b38c2"},"headline":"Oferta de tarima de jatoba con precios de f\u00e1brica","datePublished":"2021-12-30T02:12:08+00:00","dateModified":"2025-03-25T00:14:47+00:00","mainEntityOfPage":{"@id":"https:\/\/instalaciondetarimas.com\/madera-maciza-interior\/2021\/12\/30\/oferta-de-tarima-de-jatoba-con-precios-de-fabrica\/"},"wordCount":1182,"commentCount":4,"image":{"@id":"https:\/\/instalaciondetarimas.com\/madera-maciza-interior\/2021\/12\/30\/oferta-de-tarima-de-jatoba-con-precios-de-fabrica\/#primaryimage"},"thumbnailUrl":"https:\/\/instalaciondetarimas.com\/madera-maciza-interior\/wp-content\/uploads\/sites\/10\/2021\/12\/tarima-jatoba.jpg","keywords":["tarima de jatoba"],"articleSection":["CABECERA","MADERA MACIZA","TARIMA MACIZA"],"inLanguage":"es","potentialAction":[{"@type":"CommentAction","name":"Comment","target":["https:\/\/instalaciondetarimas.com\/madera-maciza-interior\/2021\/12\/30\/oferta-de-tarima-de-jatoba-con-precios-de-fabrica\/#respond"]}]},{"@type":"WebPage","@id":"https:\/\/instalaciondetarimas.com\/madera-maciza-interior\/2021\/12\/30\/oferta-de-tarima-de-jatoba-con-precios-de-fabrica\/","url":"https:\/\/instalaciondetarimas.com\/madera-maciza-interior\/2021\/12\/30\/oferta-de-tarima-de-jatoba-con-precios-de-fabrica\/","name":"Tarima de jatoba con precios de f\u00e1brica: Primera calidad","isPartOf":{"@id":"https:\/\/instalaciondetarimas.com\/madera-maciza-interior\/#website"},"primaryImageOfPage":{"@id":"https:\/\/instalaciondetarimas.com\/madera-maciza-interior\/2021\/12\/30\/oferta-de-tarima-de-jatoba-con-precios-de-fabrica\/#primaryimage"},"image":{"@id":"https:\/\/instalaciondetarimas.com\/madera-maciza-interior\/2021\/12\/30\/oferta-de-tarima-de-jatoba-con-precios-de-fabrica\/#primaryimage"},"thumbnailUrl":"https:\/\/instalaciondetarimas.com\/madera-maciza-interior\/wp-content\/uploads\/sites\/10\/2021\/12\/tarima-jatoba.jpg","datePublished":"2021-12-30T02:12:08+00:00","dateModified":"2025-03-25T00:14:47+00:00","author":{"@id":"https:\/\/instalaciondetarimas.com\/madera-maciza-interior\/#\/schema\/person\/080df099c3c04ec9642544e2451b38c2"},"description":"Oferta de tarima de jatoba con precios de f\u00e1brica. Una madera maciza rebajada por restos de stock. Calidad certificada: AENOR, IQNET, FSC.","breadcrumb":{"@id":"https:\/\/instalaciondetarimas.com\/madera-maciza-interior\/2021\/12\/30\/oferta-de-tarima-de-jatoba-con-precios-de-fabrica\/#breadcrumb"},"inLanguage":"es","potentialAction":[{"@type":"ReadAction","target":["https:\/\/instalaciondetarimas.com\/madera-maciza-interior\/2021\/12\/30\/oferta-de-tarima-de-jatoba-con-precios-de-fabrica\/"]}]},{"@type":"ImageObject","inLanguage":"es","@id":"https:\/\/instalaciondetarimas.com\/madera-maciza-interior\/2021\/12\/30\/oferta-de-tarima-de-jatoba-con-precios-de-fabrica\/#primaryimage","url":"https:\/\/instalaciondetarimas.com\/madera-maciza-interior\/wp-content\/uploads\/sites\/10\/2021\/12\/tarima-jatoba.jpg","contentUrl":"https:\/\/instalaciondetarimas.com\/madera-maciza-interior\/wp-content\/uploads\/sites\/10\/2021\/12\/tarima-jatoba.jpg","width":961,"height":297,"caption":"foto abanico de tarima de jatoba, doussie, ip\u00e9, cumar\u00fa y wengu\u00e9"},{"@type":"BreadcrumbList","@id":"https:\/\/instalaciondetarimas.com\/madera-maciza-interior\/2021\/12\/30\/oferta-de-tarima-de-jatoba-con-precios-de-fabrica\/#breadcrumb","itemListElement":[{"@type":"ListItem","position":1,"name":"Portada","item":"https:\/\/instalaciondetarimas.com\/madera-maciza-interior\/"},{"@type":"ListItem","position":2,"name":"Oferta de tarima de jatoba con precios de f\u00e1brica"}]},{"@type":"WebSite","@id":"https:\/\/instalaciondetarimas.com\/madera-maciza-interior\/#website","url":"https:\/\/instalaciondetarimas.com\/madera-maciza-interior\/","name":"Ofertas de tarima maciza para suelos de interior","description":"Ofertas de tarima maciza","potentialAction":[{"@type":"SearchAction","target":{"@type":"EntryPoint","urlTemplate":"https:\/\/instalaciondetarimas.com\/madera-maciza-interior\/?s={search_term_string}"},"query-input":{"@type":"PropertyValueSpecification","valueRequired":true,"valueName":"search_term_string"}}],"inLanguage":"es"},{"@type":"Person","@id":"https:\/\/instalaciondetarimas.com\/madera-maciza-interior\/#\/schema\/person\/080df099c3c04ec9642544e2451b38c2","name":"Ribas","image":{"@type":"ImageObject","inLanguage":"es","@id":"https:\/\/instalaciondetarimas.com\/madera-maciza-interior\/#\/schema\/person\/image\/","url":"https:\/\/secure.gravatar.com\/avatar\/53f051e804b18764c53f9952c629b135af8edb7bb2b61711c5175ce506878789?s=96&d=mm&r=g","contentUrl":"https:\/\/secure.gravatar.com\/avatar\/53f051e804b18764c53f9952c629b135af8edb7bb2b61711c5175ce506878789?s=96&d=mm&r=g","caption":"Ribas"},"url":"https:\/\/instalaciondetarimas.com\/madera-maciza-interior\/author\/admin\/"}]}},"_links":{"self":[{"href":"https:\/\/instalaciondetarimas.com\/madera-maciza-interior\/wp-json\/wp\/v2\/posts\/1556","targetHints":{"allow":["GET"]}}],"collection":[{"href":"https:\/\/instalaciondetarimas.com\/madera-maciza-interior\/wp-json\/wp\/v2\/posts"}],"about":[{"href":"https:\/\/instalaciondetarimas.com\/madera-maciza-interior\/wp-json\/wp\/v2\/types\/post"}],"author":[{"embeddable":true,"href":"https:\/\/instalaciondetarimas.com\/madera-maciza-interior\/wp-json\/wp\/v2\/users\/1"}],"replies":[{"embeddable":true,"href":"https:\/\/instalaciondetarimas.com\/madera-maciza-interior\/wp-json\/wp\/v2\/comments?post=1556"}],"version-history":[{"count":2,"href":"https:\/\/instalaciondetarimas.com\/madera-maciza-interior\/wp-json\/wp\/v2\/posts\/1556\/revisions"}],"predecessor-version":[{"id":2146,"href":"https:\/\/instalaciondetarimas.com\/madera-maciza-interior\/wp-json\/wp\/v2\/posts\/1556\/revisions\/2146"}],"wp:featuredmedia":[{"embeddable":true,"href":"https:\/\/instalaciondetarimas.com\/madera-maciza-interior\/wp-json\/wp\/v2\/media\/1585"}],"wp:attachment":[{"href":"https:\/\/instalaciondetarimas.com\/madera-maciza-interior\/wp-json\/wp\/v2\/media?parent=1556"}],"wp:term":[{"taxonomy":"category","embeddable":true,"href":"https:\/\/instalaciondetarimas.com\/madera-maciza-interior\/wp-json\/wp\/v2\/categories?post=1556"},{"taxonomy":"post_tag","embeddable":true,"href":"https:\/\/instalaciondetarimas.com\/madera-maciza-interior\/wp-json\/wp\/v2\/tags?post=1556"}],"curies":[{"name":"wp","href":"https:\/\/api.w.org\/{rel}","templated":true}]}}